{"id":115665,"date":"2025-04-01T10:48:25","date_gmt":"2025-04-01T10:48:25","guid":{"rendered":"https:\/\/tvbrazilusa.com\/2025\/04\/01\/eua-acusam-brasil-de-impor-barreiras-comerciais-e-criticam-taxas\/"},"modified":"2025-04-01T10:48:27","modified_gmt":"2025-04-01T10:48:27","slug":"eua-acusam-brasil-de-impor-barreiras-comerciais-e-criticam-taxas","status":"publish","type":"post","link":"https:\/\/tvbrazilusa.com\/pt\/2025\/04\/01\/eua-acusam-brasil-de-impor-barreiras-comerciais-e-criticam-taxas\/","title":{"rendered":"EUA acusam Brasil de impor barreiras comerciais e criticam taxas"},"content":{"rendered":"<p> <script async src=\"https:\/\/pagead2.googlesyndication.com\/pagead\/js\/adsbygoogle.js?client=ca-pub-8864793242727901\"\r\n     crossorigin=\"anonymous\"><\/script><br \/>\n<\/p>\n<div id=\"taboola-read-more\" style=\"display:block; width:100%\">\n<p>O governo do presidente dos Estados Unidos, Donald Trump (republicano), publicou um relat\u00f3rio nesta 2\u00aa feira (31.mar.2025) em que acusa o Brasil e outros pa\u00edses de impor barreiras comerciais contra produtos e exportadores norte-americanos.\n<\/p>\n<p>No documento, o governo do pa\u00eds critica os impostos brasileiros e classifica como desleais as taxas aplicadas ao etanol, cacha\u00e7a e produtos eletr\u00f4nicos.<\/p>\n<p>O \u201cNational Trade Estimate Report on Foreign Trade Barriers\u201d \u00e9 divulgado anualmente pelo USTR (Escrit\u00f3rio do Representante Comercial dos EUA, em portugu\u00eas). Neste ano, a publica\u00e7\u00e3o se deu 2 dias antes do \u201ctarifa\u00e7o\u201d que ser\u00e1 anunciado por Trump.\n<\/p>\n<p>Leia abaixo o que diz um trecho do relat\u00f3rio de 397 p\u00e1ginas:\n<\/p>\n<p>\u201cO Brasil imp\u00f5e tarifas relativamente altas sobre importa\u00e7\u00f5es em diversos setores, incluindo autom\u00f3veis, pe\u00e7as automotivas, tecnologia da informa\u00e7\u00e3o e eletr\u00f4nicos, produtos qu\u00edmicos, pl\u00e1sticos, m\u00e1quinas industriais, a\u00e7o, t\u00eaxteis e vestu\u00e1rio. Al\u00e9m disso, as tarifas consolidadas do Brasil costumam ser muito mais altas do que as tarifas aplicadas, e os exportadores dos EUA enfrentam grande incerteza no mercado brasileiro, pois o governo frequentemente modifica as tarifas. A falta de previsibilidade das tarifas torna dif\u00edcil para os exportadores dos EUA preverem os custos de fazer neg\u00f3cios no Brasil.\u201d\n<\/p>\n<p>Eis outros pontos considerados pelos EUA como barreiras impostas pelo Brasil:\n<\/p>\n<p><strong>Barreiras n\u00e3o tarif\u00e1rias:<\/strong>\n<\/p>\n<ul>\n<li>proibi\u00e7\u00f5es de importa\u00e7\u00e3o \u2013 \u201cO Brasil restringe a entrada de certos tipos de bens remanufaturados. A importa\u00e7\u00e3o desses produtos s\u00f3 \u00e9 permitida se o importador comprovar que eles n\u00e3o s\u00e3o ou n\u00e3o podem ser produzidos domesticamente, ou se atenderem a certas exce\u00e7\u00f5es limitadas\u201d;<\/li>\n<li>licenciamento de importa\u00e7\u00e3o \u2013 \u201cO sistema de licenciamento n\u00e3o autom\u00e1tico se aplica a produtos que requerem autoriza\u00e7\u00e3o de minist\u00e9rios ou ag\u00eancias espec\u00edficas, como commodities agr\u00edcolas e bebidas A falta de transpar\u00eancia nesses processos dificulta as exporta\u00e7\u00f5es dos EUA. No setor automotivo, atrasos na emiss\u00e3o de licen\u00e7as de importa\u00e7\u00e3o n\u00e3o autom\u00e1ticas impactam negativamente as exporta\u00e7\u00f5es de ve\u00edculos e pe\u00e7as automotivas dos EUA para o Brasil.\u201d<\/li>\n<\/ul>\n<p><strong>Barreiras sanit\u00e1rias:<\/strong>\n<\/p>\n<ul>\n<li>biocombust\u00edveis \u2013 \u201ca pol\u00edtica nacional de biocombust\u00edveis do Brasil incentiva o desenvolvimento e uso de biocombust\u00edveis por meio da cria\u00e7\u00e3o de um mercado de cr\u00e9ditos de carbono para compensar emiss\u00f5es de gases de efeito estufa. No entanto, as regras atuais do programa impedem que produtores estrangeiros participem e se qualifiquem para cr\u00e9ditos de carbono\u201d.<\/li>\n<li>vinhos \u2013 \u201co Brasil exige documenta\u00e7\u00e3o duplicada para a importa\u00e7\u00e3o de vinhos. Exige que vinhos importados tenham tanto um certificado de an\u00e1lise quanto um relat\u00f3rio de pr\u00e9-certifica\u00e7\u00e3o de inspe\u00e7\u00e3o emitido por um laborat\u00f3rio brasileiro\u201d;<\/li>\n<li>telecomunica\u00e7\u00f5es \u2013 \u201cdesde dezembro de 2021, a Ag\u00eancia Nacional de Telecomunica\u00e7\u00f5es exige aprova\u00e7\u00e3o pr\u00e9via para a importa\u00e7\u00e3o de produtos de telecomunica\u00e7\u00f5es destinados a uso e venda no Brasil, com exce\u00e7\u00f5es para produtos destinados \u00e0 demonstra\u00e7\u00e3o, uso pr\u00f3prio, pesquisa cient\u00edfica ou manufatura para exporta\u00e7\u00e3o\u201d;<\/li>\n<li>suinocultura \u2013 \u201co mercado brasileiro continua fechado para carne su\u00edna fresca e congelada dos EUA. O Brasil argumenta que importa\u00e7\u00f5es de carne su\u00edna dos EUA representam riscos associados \u00e0 Peste Su\u00edna Africana, mas n\u00e3o apresentou evid\u00eancias cient\u00edficas que justifiquem a proibi\u00e7\u00e3o.\u201d<\/li>\n<\/ul>\n<p><strong>Barreiras aduaneiras:<\/strong>\n<\/p>\n<ul>\n<li>dizem haver inconsist\u00eancias nos requisitos de documenta\u00e7\u00e3o para importa\u00e7\u00e3o de certos bens;<br \/>criticam mudan\u00e7a nos requisitos para admiss\u00e3o tempor\u00e1ria de bens, o que, segundo o pa\u00eds, dificulta a entrada de amostras, equipamentos ou materiais para exposi\u00e7\u00f5es sem pagamento de tarifas alfandeg\u00e1rias.<\/li>\n<\/ul>\n<p><strong>Compras governamentais:<\/strong>\n<\/p>\n<ul>\n<li>fornecedores internacionais \u2013 \u201co Brasil ainda imp\u00f5e restri\u00e7\u00f5es e prefere fornecedores nacionais. Empresas estatais s\u00f3 podem contratar servi\u00e7os estrangeiros se n\u00e3o houver expertise nacional dispon\u00edvel, e empresas estrangeiras s\u00f3 podem participar de licita\u00e7\u00f5es para servi\u00e7os t\u00e9cnicos se n\u00e3o houver empresas brasileiras qualificadas.\u201d<\/li>\n<\/ul>\n<p><strong>LULA DIZ QUE HAVER\u00c1 REA\u00c7\u00c3O<\/strong>\n<\/p>\n<p>O presidente Luiz In\u00e1cio Lula da Silva (PT) prometeu na 4\u00aa feira (26.mar) sobretaxar produtos dos Estados Unidos caso um recurso na OMC (Organiza\u00e7\u00e3o Mundial do Com\u00e9rcio) n\u00e3o resolva a quest\u00e3o das taxas adicionais cobradas por Trump ao a\u00e7o e ao alum\u00ednio brasileiros.\n<\/p>\n<p>\u201cDa parte do Brasil, ele [Trump] taxou o a\u00e7o brasileiro em 25%. N\u00f3s temos duas decis\u00f5es a fazer. Uma \u00e9 recorrer \u00e0 Organiza\u00e7\u00e3o Mundial do Com\u00e9rcio, que n\u00f3s vamos recorrer, e a outra \u00e9 a gente sobretaxar os produtos norte-americanos que importamos. \u00c9 colocar em pr\u00e1tica a lei da reciprocidade. N\u00e3o d\u00e1 para a gente ficar quieto achando que s\u00f3 eles t\u00eam raz\u00e3o e que s\u00f3 eles podem taxar os produtos\u201d, declarou o petista em entrevista a jornalistas, no Jap\u00e3o.\n<\/p>\n<p>Depois, Lula disse que, antes de impor reciprocidade \u00e0s taxa\u00e7\u00f5es cobradas pelo republicano, o Brasil vai optar por negocia\u00e7\u00f5es. A declara\u00e7\u00e3o foi dada durante discurso no F\u00f3rum Brasil-Vietn\u00e3 no s\u00e1bado (29.mar).\n<\/p>\n<p><strong>Poder 360<\/strong>              <\/p>\n<\/div>\n<p><br \/>\n<br \/><a href=\"https:\/\/diariodobrasilnoticias.com.br\/noticia\/eua-acusam-brasil-de-impor-barreiras-comerciais-e-criticam-taxas-67ebc2a6839c9\">Source link <\/a><\/p>","protected":false},"excerpt":{"rendered":"<p>O governo do presidente dos Estados Unidos, Donald Trump (republicano), publicou um relat\u00f3rio nesta 2\u00aa feira (31.mar.2025) em que acusa o Brasil e outros pa\u00edses de impor barreiras comerciais contra&hellip;<\/p>","protected":false},"author":1,"featured_media":115666,"comment_status":"closed","ping_status":"open","sticky":false,"template":"","format":"standard","meta":{"content-type":"","footnotes":""},"categories":[16],"tags":[123,2448,5313,1267],"class_list":["post-115665","post","type-post","status-publish","format-standard","has-post-thumbnail","hentry","category-noticias","tag-brasil","tag-diario","tag-noticia","tag-noticias"],"_links":{"self":[{"href":"https:\/\/tvbrazilusa.com\/pt\/wp-json\/wp\/v2\/posts\/115665","targetHints":{"allow":["GET"]}}],"collection":[{"href":"https:\/\/tvbrazilusa.com\/pt\/wp-json\/wp\/v2\/posts"}],"about":[{"href":"https:\/\/tvbrazilusa.com\/pt\/wp-json\/wp\/v2\/types\/post"}],"author":[{"embeddable":true,"href":"https:\/\/tvbrazilusa.com\/pt\/wp-json\/wp\/v2\/users\/1"}],"replies":[{"embeddable":true,"href":"https:\/\/tvbrazilusa.com\/pt\/wp-json\/wp\/v2\/comments?post=115665"}],"version-history":[{"count":1,"href":"https:\/\/tvbrazilusa.com\/pt\/wp-json\/wp\/v2\/posts\/115665\/revisions"}],"predecessor-version":[{"id":115667,"href":"https:\/\/tvbrazilusa.com\/pt\/wp-json\/wp\/v2\/posts\/115665\/revisions\/115667"}],"wp:featuredmedia":[{"embeddable":true,"href":"https:\/\/tvbrazilusa.com\/pt\/wp-json\/wp\/v2\/media\/115666"}],"wp:attachment":[{"href":"https:\/\/tvbrazilusa.com\/pt\/wp-json\/wp\/v2\/media?parent=115665"}],"wp:term":[{"taxonomy":"category","embeddable":true,"href":"https:\/\/tvbrazilusa.com\/pt\/wp-json\/wp\/v2\/categories?post=115665"},{"taxonomy":"post_tag","embeddable":true,"href":"https:\/\/tvbrazilusa.com\/pt\/wp-json\/wp\/v2\/tags?post=115665"}],"curies":[{"name":"wp","href":"https:\/\/api.w.org\/{rel}","templated":true}]}}