{"id":115670,"date":"2025-04-01T10:59:51","date_gmt":"2025-04-01T10:59:51","guid":{"rendered":"https:\/\/tvbrazilusa.com\/2025\/04\/01\/trump-critica-condenacao-de-marine-le-pen-e-um-grande-problema\/"},"modified":"2025-04-01T10:59:53","modified_gmt":"2025-04-01T10:59:53","slug":"trump-critica-condenacao-de-marine-le-pen-e-um-grande-problema","status":"publish","type":"post","link":"https:\/\/tvbrazilusa.com\/pt\/2025\/04\/01\/trump-critica-condenacao-de-marine-le-pen-e-um-grande-problema\/","title":{"rendered":"Trump critica condena\u00e7\u00e3o de Marine Le Pen: &#8216;\u00c9 um grande problema&#8217;"},"content":{"rendered":"<p> <script async src=\"https:\/\/pagead2.googlesyndication.com\/pagead\/js\/adsbygoogle.js?client=ca-pub-8864793242727901\"\r\n     crossorigin=\"anonymous\"><\/script><br \/>\n<\/p>\n<div>\n<figure class=\"post-image\">\n<\/figure>\n<p>            <span style=\"font-size: 12px\">REUTERS\/Nathan Howard<\/span><\/p>\n<p>            <!-- end metas --><br \/>\n            <!-- ADS --><\/p>\n<div id=\"taboola-read-more\" style=\"display:block; width:100%\">\n<p>Questionado sobre a condena\u00e7\u00e3o sofrida pela l\u00edder de ultradireita da Fran\u00e7a, Marine Le Pen, o presidente dos Estados Unidos, Donald Trump, afirmou nesta segunda-feira que o caso \u00e9 um \u201cgrande problema\u201d.\n<\/p>\n<p>Le Pen, do partido de ultradireita Reuni\u00e3o Nacional (RN), foi proibida de concorrer a cargos pol\u00edticos por cinco anos, ap\u00f3s ser considerada culpada de desvio de fundos da Uni\u00e3o Europeia.<\/p>\n<p>\u201cIsso \u00e9 um grande problema. Isso \u00e9 um grande problema. Eu sei muito sobre isso e muitas pessoas pensaram que ela n\u00e3o seria condenada por nada e n\u00e3o sei se isso significa condena\u00e7\u00e3o, mas ela foi proibida de concorrer por cinco anos e era a candidata l\u00edder\u201d, disse Trump.\n<\/p>\n<p>\u201cIsso parece com este pa\u00eds\u201d, acrescentou o presidente, se referindo aos EUA.\n<\/p>\n<p>A condena\u00e7\u00e3o de Le Pen, que era a favorita para a elei\u00e7\u00e3o presidencial de 2027, destruiu suas esperan\u00e7as de vit\u00f3ria. Seu advogado disse que ela entrar\u00e1 com um recurso.<\/p>\n<p>Fonte: CNN Brasil              <\/p>\n<\/div>\n<p>                        <!-- Scripts para conteudo --><\/p>\n<p>            <!-- .\/Scripts para conteudo --><br \/>\n            <!-- .\/Mat\u00e9ria --><\/p>\n<div class=\"row mt-3\">\n<div class=\"col-sm-6\">\n                <!-- Whatsapp channel 3--><br \/>\n                <a href=\"https:\/\/chat.whatsapp.com\/B8Qy6Erx4kb6yTzj3kaDco\" target=\"_blank\"><br \/>\n                  <img decoding=\"async\" src=\"https:\/\/diariodobrasilnoticias.com.br\/assets-site\/images\/bot_whatsapp.png\"\/><\/a>\n              <\/div>\n<div class=\"col-sm-6\">\n                <a href=\"https:\/\/t.me\/+_4gTmi5LKo03OTM5\" target=\"_blank\"><br \/>\n                  <img decoding=\"async\" src=\"https:\/\/diariodobrasilnoticias.com.br\/assets-site\/images\/bot_telegram.png\"\/><\/a>\n              <\/div>\n<\/p><\/div>\n<p>            <!-- end post-navigation --><\/p>\n<p>              <!-- end row --><\/p>\n<p>              <!-- end col-12-->\n                      <\/div>\n<p><br \/>\n<br \/><a href=\"https:\/\/diariodobrasilnoticias.com.br\/noticia\/trump-critica-condenacao-de-marine-le-pen-e-um-grande-problema-67ebbb36ebb0d\">Source link <\/a><\/p>","protected":false},"excerpt":{"rendered":"<p>REUTERS\/Nathan Howard Questionado sobre a condena\u00e7\u00e3o sofrida pela l\u00edder de ultradireita da Fran\u00e7a, Marine Le Pen, o presidente dos Estados Unidos, Donald Trump, afirmou nesta segunda-feira que o caso \u00e9&hellip;<\/p>","protected":false},"author":1,"featured_media":115671,"comment_status":"closed","ping_status":"open","sticky":false,"template":"","format":"standard","meta":{"content-type":"","footnotes":""},"categories":[16],"tags":[123,2448,5313,1267],"class_list":["post-115670","post","type-post","status-publish","format-standard","has-post-thumbnail","hentry","category-noticias","tag-brasil","tag-diario","tag-noticia","tag-noticias"],"_links":{"self":[{"href":"https:\/\/tvbrazilusa.com\/pt\/wp-json\/wp\/v2\/posts\/115670","targetHints":{"allow":["GET"]}}],"collection":[{"href":"https:\/\/tvbrazilusa.com\/pt\/wp-json\/wp\/v2\/posts"}],"about":[{"href":"https:\/\/tvbrazilusa.com\/pt\/wp-json\/wp\/v2\/types\/post"}],"author":[{"embeddable":true,"href":"https:\/\/tvbrazilusa.com\/pt\/wp-json\/wp\/v2\/users\/1"}],"replies":[{"embeddable":true,"href":"https:\/\/tvbrazilusa.com\/pt\/wp-json\/wp\/v2\/comments?post=115670"}],"version-history":[{"count":1,"href":"https:\/\/tvbrazilusa.com\/pt\/wp-json\/wp\/v2\/posts\/115670\/revisions"}],"predecessor-version":[{"id":115672,"href":"https:\/\/tvbrazilusa.com\/pt\/wp-json\/wp\/v2\/posts\/115670\/revisions\/115672"}],"wp:featuredmedia":[{"embeddable":true,"href":"https:\/\/tvbrazilusa.com\/pt\/wp-json\/wp\/v2\/media\/115671"}],"wp:attachment":[{"href":"https:\/\/tvbrazilusa.com\/pt\/wp-json\/wp\/v2\/media?parent=115670"}],"wp:term":[{"taxonomy":"category","embeddable":true,"href":"https:\/\/tvbrazilusa.com\/pt\/wp-json\/wp\/v2\/categories?post=115670"},{"taxonomy":"post_tag","embeddable":true,"href":"https:\/\/tvbrazilusa.com\/pt\/wp-json\/wp\/v2\/tags?post=115670"}],"curies":[{"name":"wp","href":"https:\/\/api.w.org\/{rel}","templated":true}]}}