{"id":115716,"date":"2025-04-01T13:19:39","date_gmt":"2025-04-01T13:19:39","guid":{"rendered":"https:\/\/tvbrazilusa.com\/2025\/04\/01\/bolsonaro-bloqueia-zambelli-no-whatsapp-apos-cobranca-da-deputada\/"},"modified":"2025-04-01T13:19:41","modified_gmt":"2025-04-01T13:19:41","slug":"bolsonaro-bloqueia-zambelli-no-whatsapp-apos-cobranca-da-deputada","status":"publish","type":"post","link":"https:\/\/tvbrazilusa.com\/pt\/2025\/04\/01\/bolsonaro-bloqueia-zambelli-no-whatsapp-apos-cobranca-da-deputada\/","title":{"rendered":"Bolsonaro bloqueia Zambelli no WhatsApp ap\u00f3s cobran\u00e7a da deputada"},"content":{"rendered":"<p> <script async src=\"https:\/\/pagead2.googlesyndication.com\/pagead\/js\/adsbygoogle.js?client=ca-pub-8864793242727901\"\r\n     crossorigin=\"anonymous\"><\/script><br \/>\n<\/p>\n<div id=\"taboola-read-more\" style=\"display:block; width:100%\">\n<p>O ex-presidente Jair Bolsonaro bloqueou a deputada federal Carla Zambelli (PL) no WhatsApp ap\u00f3s receber uma cobran\u00e7a da parlamentar. Na mensagem, ela chegou a argumentar que o aliado \u201cn\u00e3o estava tendo postura de estadista\u201d. A coluna apurou que o bloqueio virtual ocorreu no \u00faltimo feriado do 7 de Setembro, quando a direita realizou uma manifesta\u00e7\u00e3o na Avenida Paulista, e permanece at\u00e9 hoje.\n<\/p>\n<p>O epis\u00f3dio que selou o distanciamento entre Bolsonaro e Zambelli tem como pano de fundo o ato promovido pelo campo conservador naquele dia. Na ocasi\u00e3o, o ex-presidente interrompeu seu discurso no trio el\u00e9trico para criticar o barulho produzido por outro manifestante que, num carro de som posicionado quarteir\u00f5es \u00e0 frente, tamb\u00e9m entoava palavras de ordem contra o ministro Alexandre de Moraes (STF).<\/p>\n<p>\u201cSe esse picareta quer fazer um evento, que anuncie, convoque o povo e fa\u00e7a. N\u00e3o atrapalhe pessoas que est\u00e3o lutando por algo muito s\u00e9rio em nosso pa\u00eds. Eu n\u00e3o sou governador, mas [pe\u00e7o] que a PM arranque a bateria desse carro\u201d, disparou Bolsonaro. Naquele momento, quem discursava no outro trio era o influenciador Marco Ant\u00f4nio Costa. J\u00e1 Zambelli foi a figura mais conhecida do bolsonarismo a prestigiar o carro de som \u201calternativo\u201d.\n<\/p>\n<p>Tarc\u00edsio de Freitas, ent\u00e3o, enviou uma mensagem a Carla Zambelli informando sobre a bronca de Bolsonaro. O governador de S\u00e3o Paulo estava no mesmo trio do ex-presidente, alugado pelo pastor Silas Malafaia, e tinha o objetivo de fazer com que o barulho do caminh\u00e3o \u201calternativo\u201d cessasse durante a fala de Bolsonaro.\n<\/p>\n<p>Ao tomar conhecimento da \u00edntegra do serm\u00e3o protagonizado pelo ex-presidente, Zambelli enviou uma mensagem a Bolsonaro. Nela, disse que o aliado \u201cn\u00e3o estava tendo postura de estadista\u201d ao criticar os oradores do outro carro de som. E argumentou que o inc\u00f4modo com o barulho produzido pelo trio el\u00e9trico alternativo n\u00e3o seria condizente, segundo a deputada, com um ato convocado com a premissa de defender a liberdade de express\u00e3o.\n<\/p>\n<p>Bolsonaro leu a mensagem de Carla Zambelli e, no mesmo momento, decidiu bloquear a parlamentar no WhatsApp. O bloqueio permanece at\u00e9 hoje.\n<\/p>\n<p>Antes mesmo do bloqueio virtual, contudo, Bolsonaro j\u00e1 havia revelado a aliados guardar m\u00e1goa de Zambelli por atribuir sua derrota eleitoral em 2022 ao epis\u00f3dio da arma, ocorrido \u00e0s v\u00e9speras do segundo turno.\n<\/p>\n<p>A reclama\u00e7\u00e3o de bastidor se tornou p\u00fablica ap\u00f3s o ex-presidente falar abertamente sobre o assunto em um podcast. Recentemente, Zambelli revelou estar com depress\u00e3o e tem feito uso de medicamentos para controlar o quadro.\n<\/p>\n<p>\u201cTinha que ter 10 caminh\u00f5es\u201d<br \/>Alvo das reclama\u00e7\u00f5es de Bolsonaro pelo discurso na Avenida Paulista, o influenciador Marco Ant\u00f4nio Costa disse \u00e0 coluna, na ocasi\u00e3o, que n\u00e3o se incomodou com a bronca do ex-presidente.\n<\/p>\n<p>\u201cMeu sonho \u00e9 que houvesse 10 caminh\u00f5es na Avenida Paulista pedindo a responsabiliza\u00e7\u00e3o e o impeachment do Alexandre de Moraes. Ent\u00e3o, para mim, qualquer quest\u00e3o secund\u00e1ria que ocorreu no 7 de Setembro \u00e9 irrelevante e n\u00e3o ajuda na transmiss\u00e3o da mensagem principal\u201d, disse o comunicador bolsonarista, que tem 769 mil seguidores no Instagram.\n<\/p>\n<p>Durante as cr\u00edticas, Bolsonaro n\u00e3o fez men\u00e7\u00e3o nominal a Costa, conhecido como \u201csuperman\u201d.\n<\/p>\n<p>Julgamento<br \/>O Supremo Tribunal Federal (STF) formou, no \u00faltimo dia 25\/3, maioria para condenar a deputada federal Carla Zambelli (PL-SP) a 5 anos e 3 meses de pris\u00e3o, al\u00e9m da perda do mandato parlamentar, pelos crimes de porte ilegal de arma de fogo e constrangimento ilegal.\n<\/p>\n<p>Mesmo com o pedido de vista de Nunes Marques, Cristiano Zanin e Dias Toffoli votaram antecipadamente, ampliando o placar para 6 a 0 pela condena\u00e7\u00e3o da parlamentar, seguindo o voto do relator, Gilmar Mendes. O julgamento ocorreu no Plen\u00e1rio Virtual do STF.\n<\/p>\n<p>O advogado de Carla Zambelli, Daniel Bialski, reclamou, por meio de nota divulgada na ocasi\u00e3o, do \u201ccerceamento do direito de defesa oral\u201d no processo. Como o caso \u00e9 julgado em plen\u00e1rio virtual, a defesa exp\u00f5e seus argumentos em v\u00eddeo.\n<\/p>\n<p>\u201cEssa seria a melhor oportunidade de evidenciar que as premissas colocadas no voto proferido est\u00e3o equivocadas. Esse direito do advogado n\u00e3o pode ser substitu\u00eddo por v\u00eddeo enviado \u2014 cuja certeza de visualiza\u00e7\u00e3o pelos julgadores inexiste. Mas, apesar desse cerceamento da defesa, foram ainda enviados e despachados memoriais com os ministros para motiv\u00e1-los a ter vistas e examinar minuciosamente os autos\u201d, disse o advogado.<\/p>\n<p>Fonte: Metr\u00f3poles              <\/p>\n<\/div>\n<p><br \/>\n<br \/><a href=\"https:\/\/diariodobrasilnoticias.com.br\/noticia\/bolsonaro-bloqueia-zambelli-no-whatsapp-apos-cobranca-da-deputada-67ebcd6aa4d0c\">Source link <\/a><\/p>","protected":false},"excerpt":{"rendered":"<p>O ex-presidente Jair Bolsonaro bloqueou a deputada federal Carla Zambelli (PL) no WhatsApp ap\u00f3s receber uma cobran\u00e7a da parlamentar. Na mensagem, ela chegou a argumentar que o aliado \u201cn\u00e3o estava&hellip;<\/p>","protected":false},"author":1,"featured_media":115717,"comment_status":"closed","ping_status":"open","sticky":false,"template":"","format":"standard","meta":{"content-type":"","footnotes":""},"categories":[16],"tags":[123,2448,5313,1267],"class_list":["post-115716","post","type-post","status-publish","format-standard","has-post-thumbnail","hentry","category-noticias","tag-brasil","tag-diario","tag-noticia","tag-noticias"],"_links":{"self":[{"href":"https:\/\/tvbrazilusa.com\/pt\/wp-json\/wp\/v2\/posts\/115716","targetHints":{"allow":["GET"]}}],"collection":[{"href":"https:\/\/tvbrazilusa.com\/pt\/wp-json\/wp\/v2\/posts"}],"about":[{"href":"https:\/\/tvbrazilusa.com\/pt\/wp-json\/wp\/v2\/types\/post"}],"author":[{"embeddable":true,"href":"https:\/\/tvbrazilusa.com\/pt\/wp-json\/wp\/v2\/users\/1"}],"replies":[{"embeddable":true,"href":"https:\/\/tvbrazilusa.com\/pt\/wp-json\/wp\/v2\/comments?post=115716"}],"version-history":[{"count":1,"href":"https:\/\/tvbrazilusa.com\/pt\/wp-json\/wp\/v2\/posts\/115716\/revisions"}],"predecessor-version":[{"id":115718,"href":"https:\/\/tvbrazilusa.com\/pt\/wp-json\/wp\/v2\/posts\/115716\/revisions\/115718"}],"wp:featuredmedia":[{"embeddable":true,"href":"https:\/\/tvbrazilusa.com\/pt\/wp-json\/wp\/v2\/media\/115717"}],"wp:attachment":[{"href":"https:\/\/tvbrazilusa.com\/pt\/wp-json\/wp\/v2\/media?parent=115716"}],"wp:term":[{"taxonomy":"category","embeddable":true,"href":"https:\/\/tvbrazilusa.com\/pt\/wp-json\/wp\/v2\/categories?post=115716"},{"taxonomy":"post_tag","embeddable":true,"href":"https:\/\/tvbrazilusa.com\/pt\/wp-json\/wp\/v2\/tags?post=115716"}],"curies":[{"name":"wp","href":"https:\/\/api.w.org\/{rel}","templated":true}]}}