{"id":115719,"date":"2025-04-01T13:32:23","date_gmt":"2025-04-01T13:32:23","guid":{"rendered":"https:\/\/tvbrazilusa.com\/2025\/04\/01\/pf-revela-que-rachadinha-no-gabinete-de-janones-bancou-ate-clinica-de-estetica\/"},"modified":"2025-04-01T13:32:26","modified_gmt":"2025-04-01T13:32:26","slug":"pf-revela-que-rachadinha-no-gabinete-de-janones-bancou-ate-clinica-de-estetica","status":"publish","type":"post","link":"https:\/\/tvbrazilusa.com\/pt\/2025\/04\/01\/pf-revela-que-rachadinha-no-gabinete-de-janones-bancou-ate-clinica-de-estetica\/","title":{"rendered":"PF revela que \u2018Rachadinha\u2019 no gabinete de Janones bancou at\u00e9 cl\u00ednica de est\u00e9tica"},"content":{"rendered":"<p> <script async src=\"https:\/\/pagead2.googlesyndication.com\/pagead\/js\/adsbygoogle.js?client=ca-pub-8864793242727901\"\r\n     crossorigin=\"anonymous\"><\/script><br \/>\n<\/p>\n<div id=\"taboola-read-more\" style=\"display:block; width:100%\">\n<p>A Pol\u00edcia Federal reuniu um conjunto robusto de provas que exp\u00f5e o funcionamento de um esquema de apropria\u00e7\u00e3o indevida de parte dos sal\u00e1rios de assessores parlamentares no gabinete do deputado federal Andr\u00e9 Janones (Avante-MG). O esquema, conhecido como \u201crachadinha\u201d, teria ocorrido nos primeiros anos do mandato, entre 2019 e 2020.\n<\/p>\n<p>Assim que tomou posse como deputado, Janones teria come\u00e7ado a reter parte dos vencimentos de dois assessores. De acordo com o relat\u00f3rio final da PF, foram desviados R$ 131 mil por meio do uso do cart\u00e3o de cr\u00e9dito do chefe de gabinete, recurso utilizado para cobrir gastos pessoais do parlamentar.<\/p>\n<p>Entre as despesas listadas pelos investigadores est\u00e3o cl\u00ednicas de est\u00e9tica (mais de R$ 3 mil), compras em supermercados, farm\u00e1cias, restaurantes, lojas de roupas, postos de gasolina e autoescolas, de acordo com a revista\u00a0<em>Veja<\/em>.\n<\/p>\n<p>Somente com m\u00f3veis e eletrodom\u00e9sticos foram consumidos R$ 25 mil, al\u00e9m de R$ 12 mil em roupas. As transa\u00e7\u00f5es ocorreram, principalmente, em Bras\u00edlia e na cidade de Ituiutaba (MG), reduto pol\u00edtico de Janones.\n<\/p>\n<p>Al\u00e9m disso, a Pol\u00edcia Federal identificou que o deputado teria solicitado reembolso da C\u00e2mara por despesas pagas com recursos desviados, o que pode configurar tentativa de enriquecimento il\u00edcito.\n<\/p>\n<p><strong>Janones faz acordo, mas nega confiss\u00e3o<\/strong>\n<\/p>\n<p>Embora tenha formalizado um Acordo de N\u00e3o Persecu\u00e7\u00e3o Penal com a Procuradoria-Geral da Rep\u00fablica (PGR) \u2014 em que se comprometeu a devolver os valores apropriados e a pagar uma multa \u2014, Janones passou a negar qualquer confiss\u00e3o e a exist\u00eancia do crime.\n<\/p>\n<p>A contradi\u00e7\u00e3o entre a vers\u00e3o p\u00fablica do deputado e as conclus\u00f5es da PF foi ressaltada no relat\u00f3rio. O documento confirma que a investiga\u00e7\u00e3o foi baseada em diversos elementos, como laudos periciais, intercepta\u00e7\u00f5es de \u00e1udio, an\u00e1lises banc\u00e1rias e fiscais, dados fornecidos pela C\u00e2mara dos Deputados, relat\u00f3rio de intelig\u00eancia financeira (RIF) e depoimentos de envolvidos.\n<\/p>\n<p>Em setembro, a PF indiciou o parlamentar pelos crimes de peculato, corrup\u00e7\u00e3o passiva e associa\u00e7\u00e3o criminosa. Ainda assim, o acordo fechado com a PGR \u2014 homologado pelo Supremo Tribunal Federal \u2014 impede a continuidade do processo penal, desde que cumpridas as condi\u00e7\u00f5es estabelecidas.\n<\/p>\n<p>O instrumento jur\u00eddico utilizado no caso, chamado Acordo de N\u00e3o Persecu\u00e7\u00e3o Penal, permite que acusados por crimes sem viol\u00eancia, com pena inferior a quatro anos e que envolvam danos considerados de pequeno valor, possam evitar o julgamento penal mediante repara\u00e7\u00e3o e cumprimento de obriga\u00e7\u00f5es pactuadas.\n<\/p>\n<p>Na pr\u00e1tica, o acordo livra Janones de uma poss\u00edvel condena\u00e7\u00e3o criminal, mesmo diante do reconhecimento impl\u00edcito da ilicitude dos atos e do ressarcimento ao Er\u00e1rio.\n<\/p>\n<p><strong>Revista Oeste<\/strong>              <\/p>\n<\/div>\n<p><br \/>\n<br \/><a href=\"https:\/\/diariodobrasilnoticias.com.br\/noticia\/pf-revela-que-rachadinha-no-gabinete-de-janones-bancou-ate-clinica-de-estetica-67ebe5f49872c\">Source link <\/a><\/p>","protected":false},"excerpt":{"rendered":"<p>A Pol\u00edcia Federal reuniu um conjunto robusto de provas que exp\u00f5e o funcionamento de um esquema de apropria\u00e7\u00e3o indevida de parte dos sal\u00e1rios de assessores parlamentares no gabinete do deputado&hellip;<\/p>","protected":false},"author":1,"featured_media":115720,"comment_status":"closed","ping_status":"open","sticky":false,"template":"","format":"standard","meta":{"content-type":"","footnotes":""},"categories":[16],"tags":[123,2448,5313,1267],"class_list":["post-115719","post","type-post","status-publish","format-standard","has-post-thumbnail","hentry","category-noticias","tag-brasil","tag-diario","tag-noticia","tag-noticias"],"_links":{"self":[{"href":"https:\/\/tvbrazilusa.com\/pt\/wp-json\/wp\/v2\/posts\/115719","targetHints":{"allow":["GET"]}}],"collection":[{"href":"https:\/\/tvbrazilusa.com\/pt\/wp-json\/wp\/v2\/posts"}],"about":[{"href":"https:\/\/tvbrazilusa.com\/pt\/wp-json\/wp\/v2\/types\/post"}],"author":[{"embeddable":true,"href":"https:\/\/tvbrazilusa.com\/pt\/wp-json\/wp\/v2\/users\/1"}],"replies":[{"embeddable":true,"href":"https:\/\/tvbrazilusa.com\/pt\/wp-json\/wp\/v2\/comments?post=115719"}],"version-history":[{"count":1,"href":"https:\/\/tvbrazilusa.com\/pt\/wp-json\/wp\/v2\/posts\/115719\/revisions"}],"predecessor-version":[{"id":115721,"href":"https:\/\/tvbrazilusa.com\/pt\/wp-json\/wp\/v2\/posts\/115719\/revisions\/115721"}],"wp:featuredmedia":[{"embeddable":true,"href":"https:\/\/tvbrazilusa.com\/pt\/wp-json\/wp\/v2\/media\/115720"}],"wp:attachment":[{"href":"https:\/\/tvbrazilusa.com\/pt\/wp-json\/wp\/v2\/media?parent=115719"}],"wp:term":[{"taxonomy":"category","embeddable":true,"href":"https:\/\/tvbrazilusa.com\/pt\/wp-json\/wp\/v2\/categories?post=115719"},{"taxonomy":"post_tag","embeddable":true,"href":"https:\/\/tvbrazilusa.com\/pt\/wp-json\/wp\/v2\/tags?post=115719"}],"curies":[{"name":"wp","href":"https:\/\/api.w.org\/{rel}","templated":true}]}}