{"id":115728,"date":"2025-04-01T13:45:00","date_gmt":"2025-04-01T13:45:00","guid":{"rendered":"https:\/\/tvbrazilusa.com\/2025\/04\/01\/um-pouco-de-alegria-fest-de-poesia-jax-jacksonville-hoje\/"},"modified":"2025-04-01T13:50:25","modified_gmt":"2025-04-01T13:50:25","slug":"um-pouco-de-alegria-fest-de-poesia-jax-jacksonville-hoje","status":"publish","type":"post","link":"https:\/\/tvbrazilusa.com\/pt\/2025\/04\/01\/um-pouco-de-alegria-fest-de-poesia-jax-jacksonville-hoje\/","title":{"rendered":"Um pouco de alegria | Fest de poesia Jax | Jacksonville hoje"},"content":{"rendered":"<p> <script async src=\"https:\/\/pagead2.googlesyndication.com\/pagead\/js\/adsbygoogle.js?client=ca-pub-8864793242727901\"\r\n     crossorigin=\"anonymous\"><\/script><br \/>\n<\/p>\n<div>\n<p>A esperan\u00e7a em quest\u00e3o, uma organiza\u00e7\u00e3o sem fins lucrativos local dedicada a capacitar jovens em risco atrav\u00e9s da poesia, est\u00e1 organizando o 10\u00ba Jax Poetry Fest anual este m\u00eas. O evento inclui slams de poesia, concursos de poesia juvenil e workshops gratuitos e abertos a qualquer pessoa. Se voc\u00ea est\u00e1 apenas come\u00e7ando a poesia, deseja refinar seu of\u00edcio ou apenas gostar de ouvir poetas, o festival pretende inspirar a comunidade e incentivar a express\u00e3o criativa para todos. Os eventos s\u00e3o executados o m\u00eas todo. <a href=\"https:\/\/www.jaxpoetryfest.org\/\" rel=\"nofollow noopener\" target=\"_blank\">Veja a programa\u00e7\u00e3o completa<\/a>.<\/p>\n<\/div>\n<p><br \/>\n<br \/><a href=\"https:\/\/jaxtoday.org\/2025\/04\/01\/bit-of-joy-jax-poetry-fest\/\">Source link <\/a><\/p>","protected":false},"excerpt":{"rendered":"<p>A esperan\u00e7a em quest\u00e3o, uma organiza\u00e7\u00e3o sem fins lucrativos local dedicada a capacitar jovens em risco atrav\u00e9s da poesia, est\u00e1 organizando o 10\u00ba Jax Poetry Fest anual este m\u00eas. O&hellip;<\/p>","protected":false},"author":1,"featured_media":115729,"comment_status":"closed","ping_status":"open","sticky":false,"template":"","format":"standard","meta":{"content-type":"","footnotes":""},"categories":[1],"tags":[],"class_list":["post-115728","post","type-post","status-publish","format-standard","has-post-thumbnail","hentry","category-uncategorized"],"_links":{"self":[{"href":"https:\/\/tvbrazilusa.com\/pt\/wp-json\/wp\/v2\/posts\/115728","targetHints":{"allow":["GET"]}}],"collection":[{"href":"https:\/\/tvbrazilusa.com\/pt\/wp-json\/wp\/v2\/posts"}],"about":[{"href":"https:\/\/tvbrazilusa.com\/pt\/wp-json\/wp\/v2\/types\/post"}],"author":[{"embeddable":true,"href":"https:\/\/tvbrazilusa.com\/pt\/wp-json\/wp\/v2\/users\/1"}],"replies":[{"embeddable":true,"href":"https:\/\/tvbrazilusa.com\/pt\/wp-json\/wp\/v2\/comments?post=115728"}],"version-history":[{"count":1,"href":"https:\/\/tvbrazilusa.com\/pt\/wp-json\/wp\/v2\/posts\/115728\/revisions"}],"predecessor-version":[{"id":115730,"href":"https:\/\/tvbrazilusa.com\/pt\/wp-json\/wp\/v2\/posts\/115728\/revisions\/115730"}],"wp:featuredmedia":[{"embeddable":true,"href":"https:\/\/tvbrazilusa.com\/pt\/wp-json\/wp\/v2\/media\/115729"}],"wp:attachment":[{"href":"https:\/\/tvbrazilusa.com\/pt\/wp-json\/wp\/v2\/media?parent=115728"}],"wp:term":[{"taxonomy":"category","embeddable":true,"href":"https:\/\/tvbrazilusa.com\/pt\/wp-json\/wp\/v2\/categories?post=115728"},{"taxonomy":"post_tag","embeddable":true,"href":"https:\/\/tvbrazilusa.com\/pt\/wp-json\/wp\/v2\/tags?post=115728"}],"curies":[{"name":"wp","href":"https:\/\/api.w.org\/{rel}","templated":true}]}}