{"id":115731,"date":"2025-04-01T13:58:41","date_gmt":"2025-04-01T13:58:41","guid":{"rendered":"https:\/\/tvbrazilusa.com\/2025\/04\/01\/crianca-lutou-com-pai-para-salvar-mae-de-feminicidio-tentei-de-tudo\/"},"modified":"2025-04-01T13:58:42","modified_gmt":"2025-04-01T13:58:42","slug":"crianca-lutou-com-pai-para-salvar-mae-de-feminicidio-tentei-de-tudo","status":"publish","type":"post","link":"https:\/\/tvbrazilusa.com\/pt\/2025\/04\/01\/crianca-lutou-com-pai-para-salvar-mae-de-feminicidio-tentei-de-tudo\/","title":{"rendered":"Crian\u00e7a lutou com pai para salvar m\u00e3e de feminic\u00eddio: &#8216;Tentei de tudo&#8217;"},"content":{"rendered":"<p> <script async src=\"https:\/\/pagead2.googlesyndication.com\/pagead\/js\/adsbygoogle.js?client=ca-pub-8864793242727901\"\r\n     crossorigin=\"anonymous\"><\/script><br \/>\n<\/p>\n<div id=\"taboola-read-more\" style=\"display:block; width:100%\">\n<p>O feminic\u00eddio ocorrido no Recanto das Emas na madrugada dessa segunda-feira (31\/3), que resultou na morte de Maria Jos\u00e9 Ferreira dos Santos, aos 31 anos, foi testemunhado por uma das filhas do casal, uma crian\u00e7a de 11 anos. A menina ainda tentou intervir para salvar a m\u00e3e, mas infelizmente n\u00e3o conseguiu e acabou com um corte na m\u00e3o ao tentar puxar a faca das m\u00e3os do pai, Neilton Pereira Soares, 41.\n<\/p>\n<p>A crian\u00e7a relatou ter visto o pai apunhalar a m\u00e3e v\u00e1rias vezes enquanto ela estava deitada. Em um ato de desespero, a menina teria gritado ao pai: \u201cPai, vamos para igreja. Voc\u00ea n\u00e3o est\u00e1 no seu normal\u201d, apelando para a sanidade do algoz. \u201cEu tentei de tudo, mas nada adiantava\u201d, relata a crian\u00e7a.<\/p>\n<p>Ao perceber que a m\u00e3o da filha estava sangrando, a m\u00e3e gritou para a crian\u00e7a sair do quarto, temendo que o pai pudesse mat\u00e1-la tamb\u00e9m. A menina viu o pai esfaquear a m\u00e3e mais de uma vez e em seguida esconder o fac\u00e3o no arm\u00e1rio e fugir. Foi nesse momento que ela pediu socorro \u00e0 tia Naiara Ferreira dos Santos, 26.\n<\/p>\n<p>Naiara afirmou que tudo estava trancado e que Neilton havia planejado o ato, o que dificultava qualquer tentativa de fuga. \u201cEle sabia o que estava fazendo, n\u00e3o teria o que eu pudesse fazer. As chaves estavam na m\u00e3o dele\u201d, disse a irm\u00e3.\n<\/p>\n<p>Ap\u00f3s matar Maria com duas facadas no peito, Neilton mandou um \u00e1udio para a irm\u00e3 da v\u00edtima confessando o crime. Naiara recebeu o \u00e1udio do cunhado, que alegou ter sido \u201cobrigado\u201d a cometer o crime ap\u00f3s uma s\u00e9rie de desentendimentos e rejei\u00e7\u00f5es por parte da v\u00edtima. \u201cEu vinha tentando me aproximar da sua irm\u00e3 e sempre ela vinha s\u00f3 fugindo de mim, s\u00f3 virando as costas o tempo todo, e falando de outro homem. Esse neg\u00f3cio a\u00ed, que eu n\u00e3o aguentei mais\u201d, disse o criminoso.\n<\/p>\n<p>Em entrevista ao Metr\u00f3poles, Naiara conta que a irm\u00e3 j\u00e1 tentava se separar do marido havia algum tempo, mas ele sempre amea\u00e7ava tirar a pr\u00f3pria vida, caso ela desse entrada da papelada. \u201cA fam\u00edlia dele ligava para ela dizendo que se ela o deixasse, e ele se matasse por isso, matariam ela tamb\u00e9m\u201d, conta. \u201cEle era possessivo e muito ciumento\u201d, completa.\n<\/p>\n<p>Maria Jos\u00e9 e Neilton tinham se mudado para Bras\u00edlia havia pouco mais de um m\u00eas. Eles vieram do interior da Bahia com as crian\u00e7as, de 11, 8 e 3 anos, em busca de emprego. O casal vivia no mesmo lote que Naiara. A irm\u00e3 da v\u00edtima disse que, na noite do crime, foi dormir cedo, ap\u00f3s uma pequena confraterniza\u00e7\u00e3o de domingo. Na ocasi\u00e3o, inclusive, tirou uma foto do casal (em destaque).\n<\/p>\n<p>Durante a madrugada, a irm\u00e3 da v\u00edtima disse n\u00e3o ter ouvido nenhuma discuss\u00e3o vindo da casa de Maria Jos\u00e9. \u201cEla era minha parceira. A gente dividia tudo\u201d, disse Naiara, que, agora cuidar\u00e1 dos sobrinhos, com a ajuda de outra irm\u00e3.\n<\/p>\n<p>A Pol\u00edcia Militar do Distrito Federal (PMDF) foi acionada depois que a filha do casal, mesmo com a m\u00e3o machucada, correu at\u00e9 a casa da tia e contou o que tinha acabado de presenciar. O suspeito de cometer o feminic\u00eddio foi encontrado em uma \u00e1rea de mata na Quadra 113, preso em flagrante e levado para a 27\u00aa Delegacia de Pol\u00edcia (Recanto das Emas).\n<\/p>\n<p>De luto, a fam\u00edlia cobra por justi\u00e7a.\n<\/p>\n<p>Fonte: Metr\u00f3poles<\/p>\n<\/p><\/div>\n<p><br \/>\n<br \/><a href=\"https:\/\/diariodobrasilnoticias.com.br\/noticia\/crianca-lutou-com-pai-para-salvar-mae-de-feminicidio-tentei-de-tudo-67ebd6bf87e31\">Source link <\/a><\/p>","protected":false},"excerpt":{"rendered":"<p>O feminic\u00eddio ocorrido no Recanto das Emas na madrugada dessa segunda-feira (31\/3), que resultou na morte de Maria Jos\u00e9 Ferreira dos Santos, aos 31 anos, foi testemunhado por uma das&hellip;<\/p>","protected":false},"author":1,"featured_media":115732,"comment_status":"closed","ping_status":"open","sticky":false,"template":"","format":"standard","meta":{"content-type":"","footnotes":""},"categories":[16],"tags":[123,2448,5313,1267],"class_list":["post-115731","post","type-post","status-publish","format-standard","has-post-thumbnail","hentry","category-noticias","tag-brasil","tag-diario","tag-noticia","tag-noticias"],"_links":{"self":[{"href":"https:\/\/tvbrazilusa.com\/pt\/wp-json\/wp\/v2\/posts\/115731","targetHints":{"allow":["GET"]}}],"collection":[{"href":"https:\/\/tvbrazilusa.com\/pt\/wp-json\/wp\/v2\/posts"}],"about":[{"href":"https:\/\/tvbrazilusa.com\/pt\/wp-json\/wp\/v2\/types\/post"}],"author":[{"embeddable":true,"href":"https:\/\/tvbrazilusa.com\/pt\/wp-json\/wp\/v2\/users\/1"}],"replies":[{"embeddable":true,"href":"https:\/\/tvbrazilusa.com\/pt\/wp-json\/wp\/v2\/comments?post=115731"}],"version-history":[{"count":1,"href":"https:\/\/tvbrazilusa.com\/pt\/wp-json\/wp\/v2\/posts\/115731\/revisions"}],"predecessor-version":[{"id":115733,"href":"https:\/\/tvbrazilusa.com\/pt\/wp-json\/wp\/v2\/posts\/115731\/revisions\/115733"}],"wp:featuredmedia":[{"embeddable":true,"href":"https:\/\/tvbrazilusa.com\/pt\/wp-json\/wp\/v2\/media\/115732"}],"wp:attachment":[{"href":"https:\/\/tvbrazilusa.com\/pt\/wp-json\/wp\/v2\/media?parent=115731"}],"wp:term":[{"taxonomy":"category","embeddable":true,"href":"https:\/\/tvbrazilusa.com\/pt\/wp-json\/wp\/v2\/categories?post=115731"},{"taxonomy":"post_tag","embeddable":true,"href":"https:\/\/tvbrazilusa.com\/pt\/wp-json\/wp\/v2\/tags?post=115731"}],"curies":[{"name":"wp","href":"https:\/\/api.w.org\/{rel}","templated":true}]}}