{"id":115734,"date":"2025-04-01T14:10:08","date_gmt":"2025-04-01T14:10:08","guid":{"rendered":"https:\/\/tvbrazilusa.com\/2025\/04\/01\/banco-notifica-anitta-por-atraso-em-declaracoes-de-bens-no-exterior\/"},"modified":"2025-04-01T14:10:10","modified_gmt":"2025-04-01T14:10:10","slug":"banco-notifica-anitta-por-atraso-em-declaracoes-de-bens-no-exterior","status":"publish","type":"post","link":"https:\/\/tvbrazilusa.com\/pt\/2025\/04\/01\/banco-notifica-anitta-por-atraso-em-declaracoes-de-bens-no-exterior\/","title":{"rendered":"Banco notifica Anitta por atraso em declara\u00e7\u00f5es de bens no exterior"},"content":{"rendered":"<p> <script async src=\"https:\/\/pagead2.googlesyndication.com\/pagead\/js\/adsbygoogle.js?client=ca-pub-8864793242727901\"\r\n     crossorigin=\"anonymous\"><\/script><br \/>\n<\/p>\n<div id=\"taboola-read-more\" style=\"display:block; width:100%\">\n<p>O Banco Central notificou a cantora Anitta em um processo administrativo sobre a declara\u00e7\u00e3o de bens e valores mantidos no exterior. A notifica\u00e7\u00e3o, em nome de Larissa de Macedo Machado, foi publicada no dia 21 de mar\u00e7o.<\/p>\n<p>Segundo a publica\u00e7\u00e3o, a notifica\u00e7\u00e3o foi feita via Di\u00e1rio Eletr\u00f4nico pelo Departamento de Estat\u00edstica porque Anitta encontra-se em \u201clugar ignorado, incerto ou inac\u200b\u200bess\u00edvel\u201d.<\/p>\n<p>Os \u201cfatos imputados\u201d \u00e0 cantora, segundo a publica\u00e7\u00e3o do BC, s\u00e3o os de \u201cfornecer fora do prazo regulamentar as informa\u00e7\u00f5es sobre bens e valores que possu\u00eda fora do territ\u00f3rio nacional na data-base de 31.12.2020\u201d.<\/p>\n<p>O documento, no entanto, n\u00e3o detalha quais valores e bens a cantora manteve ou mant\u00e9m no exterior. Segundo o Banco Central, ap\u00f3s a cita\u00e7\u00e3o, a cantora tem 30 dias para apresentar sua defesa.<\/p>\n<p>\u201cO processo ter\u00e1 continuidade independentemente de seu comparecimento. O interessado dever\u00e1 manter atualizados, no Banco Central do Brasil, seu endere\u00e7o, telefone e endere\u00e7o eletr\u00f4nico, e tamb\u00e9m os de seu procurador, quando houver\u201d, diz a cita\u00e7\u00e3o publicada pelo Banco Central.<\/p>\n<p>Em nota, a defesa da cantora disse que est\u00e1 em dia com suas obriga\u00e7\u00f5es tribut\u00e1rias e que o caso j\u00e1 foi resolvido.<\/p>\n<p>\u201cA cantora Larissa de Macedo Machado est\u00e1 em dia com todas as suas obriga\u00e7\u00f5es tribut\u00e1rias no Brasil e no exterior. A multa em quest\u00e3o se deve ao atraso no envio da declara\u00e7\u00e3o, o que j\u00e1 foi sanado\u201d, diz a nota.<\/p>\n<p>Em casos de fornecimento fora do prazo de informa\u00e7\u00f5es sobre bens e valores no exterior s\u00e3o aplicadas multas.<\/p>\n<p>Fonte: Metr\u00f3poles<\/p>\n<\/p><\/div>\n<p><br \/>\n<br \/><a href=\"https:\/\/diariodobrasilnoticias.com.br\/noticia\/banco-notifica-anitta-por-atraso-em-declaracoes-de-bens-no-exterior-67ebdaf37444d\">Source link <\/a><\/p>","protected":false},"excerpt":{"rendered":"<p>O Banco Central notificou a cantora Anitta em um processo administrativo sobre a declara\u00e7\u00e3o de bens e valores mantidos no exterior. A notifica\u00e7\u00e3o, em nome de Larissa de Macedo Machado,&hellip;<\/p>","protected":false},"author":1,"featured_media":115735,"comment_status":"closed","ping_status":"open","sticky":false,"template":"","format":"standard","meta":{"content-type":"","footnotes":""},"categories":[16],"tags":[123,2448,5313,1267],"class_list":["post-115734","post","type-post","status-publish","format-standard","has-post-thumbnail","hentry","category-noticias","tag-brasil","tag-diario","tag-noticia","tag-noticias"],"_links":{"self":[{"href":"https:\/\/tvbrazilusa.com\/pt\/wp-json\/wp\/v2\/posts\/115734","targetHints":{"allow":["GET"]}}],"collection":[{"href":"https:\/\/tvbrazilusa.com\/pt\/wp-json\/wp\/v2\/posts"}],"about":[{"href":"https:\/\/tvbrazilusa.com\/pt\/wp-json\/wp\/v2\/types\/post"}],"author":[{"embeddable":true,"href":"https:\/\/tvbrazilusa.com\/pt\/wp-json\/wp\/v2\/users\/1"}],"replies":[{"embeddable":true,"href":"https:\/\/tvbrazilusa.com\/pt\/wp-json\/wp\/v2\/comments?post=115734"}],"version-history":[{"count":1,"href":"https:\/\/tvbrazilusa.com\/pt\/wp-json\/wp\/v2\/posts\/115734\/revisions"}],"predecessor-version":[{"id":115736,"href":"https:\/\/tvbrazilusa.com\/pt\/wp-json\/wp\/v2\/posts\/115734\/revisions\/115736"}],"wp:featuredmedia":[{"embeddable":true,"href":"https:\/\/tvbrazilusa.com\/pt\/wp-json\/wp\/v2\/media\/115735"}],"wp:attachment":[{"href":"https:\/\/tvbrazilusa.com\/pt\/wp-json\/wp\/v2\/media?parent=115734"}],"wp:term":[{"taxonomy":"category","embeddable":true,"href":"https:\/\/tvbrazilusa.com\/pt\/wp-json\/wp\/v2\/categories?post=115734"},{"taxonomy":"post_tag","embeddable":true,"href":"https:\/\/tvbrazilusa.com\/pt\/wp-json\/wp\/v2\/tags?post=115734"}],"curies":[{"name":"wp","href":"https:\/\/api.w.org\/{rel}","templated":true}]}}