{"id":115746,"date":"2025-04-01T14:52:12","date_gmt":"2025-04-01T14:52:12","guid":{"rendered":"https:\/\/tvbrazilusa.com\/2025\/04\/01\/astronautas-revelam-culpados-pelos-nove-meses-extras-no-espaco\/"},"modified":"2025-04-01T14:52:14","modified_gmt":"2025-04-01T14:52:14","slug":"astronautas-revelam-culpados-pelos-nove-meses-extras-no-espaco","status":"publish","type":"post","link":"https:\/\/tvbrazilusa.com\/pt\/2025\/04\/01\/astronautas-revelam-culpados-pelos-nove-meses-extras-no-espaco\/","title":{"rendered":"Astronautas revelam culpados pelos nove meses extras no espa\u00e7o"},"content":{"rendered":"<p> <script async src=\"https:\/\/pagead2.googlesyndication.com\/pagead\/js\/adsbygoogle.js?client=ca-pub-8864793242727901\"\r\n     crossorigin=\"anonymous\"><\/script><br \/>\n<\/p>\n<div data-block-type=\"unstyled\" data-block-weight=\"52\">\n<p class=\"content-text__container\" data-track-category=\"Link no Texto\" data-track-links=\"data-track-links\">Embora extensa, a perman\u00eancia dos astronautas na ISS n\u00e3o \u00e9 incomum \u2013 muitos tripulantes passam meses no espa\u00e7o, e alguns j\u00e1 ficaram mais de um ano na esta\u00e7\u00e3o. Durante esse per\u00edodo inesperado, Williams e Wilmore se dedicaram a experimentos cient\u00edficos, especialmente estudos sobre os efeitos da aus\u00eancia de gravidade no corpo humano.\n<\/p>\n<\/div>\n<div data-block-type=\"unstyled\" data-block-weight=\"44\">\n<p class=\"content-text__container\" data-track-category=\"Link no Texto\" data-track-links=\"data-track-links\">Nesse contexto, os astronautas tamb\u00e9m rebateram as alega\u00e7\u00f5es de que teriam sido &#8220;abandonados&#8221; no espa\u00e7o: \u2014 Em certos aspectos, ficamos presos. Em certos aspectos, talvez estiv\u00e9ssemos isolados. Mas da forma como foi retratado, como se tiv\u00e9ssemos sido esquecidos, isso n\u00e3o aconteceu \u2014 garantiu Wilmore.\n<\/p>\n<div class=\"mc-column content-text active-extra-styles\" data-block-type=\"unstyled\" data-block-weight=\"52\">\n<p class=\"content-text__container\" data-track-category=\"Link no Texto\" data-track-links=\"data-track-links\">O prolongado tempo em \u00f3rbita despertou o interesse de entusiastas do espa\u00e7o e do p\u00fablico em geral, fascinados pelo desenrolar da miss\u00e3o. Os astronautas demonstraram grande entusiasmo com a experi\u00eancia, compartilhando transmiss\u00f5es frequentes da esta\u00e7\u00e3o e falando positivamente sobre sua estadia. Mesmo assim, a dupla reconheceu que foi um momento dif\u00edcil.\n<\/p>\n<\/div>\n<div data-track-category=\"multicontent\" data-track-action=\"ultimo chunk conteudo\" data-track-noninteraction=\"false\" data-track-scroll=\"view\">\n<div class=\"mc-column content-text active-extra-styles\" data-block-type=\"unstyled\" data-block-weight=\"28\">\n<p class=\"content-text__container\" data-track-category=\"Link no Texto\" data-track-links=\"data-track-links\">\u2014 Houve momentos em que derramei l\u00e1grimas conversando com minha esposa e minhas filhas? Com certeza. Mas encaramos isso como uma oportunidade de crescimento \u2014 finalizou o astronauta.\n<\/p>\n<p class=\"content-text__container\" data-track-category=\"Link no Texto\" data-track-links=\"data-track-links\">\u00a0\n<\/p>\n<p class=\"content-text__container\" data-track-category=\"Link no Texto\" data-track-links=\"data-track-links\">Fonte: O Globo\n<\/p>\n<\/div>\n<\/div>\n<\/div>\n<p><br \/>\n<br \/><a href=\"https:\/\/diariodobrasilnoticias.com.br\/noticia\/astronautas-revelam-culpados-pelos-nove-meses-extras-no-espaco-67ebd53a56ff6\">Source link <\/a><\/p>","protected":false},"excerpt":{"rendered":"<p>Embora extensa, a perman\u00eancia dos astronautas na ISS n\u00e3o \u00e9 incomum \u2013 muitos tripulantes passam meses no espa\u00e7o, e alguns j\u00e1 ficaram mais de um ano na esta\u00e7\u00e3o. Durante esse&hellip;<\/p>","protected":false},"author":1,"featured_media":115747,"comment_status":"closed","ping_status":"open","sticky":false,"template":"","format":"standard","meta":{"content-type":"","footnotes":""},"categories":[16],"tags":[123,2448,5313,1267],"class_list":["post-115746","post","type-post","status-publish","format-standard","has-post-thumbnail","hentry","category-noticias","tag-brasil","tag-diario","tag-noticia","tag-noticias"],"_links":{"self":[{"href":"https:\/\/tvbrazilusa.com\/pt\/wp-json\/wp\/v2\/posts\/115746","targetHints":{"allow":["GET"]}}],"collection":[{"href":"https:\/\/tvbrazilusa.com\/pt\/wp-json\/wp\/v2\/posts"}],"about":[{"href":"https:\/\/tvbrazilusa.com\/pt\/wp-json\/wp\/v2\/types\/post"}],"author":[{"embeddable":true,"href":"https:\/\/tvbrazilusa.com\/pt\/wp-json\/wp\/v2\/users\/1"}],"replies":[{"embeddable":true,"href":"https:\/\/tvbrazilusa.com\/pt\/wp-json\/wp\/v2\/comments?post=115746"}],"version-history":[{"count":1,"href":"https:\/\/tvbrazilusa.com\/pt\/wp-json\/wp\/v2\/posts\/115746\/revisions"}],"predecessor-version":[{"id":115748,"href":"https:\/\/tvbrazilusa.com\/pt\/wp-json\/wp\/v2\/posts\/115746\/revisions\/115748"}],"wp:featuredmedia":[{"embeddable":true,"href":"https:\/\/tvbrazilusa.com\/pt\/wp-json\/wp\/v2\/media\/115747"}],"wp:attachment":[{"href":"https:\/\/tvbrazilusa.com\/pt\/wp-json\/wp\/v2\/media?parent=115746"}],"wp:term":[{"taxonomy":"category","embeddable":true,"href":"https:\/\/tvbrazilusa.com\/pt\/wp-json\/wp\/v2\/categories?post=115746"},{"taxonomy":"post_tag","embeddable":true,"href":"https:\/\/tvbrazilusa.com\/pt\/wp-json\/wp\/v2\/tags?post=115746"}],"curies":[{"name":"wp","href":"https:\/\/api.w.org\/{rel}","templated":true}]}}