{"id":115783,"date":"2025-04-01T16:20:23","date_gmt":"2025-04-01T16:20:23","guid":{"rendered":"https:\/\/tvbrazilusa.com\/2025\/04\/01\/os-socorristas-recebem-treinamento-critico-no-simposio-anual-de-gerenciamento-de-emergencia-de-connecticut\/"},"modified":"2025-04-01T16:23:45","modified_gmt":"2025-04-01T16:23:45","slug":"os-socorristas-recebem-treinamento-critico-no-simposio-anual-de-gerenciamento-de-emergencia-de-connecticut","status":"publish","type":"post","link":"https:\/\/tvbrazilusa.com\/pt\/2025\/04\/01\/os-socorristas-recebem-treinamento-critico-no-simposio-anual-de-gerenciamento-de-emergencia-de-connecticut\/","title":{"rendered":"Os socorristas recebem treinamento cr\u00edtico no Simp\u00f3sio anual de gerenciamento de emerg\u00eancia de Connecticut"},"content":{"rendered":"<script async src=\"https:\/\/pagead2.googlesyndication.com\/pagead\/js\/adsbygoogle.js?client=ca-pub-8864793242727901\"\r\n     crossorigin=\"anonymous\"><\/script>\n<p>HARTFORD, Connecticut (WTNH) &#8211; Inc\u00eandios, inunda\u00e7\u00f5es e financiamento estavam entre os t\u00f3picos discutidos no Simp\u00f3sio de Gerenciamento de Emerg\u00eancias de Connecticut deste ano. O evento fornece treinamento cr\u00edtico e rede para socorristas nos n\u00edveis estadual e local. <\/p>\n<p>&#8220;Somente o estado fornece treinamento anual a centenas de pessoas para se preparar para emerg\u00eancias da interrup\u00e7\u00e3o eleitoral, a inc\u00eandios, inunda\u00e7\u00f5es e furac\u00f5es&#8221;, disse o tenente-governador Susan Bysiewicz (D-Conn.). &#8220;Nosso estado enfrentou um n\u00famero crescente de emerg\u00eancias&#8221;.<\/p>\n<div class=\"nlp-ignore-block article-content rich-text\">\n<aside class=\"promo-link\">\n\t<a href=\"https:\/\/www.wtnh.com\/news\/connecticut\/new-haven\/west-haven-and-university-of-new-haven-partner-to-offer-higher-education-opportunities-to-first-responders-local-students\/?ipid=promo-link-block1\" class=\"promo-link__link\"><\/p>\n<p>\t\tWest Haven e o parceiro da Universidade de New Haven para oferecer oportunidades de ensino superior a socorristas, estudantes locais\t<\/a><br \/>\n<\/aside>\n<\/div>\n<p>&#8220;Voc\u00ea nunca sabe quando o telefone toca, o que a crise do dia voc\u00ea pode estar acordando, e acredito agora mais do que nunca para consolidar nossos esfor\u00e7os&#8221;, disse o major -general Francis Evon, adjunto geral de Connecticut da Guarda Nacional. <\/p>\n<p>A mudan\u00e7a clim\u00e1tica foi um dos t\u00f3picos mais significativos do simp\u00f3sio, com o estado dizendo que respondeu a 101 no ano passado em compara\u00e7\u00e3o com 70 em 2023. <\/p>\n<p>O inc\u00eandio de Hawthorne em Berlim estava entre os maiores inc\u00eandios que o estado viu nos \u00faltimos anos. Os bombeiros de fora do estado e do pa\u00eds foram trazidos para ajudar a controlar -o.<\/p>\n<p>&#8220;Meu argumento disso \u00e9 qualquer ajuda que voc\u00ea pode obter em uma situa\u00e7\u00e3o como essa \u00e9 ben\u00e9fica&#8221;, disse o chefe dos bombeiros de Berlim, John Massirio, ao News 8. <\/p>\n<p>Mas ajuda adicional pode estar em risco, com funcion\u00e1rios de gerenciamento de emerg\u00eancias e seguran\u00e7a p\u00fablica na confer\u00eancia expressando temores sobre amea\u00e7as \u00e0 FEMA e financiamento federal. O comiss\u00e1rio de Connecticut Despp, Ronell Higgins, diz que est\u00e1 preocupado com o impacto que isso poderia ter nos futuros desastres. <\/p>\n<p>&#8220;Al\u00e9m da recupera\u00e7\u00e3o, apenas preocupa\u00e7\u00f5es de longo prazo quando se trata de pessoal e equipamentos, equipamentos para esquadr\u00f5es de bombas e outros equipamentos especializados em que precisamos e confiamos&#8221;, disse ele. <\/p>\n<p>Shelly Carter, que acabou de ser nomeado chefe de bombeiros do Departamento de Bombeiros de Hamden, disse ao News 8: &#8220;\u00c9 nosso trabalho e nossa responsabilidade garantir que primeiro preparemos nosso pessoal, preparamos nossas cidades e nossas cidades, ent\u00e3o precisamos garantir que mitigemos o problema&#8221;.<\/p>\n<p>O chefe Carter disse que o planejamento e a prepara\u00e7\u00e3o s\u00e3o cr\u00edticos para os pr\u00f3ximos anos.<\/p>\n<p><br \/>\n<br \/><a href=\"https:\/\/www.wtnh.com\/news\/connecticut\/hartford\/first-responders-receive-critical-training-at-annual-connecticut-emergency-management-symposium\/\">Source link <\/a><\/p>","protected":false},"excerpt":{"rendered":"<p>HARTFORD, Connecticut (WTNH) &#8211; Inc\u00eandios, inunda\u00e7\u00f5es e financiamento estavam entre os t\u00f3picos discutidos no Simp\u00f3sio de Gerenciamento de Emerg\u00eancias de Connecticut deste ano. O evento fornece treinamento cr\u00edtico e rede&hellip;<\/p>","protected":false},"author":1,"featured_media":115784,"comment_status":"closed","ping_status":"open","sticky":false,"template":"","format":"standard","meta":{"content-type":"","footnotes":""},"categories":[1],"tags":[],"class_list":["post-115783","post","type-post","status-publish","format-standard","has-post-thumbnail","hentry","category-uncategorized"],"_links":{"self":[{"href":"https:\/\/tvbrazilusa.com\/pt\/wp-json\/wp\/v2\/posts\/115783","targetHints":{"allow":["GET"]}}],"collection":[{"href":"https:\/\/tvbrazilusa.com\/pt\/wp-json\/wp\/v2\/posts"}],"about":[{"href":"https:\/\/tvbrazilusa.com\/pt\/wp-json\/wp\/v2\/types\/post"}],"author":[{"embeddable":true,"href":"https:\/\/tvbrazilusa.com\/pt\/wp-json\/wp\/v2\/users\/1"}],"replies":[{"embeddable":true,"href":"https:\/\/tvbrazilusa.com\/pt\/wp-json\/wp\/v2\/comments?post=115783"}],"version-history":[{"count":1,"href":"https:\/\/tvbrazilusa.com\/pt\/wp-json\/wp\/v2\/posts\/115783\/revisions"}],"predecessor-version":[{"id":115785,"href":"https:\/\/tvbrazilusa.com\/pt\/wp-json\/wp\/v2\/posts\/115783\/revisions\/115785"}],"wp:featuredmedia":[{"embeddable":true,"href":"https:\/\/tvbrazilusa.com\/pt\/wp-json\/wp\/v2\/media\/115784"}],"wp:attachment":[{"href":"https:\/\/tvbrazilusa.com\/pt\/wp-json\/wp\/v2\/media?parent=115783"}],"wp:term":[{"taxonomy":"category","embeddable":true,"href":"https:\/\/tvbrazilusa.com\/pt\/wp-json\/wp\/v2\/categories?post=115783"},{"taxonomy":"post_tag","embeddable":true,"href":"https:\/\/tvbrazilusa.com\/pt\/wp-json\/wp\/v2\/tags?post=115783"}],"curies":[{"name":"wp","href":"https:\/\/api.w.org\/{rel}","templated":true}]}}