{"id":115801,"date":"2025-04-01T17:32:25","date_gmt":"2025-04-01T17:32:25","guid":{"rendered":"https:\/\/tvbrazilusa.com\/2025\/04\/01\/arruma-uma-buchuda-mae-e-presa-ao-tentar-vender-bebe-de-27-dias-para-empresaria\/"},"modified":"2025-04-01T17:32:26","modified_gmt":"2025-04-01T17:32:26","slug":"arruma-uma-buchuda-mae-e-presa-ao-tentar-vender-bebe-de-27-dias-para-empresaria","status":"publish","type":"post","link":"https:\/\/tvbrazilusa.com\/pt\/2025\/04\/01\/arruma-uma-buchuda-mae-e-presa-ao-tentar-vender-bebe-de-27-dias-para-empresaria\/","title":{"rendered":"&#8216;Arruma uma buchuda&#8217;: M\u00e3e \u00e9 presa ao tentar vender beb\u00ea de 27 dias para empres\u00e1ria"},"content":{"rendered":"<p> <script async src=\"https:\/\/pagead2.googlesyndication.com\/pagead\/js\/adsbygoogle.js?client=ca-pub-8864793242727901\"\r\n     crossorigin=\"anonymous\"><\/script><br \/>\n<\/p>\n<div data-block-type=\"unstyled\" data-block-weight=\"53\" data-block-id=\"2\">\n<p class=\"content-text__container theme-color-primary-first-letter\" data-track-category=\"Link no Texto\" data-track-links=\"\" data-mrf-recirculation=\"Article links\">Uma m\u00e3e foi presa em flagrante no domingo em Goi\u00e2nia, Goi\u00e1s, suspeita de tentar vender seu beb\u00ea de 27 dias para uma empres\u00e1ria. Al\u00e9m dela, foram detidos o companheiro, que registrou a crian\u00e7a como filha, a interessada na compra e uma funcion\u00e1ria, que teria intermediado a negocia\u00e7\u00e3o. Todos responder\u00e3o por tr\u00e1fico de pessoas.\n<\/p>\n<\/div>\n<p><br \/>\n<br \/><a href=\"https:\/\/diariodobrasilnoticias.com.br\/noticia\/-arruma-uma-buchuda-mae-e-presa-ao-tentar-vender-bebe-de-27-dias-para-empresaria-67ec0fdb4f3e9\">Source link <\/a><\/p>","protected":false},"excerpt":{"rendered":"<p>Uma m\u00e3e foi presa em flagrante no domingo em Goi\u00e2nia, Goi\u00e1s, suspeita de tentar vender seu beb\u00ea de 27 dias para uma empres\u00e1ria. Al\u00e9m dela, foram detidos o companheiro, que&hellip;<\/p>","protected":false},"author":1,"featured_media":115802,"comment_status":"closed","ping_status":"open","sticky":false,"template":"","format":"standard","meta":{"content-type":"","footnotes":""},"categories":[16],"tags":[123,2448,5313,1267],"class_list":["post-115801","post","type-post","status-publish","format-standard","has-post-thumbnail","hentry","category-noticias","tag-brasil","tag-diario","tag-noticia","tag-noticias"],"_links":{"self":[{"href":"https:\/\/tvbrazilusa.com\/pt\/wp-json\/wp\/v2\/posts\/115801","targetHints":{"allow":["GET"]}}],"collection":[{"href":"https:\/\/tvbrazilusa.com\/pt\/wp-json\/wp\/v2\/posts"}],"about":[{"href":"https:\/\/tvbrazilusa.com\/pt\/wp-json\/wp\/v2\/types\/post"}],"author":[{"embeddable":true,"href":"https:\/\/tvbrazilusa.com\/pt\/wp-json\/wp\/v2\/users\/1"}],"replies":[{"embeddable":true,"href":"https:\/\/tvbrazilusa.com\/pt\/wp-json\/wp\/v2\/comments?post=115801"}],"version-history":[{"count":1,"href":"https:\/\/tvbrazilusa.com\/pt\/wp-json\/wp\/v2\/posts\/115801\/revisions"}],"predecessor-version":[{"id":115803,"href":"https:\/\/tvbrazilusa.com\/pt\/wp-json\/wp\/v2\/posts\/115801\/revisions\/115803"}],"wp:featuredmedia":[{"embeddable":true,"href":"https:\/\/tvbrazilusa.com\/pt\/wp-json\/wp\/v2\/media\/115802"}],"wp:attachment":[{"href":"https:\/\/tvbrazilusa.com\/pt\/wp-json\/wp\/v2\/media?parent=115801"}],"wp:term":[{"taxonomy":"category","embeddable":true,"href":"https:\/\/tvbrazilusa.com\/pt\/wp-json\/wp\/v2\/categories?post=115801"},{"taxonomy":"post_tag","embeddable":true,"href":"https:\/\/tvbrazilusa.com\/pt\/wp-json\/wp\/v2\/tags?post=115801"}],"curies":[{"name":"wp","href":"https:\/\/api.w.org\/{rel}","templated":true}]}}