{"id":115817,"date":"2025-04-01T18:21:59","date_gmt":"2025-04-01T18:21:59","guid":{"rendered":"https:\/\/tvbrazilusa.com\/2025\/04\/01\/pgr-apresenta-motivo-para-adiar-inquerito-contra-ministro-de-lula\/"},"modified":"2025-04-01T18:22:00","modified_gmt":"2025-04-01T18:22:00","slug":"pgr-apresenta-motivo-para-adiar-inquerito-contra-ministro-de-lula","status":"publish","type":"post","link":"https:\/\/tvbrazilusa.com\/pt\/2025\/04\/01\/pgr-apresenta-motivo-para-adiar-inquerito-contra-ministro-de-lula\/","title":{"rendered":"PGR apresenta motivo para adiar inqu\u00e9rito contra ministro de Lula"},"content":{"rendered":"<p> <script async src=\"https:\/\/pagead2.googlesyndication.com\/pagead\/js\/adsbygoogle.js?client=ca-pub-8864793242727901\"\r\n     crossorigin=\"anonymous\"><\/script><br \/>\n<\/p>\n<div id=\"taboola-read-more\" style=\"display:block; width:100%\">\n<p>O procurador-geral da Rep\u00fablica (PGR), Paulo Gonet, tem sido alvo de cr\u00edticas por n\u00e3o avan\u00e7ar no inqu\u00e9rito sobre o ministro das Comunica\u00e7\u00f5es do governo Luiz In\u00e1cio Lula da Silva, Juscelino Filho.\n<\/p>\n<p>Juscelino foi indiciado pela Pol\u00edcia Federal em 12 de junho de 2024, sob suspeita de organiza\u00e7\u00e3o criminosa, lavagem de dinheiro, corrup\u00e7\u00e3o passiva, falsidade ideol\u00f3gica e fraude em licita\u00e7\u00f5es de obras p\u00fablicas.<\/p>\n<p>Segundo o site Metr\u00f3poles, a Procuradoria-Geral da Rep\u00fablica (PGR) recebeu o inqu\u00e9rito conclu\u00eddo quatro meses depois do indiciamento, em 15 de outubro, depois de o Supremo Tribunal Federal (STF) ter solicitado o envio dos autos novamente em junho daquele ano.\n<\/p>\n<p><strong>Aliados de Bolsonaro criticam PGR<\/strong>\n<\/p>\n<p>A aus\u00eancia de uma den\u00fancia formal por parte de Gonet tem gerado cr\u00edticas de lideran\u00e7as ligadas ao ex-presidente Jair Bolsonaro, que apontam uma diferen\u00e7a de tratamento em rela\u00e7\u00e3o ao inqu\u00e9rito que envolve Bolsonaro, denunciado em tr\u00eas meses.\n<\/p>\n<p>De acordo com o Metr\u00f3poles, interlocutores de Gonet justificam a demora ao afirmar que, ao contr\u00e1rio do caso de Bolsonaro, a investiga\u00e7\u00e3o contra Juscelino n\u00e3o envolve pessoas com foro privilegiado presas preventivamente, o que, segundo Gonet, diminui a urg\u00eancia no andamento do caso.\n<\/p>\n<p>Fonte: Revista Oeste              <\/p>\n<\/div>\n<p><br \/>\n<br \/><a href=\"https:\/\/diariodobrasilnoticias.com.br\/noticia\/pgr-apresenta-motivo-para-adiar-inquerito-contra-ministro-de-lula-67ec2cfcb6207\">Source link <\/a><\/p>","protected":false},"excerpt":{"rendered":"<p>O procurador-geral da Rep\u00fablica (PGR), Paulo Gonet, tem sido alvo de cr\u00edticas por n\u00e3o avan\u00e7ar no inqu\u00e9rito sobre o ministro das Comunica\u00e7\u00f5es do governo Luiz In\u00e1cio Lula da Silva, Juscelino&hellip;<\/p>","protected":false},"author":1,"featured_media":115818,"comment_status":"closed","ping_status":"open","sticky":false,"template":"","format":"standard","meta":{"content-type":"","footnotes":""},"categories":[16],"tags":[123,2448,5313,1267],"class_list":["post-115817","post","type-post","status-publish","format-standard","has-post-thumbnail","hentry","category-noticias","tag-brasil","tag-diario","tag-noticia","tag-noticias"],"_links":{"self":[{"href":"https:\/\/tvbrazilusa.com\/pt\/wp-json\/wp\/v2\/posts\/115817","targetHints":{"allow":["GET"]}}],"collection":[{"href":"https:\/\/tvbrazilusa.com\/pt\/wp-json\/wp\/v2\/posts"}],"about":[{"href":"https:\/\/tvbrazilusa.com\/pt\/wp-json\/wp\/v2\/types\/post"}],"author":[{"embeddable":true,"href":"https:\/\/tvbrazilusa.com\/pt\/wp-json\/wp\/v2\/users\/1"}],"replies":[{"embeddable":true,"href":"https:\/\/tvbrazilusa.com\/pt\/wp-json\/wp\/v2\/comments?post=115817"}],"version-history":[{"count":1,"href":"https:\/\/tvbrazilusa.com\/pt\/wp-json\/wp\/v2\/posts\/115817\/revisions"}],"predecessor-version":[{"id":115819,"href":"https:\/\/tvbrazilusa.com\/pt\/wp-json\/wp\/v2\/posts\/115817\/revisions\/115819"}],"wp:featuredmedia":[{"embeddable":true,"href":"https:\/\/tvbrazilusa.com\/pt\/wp-json\/wp\/v2\/media\/115818"}],"wp:attachment":[{"href":"https:\/\/tvbrazilusa.com\/pt\/wp-json\/wp\/v2\/media?parent=115817"}],"wp:term":[{"taxonomy":"category","embeddable":true,"href":"https:\/\/tvbrazilusa.com\/pt\/wp-json\/wp\/v2\/categories?post=115817"},{"taxonomy":"post_tag","embeddable":true,"href":"https:\/\/tvbrazilusa.com\/pt\/wp-json\/wp\/v2\/tags?post=115817"}],"curies":[{"name":"wp","href":"https:\/\/api.w.org\/{rel}","templated":true}]}}