{"id":115838,"date":"2025-04-01T19:01:09","date_gmt":"2025-04-01T19:01:09","guid":{"rendered":"https:\/\/tvbrazilusa.com\/2025\/04\/01\/dossie-de-zucco-expoe-maus-tratos-contra-presos-do-8-1\/"},"modified":"2025-04-01T19:01:10","modified_gmt":"2025-04-01T19:01:10","slug":"dossie-de-zucco-expoe-maus-tratos-contra-presos-do-8-1","status":"publish","type":"post","link":"https:\/\/tvbrazilusa.com\/pt\/2025\/04\/01\/dossie-de-zucco-expoe-maus-tratos-contra-presos-do-8-1\/","title":{"rendered":"Dossi\u00ea de Zucco exp\u00f5e maus-tratos contra presos do 8\/1"},"content":{"rendered":"<p> <script async src=\"https:\/\/pagead2.googlesyndication.com\/pagead\/js\/adsbygoogle.js?client=ca-pub-8864793242727901\"\r\n     crossorigin=\"anonymous\"><\/script><br \/>\n<\/p>\n<div id=\"taboola-read-more\" style=\"display:block; width:100%\">\n<p>O l\u00edder da oposi\u00e7\u00e3o na C\u00e2mara, deputado Luciano Zucco (PL-RS), vai apresentar um dossi\u00ea sobre abusos e viola\u00e7\u00e3o contra os presos pelas manifesta\u00e7\u00f5es de 8 de janeiro de 2023. O parlamentar quer garantir o apoio para aprova\u00e7\u00e3o do PL da Anistia na Casa.\n<\/p>\n<p>O documento que ser\u00e1 apresentado por Zucco aos demais deputados e que se tornar\u00e1 p\u00fablico foi produzido pela Associa\u00e7\u00e3o dos Familiares e V\u00edtimas do 8 de Janeiro (Asfav) e entregue \u00e0 oposi\u00e7\u00e3o em mar\u00e7o. Segundo o l\u00edder, o dossi\u00ea \u201cservir\u00e1 para subsidiar a tomada de decis\u00e3o dos parlamentares indecisos sobre anistia\u201d.<\/p>\n<p>O dossi\u00ea foi revelado com exclusividade por Oeste em 2023. Em maio do ano passado, a associa\u00e7\u00e3o tamb\u00e9m levou as den\u00fancias ao Parlamento dos Estados Unidos. O material \u00e9 atualizado conforme a associa\u00e7\u00e3o vai avan\u00e7ando no trabalho social. A pe\u00e7a inclui, ainda, of\u00edcios enviados a entidades de defesa dos direitos humanos.\n<\/p>\n<p>De acordo com Zucco, o documento \u201celenca uma s\u00e9rie de abusos e viola\u00e7\u00f5es de direitos durante as pris\u00f5es efetuadas depois da manifesta\u00e7\u00e3o\u201d na Pra\u00e7a dos Tr\u00eas Poderes, em Bras\u00edlia.\n<\/p>\n<p>\u201cTrata-se de um documento bastante denso e contundente\u201d, afirmou. \u201c\u00c9 fundamental que deputados e senadores tomem conhecimento sobre esse dossi\u00ea, para que possam fazer um julgamento embasado em fatos concretos. S\u00e3o provas reais de que o Brasil vive um estado de exce\u00e7\u00e3o, com o desmantelamento do Estado Democr\u00e1tico de Direito.\u201d\n<\/p>\n<p>O documento tamb\u00e9m destaca m\u00faltiplos casos de abusos e maus-tratos sofridos pelos detidos dentro das unidades prisionais. H\u00e1 registros de pessoas com problemas de sa\u00fade que tiveram repetidamente negadas suas solicita\u00e7\u00f5es para tratamento m\u00e9dico fora do pres\u00eddio.\n<\/p>\n<p>Al\u00e9m disso, mesmo aqueles que j\u00e1 obtiveram liberdade enfrentam desafios significativos, como r\u00edgidas restri\u00e7\u00f5es, incluindo o uso de tornozeleira eletr\u00f4nica e a proibi\u00e7\u00e3o de deixar a comarca, o que dificulta a busca por emprego.\n<\/p>\n<p>\u201cEstamos diante de um documento que traz den\u00fancias fundamentadas\u201d, destacou Zucco. \u201cRecentemente, os brasileiros ficaram estarrecidos com o caso da cabeleireira D\u00e9bora dos Santos, condenada a 14 anos por pichar a est\u00e1tua da Justi\u00e7a de batom. Mas temos outros exemplos t\u00e3o ou mais chocantes. S\u00f3 uma anistia ampla, geral e irrestrita para pacificarmos o Brasil.\u201d\n<\/p>\n<p>Oposi\u00e7\u00e3o quer anistia aos presos pelo 8\/1<br \/>Cerca de 1,5 mil pessoas foram detidas em frente ao Quartel-General do Ex\u00e9rcito, incluindo idosos, crian\u00e7as e indiv\u00edduos com comorbidades, mesmo sem provas concretas de envolvimento nos atos de 8 de janeiro de 2023.\n<\/p>\n<p>O relat\u00f3rio aponta diversas viola\u00e7\u00f5es de direitos durante essas deten\u00e7\u00f5es, entre elas a restri\u00e7\u00e3o ao contato com advogados. Segundo Zucco, na Academia Nacional da Pol\u00edcia Federal, \u201cdefensores foram impedidos de se comunicar com seus clientes, sendo autorizados a acess\u00e1-los apenas depois de insistir, o que fere o Estatuto da Advocacia e a Lei de Abuso de Autoridade\u201d.\n<\/p>\n<p>Al\u00e9m disso, no interrogat\u00f3rio inicial, advogados foram proibidos de acompanhar seus clientes na triagem, caracterizando outra viola\u00e7\u00e3o ao Estatuto da Advocacia.\n<\/p>\n<p>O dossi\u00ea tamb\u00e9m denuncia que os defensores n\u00e3o tiveram acesso aos autos dos processos antes das audi\u00eancias, o que comprometeu a defesa dos detidos. Em diversos casos, a falta de organiza\u00e7\u00e3o resultou na aus\u00eancia dos advogados, levando \u00e0 representa\u00e7\u00e3o for\u00e7ada por defensores p\u00fablicos sem o consentimento dos acusados.\n<\/p>\n<p>De acordo com o dossi\u00ea da Asfav, o Minist\u00e9rio P\u00fablico Federal (MPF) apresentou den\u00fancias sem detalhar as condutas individuais dos r\u00e9us, contrariando o C\u00f3digo de Processo Penal.\n<\/p>\n<p>Essas den\u00fancias foram analisadas e aceitas em plen\u00e1rio virtual, o que, segundo o relat\u00f3rio, teria prejudicado a ampla defesa. Al\u00e9m disso, muitos acusados receberam apenas a notifica\u00e7\u00e3o e a den\u00fancia, sem acesso ao despacho do relator nem aos documentos anexos, o que descumpriria o Regimento Interno do STF.\n<\/p>\n<p>Fonte: Revista Oeste              <\/p>\n<\/div>\n<p><br \/>\n<br \/><a href=\"https:\/\/diariodobrasilnoticias.com.br\/noticia\/dossie-de-zucco-expoe-maus-tratos-contra-presos-do-8-1-67ec12e696ece\">Source link <\/a><\/p>","protected":false},"excerpt":{"rendered":"<p>O l\u00edder da oposi\u00e7\u00e3o na C\u00e2mara, deputado Luciano Zucco (PL-RS), vai apresentar um dossi\u00ea sobre abusos e viola\u00e7\u00e3o contra os presos pelas manifesta\u00e7\u00f5es de 8 de janeiro de 2023. O&hellip;<\/p>","protected":false},"author":1,"featured_media":115839,"comment_status":"closed","ping_status":"open","sticky":false,"template":"","format":"standard","meta":{"content-type":"","footnotes":""},"categories":[16],"tags":[123,2448,5313,1267],"class_list":["post-115838","post","type-post","status-publish","format-standard","has-post-thumbnail","hentry","category-noticias","tag-brasil","tag-diario","tag-noticia","tag-noticias"],"_links":{"self":[{"href":"https:\/\/tvbrazilusa.com\/pt\/wp-json\/wp\/v2\/posts\/115838","targetHints":{"allow":["GET"]}}],"collection":[{"href":"https:\/\/tvbrazilusa.com\/pt\/wp-json\/wp\/v2\/posts"}],"about":[{"href":"https:\/\/tvbrazilusa.com\/pt\/wp-json\/wp\/v2\/types\/post"}],"author":[{"embeddable":true,"href":"https:\/\/tvbrazilusa.com\/pt\/wp-json\/wp\/v2\/users\/1"}],"replies":[{"embeddable":true,"href":"https:\/\/tvbrazilusa.com\/pt\/wp-json\/wp\/v2\/comments?post=115838"}],"version-history":[{"count":1,"href":"https:\/\/tvbrazilusa.com\/pt\/wp-json\/wp\/v2\/posts\/115838\/revisions"}],"predecessor-version":[{"id":115840,"href":"https:\/\/tvbrazilusa.com\/pt\/wp-json\/wp\/v2\/posts\/115838\/revisions\/115840"}],"wp:featuredmedia":[{"embeddable":true,"href":"https:\/\/tvbrazilusa.com\/pt\/wp-json\/wp\/v2\/media\/115839"}],"wp:attachment":[{"href":"https:\/\/tvbrazilusa.com\/pt\/wp-json\/wp\/v2\/media?parent=115838"}],"wp:term":[{"taxonomy":"category","embeddable":true,"href":"https:\/\/tvbrazilusa.com\/pt\/wp-json\/wp\/v2\/categories?post=115838"},{"taxonomy":"post_tag","embeddable":true,"href":"https:\/\/tvbrazilusa.com\/pt\/wp-json\/wp\/v2\/tags?post=115838"}],"curies":[{"name":"wp","href":"https:\/\/api.w.org\/{rel}","templated":true}]}}