{"id":115865,"date":"2025-04-01T20:41:26","date_gmt":"2025-04-01T20:41:26","guid":{"rendered":"https:\/\/tvbrazilusa.com\/2025\/04\/01\/bolsonaro-estara-no-rio-grande-do-norte-para-lancar-caravana\/"},"modified":"2025-04-01T20:41:30","modified_gmt":"2025-04-01T20:41:30","slug":"bolsonaro-estara-no-rio-grande-do-norte-para-lancar-caravana","status":"publish","type":"post","link":"https:\/\/tvbrazilusa.com\/pt\/2025\/04\/01\/bolsonaro-estara-no-rio-grande-do-norte-para-lancar-caravana\/","title":{"rendered":"Bolsonaro estar\u00e1 no Rio Grande do Norte para lan\u00e7ar caravana"},"content":{"rendered":"<p> <script async src=\"https:\/\/pagead2.googlesyndication.com\/pagead\/js\/adsbygoogle.js?client=ca-pub-8864793242727901\"\r\n     crossorigin=\"anonymous\"><\/script><br \/>\n<\/p>\n<div id=\"taboola-read-more\" style=\"display:block; width:100%\">\n<p>O ex-presidente Jair Bolsonaro e o Partido Liberal v\u00e3o lan\u00e7ar em abril uma caravana que deve percorrer todos os estados brasileiros. O primeiro estado a receber o projeto ser\u00e1 o Rio Grande do Norte, governado por uma das principais lideran\u00e7as femininas do PT e conhecido por ser um reduto eleitoral do presidente Lula.\n<\/p>\n<p>O senador Rog\u00e9rio Marinho (PL-RN), secret\u00e1rio-geral do PL, confirmou que seu estado ser\u00e1 o primeiro a receber o encontro com apoiadores, o objetivo da sigla \u00e9 ouvir a popula\u00e7\u00e3o e buscar solu\u00e7\u00f5es para os problemas que forem apresentados.<\/p>\n<p>O projeto Rota 22 ser\u00e1 implementado em diversos estados, mas vamos come\u00e7ar pela regi\u00e3o Nordeste, aqui no Rio Grande do Norte. Acreditamos que a participa\u00e7\u00e3o da sociedade \u00e9 fundamental para a constru\u00e7\u00e3o de pol\u00edticas que realmente atendam \u00e0s necessidades locais \u2013 disse ele em entrevista \u00e0 coluna Maquiavel, da Veja.\n<\/p>\n<p>Marinho tamb\u00e9m explicou que a programa\u00e7\u00e3o visa ainda capacitar as lideran\u00e7as locais, atrav\u00e9s de debates construtivos sobre o futuro das comunidades.\n<\/p>\n<p>\u2013 Nosso objetivo \u00e9 claro: ouvir o povo, entender as dificuldades de cada regi\u00e3o e trabalhar por um desenvolvimento de verdade, longe de promessas vazias \u2013 completou o ex-ministro do Desenvolvimento Regional do governo Bolsonaro.\n<\/p>\n<p>O roteiro de Jair Bolsonaro do Rio Grande do Norte inclui a visita para quatro cidades, sendo todas elas no dia 11 de abril: Acari, Jucurutu, Oiticica e Pau dos Ferros.\n<\/p>\n<p>Fonte: Pleno News              <\/p>\n<\/div>\n<p><br \/>\n<br \/><a href=\"https:\/\/diariodobrasilnoticias.com.br\/noticia\/bolsonaro-estara-no-rio-grande-do-norte-para-lancar-caravana-67ec2d6452ee9\">Source link <\/a><\/p>","protected":false},"excerpt":{"rendered":"<p>O ex-presidente Jair Bolsonaro e o Partido Liberal v\u00e3o lan\u00e7ar em abril uma caravana que deve percorrer todos os estados brasileiros. O primeiro estado a receber o projeto ser\u00e1 o&hellip;<\/p>","protected":false},"author":1,"featured_media":115866,"comment_status":"closed","ping_status":"open","sticky":false,"template":"","format":"standard","meta":{"content-type":"","footnotes":""},"categories":[16],"tags":[123,2448,5313,1267],"class_list":["post-115865","post","type-post","status-publish","format-standard","has-post-thumbnail","hentry","category-noticias","tag-brasil","tag-diario","tag-noticia","tag-noticias"],"_links":{"self":[{"href":"https:\/\/tvbrazilusa.com\/pt\/wp-json\/wp\/v2\/posts\/115865","targetHints":{"allow":["GET"]}}],"collection":[{"href":"https:\/\/tvbrazilusa.com\/pt\/wp-json\/wp\/v2\/posts"}],"about":[{"href":"https:\/\/tvbrazilusa.com\/pt\/wp-json\/wp\/v2\/types\/post"}],"author":[{"embeddable":true,"href":"https:\/\/tvbrazilusa.com\/pt\/wp-json\/wp\/v2\/users\/1"}],"replies":[{"embeddable":true,"href":"https:\/\/tvbrazilusa.com\/pt\/wp-json\/wp\/v2\/comments?post=115865"}],"version-history":[{"count":1,"href":"https:\/\/tvbrazilusa.com\/pt\/wp-json\/wp\/v2\/posts\/115865\/revisions"}],"predecessor-version":[{"id":115867,"href":"https:\/\/tvbrazilusa.com\/pt\/wp-json\/wp\/v2\/posts\/115865\/revisions\/115867"}],"wp:featuredmedia":[{"embeddable":true,"href":"https:\/\/tvbrazilusa.com\/pt\/wp-json\/wp\/v2\/media\/115866"}],"wp:attachment":[{"href":"https:\/\/tvbrazilusa.com\/pt\/wp-json\/wp\/v2\/media?parent=115865"}],"wp:term":[{"taxonomy":"category","embeddable":true,"href":"https:\/\/tvbrazilusa.com\/pt\/wp-json\/wp\/v2\/categories?post=115865"},{"taxonomy":"post_tag","embeddable":true,"href":"https:\/\/tvbrazilusa.com\/pt\/wp-json\/wp\/v2\/tags?post=115865"}],"curies":[{"name":"wp","href":"https:\/\/api.w.org\/{rel}","templated":true}]}}