{"id":115868,"date":"2025-04-01T20:32:46","date_gmt":"2025-04-01T20:32:46","guid":{"rendered":"https:\/\/tvbrazilusa.com\/2025\/04\/01\/os-residentes-da-american-beach-querem-que-o-condado-de-nassau-proiba-a-direcao-da-praia-jacksonville-hoje\/"},"modified":"2025-04-01T20:44:38","modified_gmt":"2025-04-01T20:44:38","slug":"os-residentes-da-american-beach-querem-que-o-condado-de-nassau-proiba-a-direcao-da-praia-jacksonville-hoje","status":"publish","type":"post","link":"https:\/\/tvbrazilusa.com\/pt\/2025\/04\/01\/os-residentes-da-american-beach-querem-que-o-condado-de-nassau-proiba-a-direcao-da-praia-jacksonville-hoje\/","title":{"rendered":"Os residentes da American Beach querem que o condado de Nassau proiba a dire\u00e7\u00e3o da praia | Jacksonville hoje"},"content":{"rendered":"<p> <script async src=\"https:\/\/pagead2.googlesyndication.com\/pagead\/js\/adsbygoogle.js?client=ca-pub-8864793242727901\"\r\n     crossorigin=\"anonymous\"><\/script><br \/>\n<\/p>\n<div>\n<p>Os propriet\u00e1rios de casas da American Beach entrar\u00e3o com um processo contra o condado de Nassau este m\u00eas, na tentativa de eliminar a praia nas areias entre as famosas dunas do enclave e o Oceano Atl\u00e2ntico.<\/p>\n<p>No in\u00edcio deste ano, um grupo de moradores se uniu para criar a Save American Beach, uma organiza\u00e7\u00e3o sem fins lucrativos que teve como objetivo proteger as dunas, proteger a vida selvagem e eliminar a dire\u00e7\u00e3o da praia. Em fevereiro, a organiza\u00e7\u00e3o sem fins lucrativos enviou um aviso de inten\u00e7\u00e3o de processar o condado de Nassau por violar a Lei de Esp\u00e9cies Amea\u00e7adas.<\/p>\n<p>Mark Dawkins, presidente da Save American Beach, diz que a organiza\u00e7\u00e3o pretende processar quando o aviso de 60 dias expirar em 11 de abril.<\/p>\n<h3 class=\"wp-block-heading\">O que est\u00e1 em jogo na praia<\/h3>\n<p>Os moradores afirmam que permitir dirigir na praia significa que as tartarugas marinhas e verdes que eclodem ao longo da praia americana podem ser assediadas, feridas ou mortas em viola\u00e7\u00e3o da Lei de Esp\u00e9cies Amea\u00e7adas.<\/p>\n<p>O Condado de Nassau manteve um escrit\u00f3rio de advocacia de Tallahassee, Gardner Bist, para responder ao lit\u00edgio pendente. Em sua resposta a Save American Beach em 14 de mar\u00e7o, o advogado John T. Lavia III observou as despesas do munic\u00edpio de estender <a href=\"https:\/\/jaxtoday.org\/2022\/05\/01\/independent-florida-water-providers-are-shutting-down-american-beachs-doesnt-want-to-be-next\/\">\u00e1guas residuais na praia americana<\/a> bem como o pavimento de estrada, que ele disse indicar o investimento do condado de Nassau na comunidade.<\/p>\n<p>A resposta de Lavia observou que a praia em American Beach remonta \u00e0 d\u00e9cada de 1930.<\/p>\n<p>Este ano \u00e9 o 90<sup>th<\/sup> Anivers\u00e1rio da Afro-American Life Insurance Co. Comprando mais de 200 acres de propriedade e criando a American Beach como uma pausa do racismo que estava em exibi\u00e7\u00e3o virulenta em outras praias nos condados de Nassau e Duval. Hoje, \u00e9 uma aldeia onde fam\u00edlias negras e pessoas de todos os tons vivem e recriam.<\/p>\n<p>Descendentes do co-fundador da Afro-American Life Insurance Co., Abraham Lincoln Lewis, continuam morando em American Beach.<\/p>\n<figure data-wp-context=\"{\"imageid\":\"67ec4e57d59f5\"}\" data-wp-interactive=\"core\/image\" class=\"wp-block-image alignwide size-full wp-lightbox-container\"><button class=\"lightbox-trigger\" type=\"button\" aria-haspopup=\"dialog\" aria-label=\"Enlarge image\" data-wp-init=\"callbacks.initTriggerButton\" data-wp-on-async--click=\"actions.showLightbox\" data-wp-style--right=\"state.imageButtonRight\" data-wp-style--top=\"state.imageButtonTop\"><br \/>\n\t\t\t<svg xmlns=\"http:\/\/www.w3.org\/2000\/svg\" width=\"12\" height=\"12\" fill=\"none\" viewbox=\"0 0 12 12\">\n\t\t\t\t<path fill=\"#fff\" d=\"M2 0a2 2 0 0 0-2 2v2h1.5V2a.5.5 0 0 1 .5-.5h2V0H2Zm2 10.5H2a.5.5 0 0 1-.5-.5V8H0v2a2 2 0 0 0 2 2h2v-1.5ZM8 12v-1.5h2a.5.5 0 0 0 .5-.5V8H12v2a2 2 0 0 1-2 2H8Zm2-12a2 2 0 0 1 2 2v2h-1.5V2a.5.5 0 0 0-.5-.5H8V0h2Z\"\/>\n\t\t\t<\/svg><br \/>\n\t\t<\/button><figcaption class=\"wp-element-caption\">A Save American Beach \u00e9 uma organiza\u00e7\u00e3o sem fins lucrativos que pretende processar o condado de Nassau, na tentativa de eliminar a dire\u00e7\u00e3o da praia em American Beach. | Will Brown, Jacksonville hoje<\/figcaption><\/figure>\n<p>A hist\u00f3ria da praia americana e a amea\u00e7a de futuros lit\u00edgios n\u00e3o mudar\u00e3o a maneira como o governo percebe a comunidade. Lavia escreveu que o munic\u00edpio pretende continuar sua colabora\u00e7\u00e3o com os residentes da American Beach.<\/p>\n<p>&#8220;O condado de Nassau discorda fortemente da alega\u00e7\u00e3o infundada de que o condado est\u00e1 violando a Se\u00e7\u00e3o 9 da Lei de Esp\u00e9cies Amea\u00e7adas ao n\u00e3o proteger adequadamente as tartarugas marinhas das colis\u00f5es de autom\u00f3veis&#8221;, escreveu Lavia.<\/p>\n<h3 class=\"wp-block-heading\">O que os moradores querem<\/h3>\n<p>Pam McCorkle Buncum e sua fam\u00edlia compraram propriedades em American Beach mais de uma d\u00e9cada antes de se mudarem para a comunidade predominantemente negra em 2020. Em sua meia d\u00e9cada em American Beach, ela diz que houve duas ocasi\u00f5es em que observou tartarugas marinhas na praia, enquanto as pessoas dirigiam.<\/p>\n<p>Buncum n\u00e3o testemunhou uma tartaruga marinha morta por um motorista. No entanto, as liga\u00e7\u00f5es estreitas levantaram preocupa\u00e7\u00e3o.<\/p>\n<p>Buncum diz que as temperaturas de aquecimento atrair\u00e3o mais pessoas para a praia em meio \u00e0 vida selvagem. Ela preferiria que ningu\u00e9m dirigisse nas praias do condado de Nassau. Se isso n\u00e3o for poss\u00edvel, ela espera que o munic\u00edpio considere permitir pontos de acesso \u00e0 praia apenas em parques p\u00fablicos, n\u00e3o no final de uma rua residencial.<\/p>\n<figure data-wp-context=\"{\"imageid\":\"67ec4e57d6410\"}\" data-wp-interactive=\"core\/image\" class=\"wp-block-image alignwide size-full wp-lightbox-container\"><img loading=\"lazy\" color=\"9ea39d\" transparency=\"false\" style=\"--dominant-color: #9ea39d;\" decoding=\"async\" width=\"1000\" height=\"563\" hide=\"state.isContentHidden\" show=\"state.isContentVisible\" init=\"callbacks.setButtonStyles\" click=\"actions.showLightbox\" load=\"callbacks.setButtonStyles\" resize=\"callbacks.setButtonStyles\" src=\"https:\/\/jaxtoday.org\/wp-content\/uploads\/2025\/04\/March-6-American-Beach-images-CONDENSED-1.jpg\" alt=\"\" class=\"not-transparent wp-image-90804\" srcset=\"https:\/\/jaxtoday.org\/wp-content\/uploads\/2025\/04\/March-6-American-Beach-images-CONDENSED-1.jpg 1000w, https:\/\/jaxtoday.org\/wp-content\/uploads\/2025\/04\/March-6-American-Beach-images-CONDENSED-1-300x169.jpg 300w, https:\/\/jaxtoday.org\/wp-content\/uploads\/2025\/04\/March-6-American-Beach-images-CONDENSED-1-768x432.jpg 768w, https:\/\/jaxtoday.org\/wp-content\/uploads\/2025\/04\/March-6-American-Beach-images-CONDENSED-1-800x450.jpg 800w, https:\/\/jaxtoday.org\/wp-content\/uploads\/2025\/04\/March-6-American-Beach-images-CONDENSED-1-426x240.jpg 426w, https:\/\/jaxtoday.org\/wp-content\/uploads\/2025\/04\/March-6-American-Beach-images-CONDENSED-1-100x56.jpg 100w\" sizes=\"auto, (max-width: 1000px) 100vw, 1000px\"\/><button class=\"lightbox-trigger\" type=\"button\" aria-haspopup=\"dialog\" aria-label=\"Enlarge image\" data-wp-init=\"callbacks.initTriggerButton\" data-wp-on-async--click=\"actions.showLightbox\" data-wp-style--right=\"state.imageButtonRight\" data-wp-style--top=\"state.imageButtonTop\"><br \/>\n\t\t\t<svg xmlns=\"http:\/\/www.w3.org\/2000\/svg\" width=\"12\" height=\"12\" fill=\"none\" viewbox=\"0 0 12 12\">\n\t\t\t\t<path fill=\"#fff\" d=\"M2 0a2 2 0 0 0-2 2v2h1.5V2a.5.5 0 0 1 .5-.5h2V0H2Zm2 10.5H2a.5.5 0 0 1-.5-.5V8H0v2a2 2 0 0 0 2 2h2v-1.5ZM8 12v-1.5h2a.5.5 0 0 0 .5-.5V8H12v2a2 2 0 0 1-2 2H8Zm2-12a2 2 0 0 1 2 2v2h-1.5V2a.5.5 0 0 0-.5-.5H8V0h2Z\"\/>\n\t\t\t<\/svg><br \/>\n\t\t<\/button><figcaption class=\"wp-element-caption\">O Legislativo da Fl\u00f3rida codificou em 1989 que partes de praias do condado est\u00e3o abertas a dirigir. American Beach era a \u00fanica fora de um parque. | Will Brown, Jacksonville hoje<\/figcaption><\/figure>\n<p>Quando o Legislativo da Fl\u00f3rida aprovou o SB1577 em 1989, descreveu os lugares espec\u00edficos onde a dire\u00e7\u00e3o da praia era permitida no condado de Nassau. Foi proibido dirigir na praia por uma \u201c\u00e1rea de resort desenvolvida\u201d.<\/p>\n<p>Permitiu a praia dirigir em tr\u00eas lugares: no Peters Point Park; De \u201co lado do som de Nassau at\u00e9 a parcela da \u00e1rea de resort desenvolvida\u201d; e Lewis Street, no cora\u00e7\u00e3o da praia americana.<\/p>\n<p>O resort em quest\u00e3o se tornou o Ritz-Carlton.<\/p>\n<p>Dawkins e Buncum dizem que foi hip\u00f3crita para o condado de Nassau proibir a dire\u00e7\u00e3o da praia em um resort, mas permite que ele tenha sido criado como uma comunidade de resorts \u00e0 beira -mar.<\/p>\n<p>&#8220;N\u00e3o estamos dizendo que voc\u00ea n\u00e3o pode vir para a American Beach&#8221;, disse Buncum. &#8220;H\u00e1 Burney Park. Esse estacionamento \u00e9 principalmente subutilizado. Estamos dizendo que venha para a praia. Aproveite o que o condado de Nassau oferece. Mas voc\u00ea n\u00e3o precisa dirigir na praia, causar problemas de seguran\u00e7a, danificar as dunas e a vida marinha. Pode ser uma ganha para humanos e todos os outros.&#8221;<\/p>\n<div class=\"wp-block-image\">\n<figure data-wp-context=\"{\"imageid\":\"67ec4e57d6d98\"}\" data-wp-interactive=\"core\/image\" class=\"aligncenter size-full wp-lightbox-container\"><img loading=\"lazy\" color=\"b5bfca\" transparency=\"false\" style=\"--dominant-color: #b5bfca;\" decoding=\"async\" width=\"1000\" height=\"563\" hide=\"state.isContentHidden\" show=\"state.isContentVisible\" init=\"callbacks.setButtonStyles\" click=\"actions.showLightbox\" load=\"callbacks.setButtonStyles\" resize=\"callbacks.setButtonStyles\" src=\"https:\/\/jaxtoday.org\/wp-content\/uploads\/2025\/04\/March-6-American-Beach-images-CONDENSED-2.jpg\" alt=\"\" class=\"not-transparent wp-image-90805\" srcset=\"https:\/\/jaxtoday.org\/wp-content\/uploads\/2025\/04\/March-6-American-Beach-images-CONDENSED-2.jpg 1000w, https:\/\/jaxtoday.org\/wp-content\/uploads\/2025\/04\/March-6-American-Beach-images-CONDENSED-2-300x169.jpg 300w, https:\/\/jaxtoday.org\/wp-content\/uploads\/2025\/04\/March-6-American-Beach-images-CONDENSED-2-768x432.jpg 768w, https:\/\/jaxtoday.org\/wp-content\/uploads\/2025\/04\/March-6-American-Beach-images-CONDENSED-2-800x450.jpg 800w, https:\/\/jaxtoday.org\/wp-content\/uploads\/2025\/04\/March-6-American-Beach-images-CONDENSED-2-426x240.jpg 426w, https:\/\/jaxtoday.org\/wp-content\/uploads\/2025\/04\/March-6-American-Beach-images-CONDENSED-2-100x56.jpg 100w\" sizes=\"auto, (max-width: 1000px) 100vw, 1000px\"\/><button class=\"lightbox-trigger\" type=\"button\" aria-haspopup=\"dialog\" aria-label=\"Enlarge image\" data-wp-init=\"callbacks.initTriggerButton\" data-wp-on-async--click=\"actions.showLightbox\" data-wp-style--right=\"state.imageButtonRight\" data-wp-style--top=\"state.imageButtonTop\"><br \/>\n\t\t\t<svg xmlns=\"http:\/\/www.w3.org\/2000\/svg\" width=\"12\" height=\"12\" fill=\"none\" viewbox=\"0 0 12 12\">\n\t\t\t\t<path fill=\"#fff\" d=\"M2 0a2 2 0 0 0-2 2v2h1.5V2a.5.5 0 0 1 .5-.5h2V0H2Zm2 10.5H2a.5.5 0 0 1-.5-.5V8H0v2a2 2 0 0 0 2 2h2v-1.5ZM8 12v-1.5h2a.5.5 0 0 0 .5-.5V8H12v2a2 2 0 0 1-2 2H8Zm2-12a2 2 0 0 1 2 2v2h-1.5V2a.5.5 0 0 0-.5-.5H8V0h2Z\"\/>\n\t\t\t<\/svg><br \/>\n\t\t<\/button><figcaption class=\"wp-element-caption\">As placas explicam as regras para dirigir na praia em American Beach. | Will Brown, Jacksonville hoje<\/figcaption><\/figure>\n<\/div>\n<h3 class=\"wp-block-heading\">Poder de tartaruga<\/h3>\n<p>A esta\u00e7\u00e3o de nidifica\u00e7\u00e3o de tartarugas marinhas na pen\u00ednsula come\u00e7a j\u00e1 em mar\u00e7o. A Comiss\u00e3o de Conserva\u00e7\u00e3o de Peixes e Vida Selvagem da Fl\u00f3rida afirma que <a href=\"https:\/\/myfwc.com\/research\/wildlife\/sea-turtles\/nesting\/loggerhead\/\" rel=\"nofollow noopener\" target=\"_blank\">Esta\u00e7\u00e3o da tartaruga de Loggerhead<\/a> vai de abril a setembro, enquanto <a href=\"https:\/\/myfwc.com\/research\/wildlife\/sea-turtles\/nesting\/green-turtle\/\" rel=\"nofollow noopener\" target=\"_blank\">esta\u00e7\u00e3o de tartaruga mar\u00edtima verde<\/a> \u00e9 de junho a setembro.<\/p>\n<p>Dados do Instituto de Fish e Vida Selvagem da Fl\u00f3rida indicam que os ninhos de tartarugas verdes e de couro foram observados na Ilha Amelia. Seus dados n\u00e3o especificam se os ninhos foram vistos em locais com acesso \u00e0 dire\u00e7\u00e3o da praia como American Beach, Seaside Park, Peter&#8217;s Point ou em outro lugar.<\/p>\n<p>Em 2024, apenas um ninho de tartaruga verde foi visto no condado &#8211; dos 14.308 na Fl\u00f3rida. No ano passado, houve 222 ninhos de tartarugas de madeira avistados no Condado de Nassau, que representam 0,2% dos 110.228 registrados em todo o estado.<\/p>\n<h3 class=\"wp-block-heading\">Impacto ambiental<\/h3>\n<p>No ano passado, a Save American Beach contratou Christy Swann para estudar o efeito que dirigia ao longo da American Beach.<\/p>\n<p>Swann, fundador e CEO da empresa de tecnologia ambiental RCoast, estudou a ren\u00fancia de praia e o reabastecimento de dunas no Texas, Louisiana e Carolina do Norte. Ela encontrou as dunas que protegem os moradores da American Beach do Oceano Atl\u00e2ntico est\u00e3o perdendo sua capacidade de se recuperar.<\/p>\n<div class=\"wp-block-image\">\n<figure data-wp-context=\"{\"imageid\":\"67ec4e57d77e4\"}\" data-wp-interactive=\"core\/image\" class=\"aligncenter size-full wp-lightbox-container\"><img loading=\"lazy\" color=\"8f9886\" transparency=\"false\" style=\"--dominant-color: #8f9886;\" decoding=\"async\" width=\"1000\" height=\"667\" hide=\"state.isContentHidden\" show=\"state.isContentVisible\" init=\"callbacks.setButtonStyles\" click=\"actions.showLightbox\" load=\"callbacks.setButtonStyles\" resize=\"callbacks.setButtonStyles\" src=\"https:\/\/jaxtoday.org\/wp-content\/uploads\/2025\/04\/March-6-American-Beach-images-CONDENSED-6.jpg\" alt=\"\" class=\"not-transparent wp-image-90809\" srcset=\"https:\/\/jaxtoday.org\/wp-content\/uploads\/2025\/04\/March-6-American-Beach-images-CONDENSED-6.jpg 1000w, https:\/\/jaxtoday.org\/wp-content\/uploads\/2025\/04\/March-6-American-Beach-images-CONDENSED-6-300x200.jpg 300w, https:\/\/jaxtoday.org\/wp-content\/uploads\/2025\/04\/March-6-American-Beach-images-CONDENSED-6-768x512.jpg 768w, https:\/\/jaxtoday.org\/wp-content\/uploads\/2025\/04\/March-6-American-Beach-images-CONDENSED-6-360x240.jpg 360w, https:\/\/jaxtoday.org\/wp-content\/uploads\/2025\/04\/March-6-American-Beach-images-CONDENSED-6-100x67.jpg 100w\" sizes=\"auto, (max-width: 1000px) 100vw, 1000px\"\/><button class=\"lightbox-trigger\" type=\"button\" aria-haspopup=\"dialog\" aria-label=\"Enlarge image\" data-wp-init=\"callbacks.initTriggerButton\" data-wp-on-async--click=\"actions.showLightbox\" data-wp-style--right=\"state.imageButtonRight\" data-wp-style--top=\"state.imageButtonTop\"><br \/>\n\t\t\t<svg xmlns=\"http:\/\/www.w3.org\/2000\/svg\" width=\"12\" height=\"12\" fill=\"none\" viewbox=\"0 0 12 12\">\n\t\t\t\t<path fill=\"#fff\" d=\"M2 0a2 2 0 0 0-2 2v2h1.5V2a.5.5 0 0 1 .5-.5h2V0H2Zm2 10.5H2a.5.5 0 0 1-.5-.5V8H0v2a2 2 0 0 0 2 2h2v-1.5ZM8 12v-1.5h2a.5.5 0 0 0 .5-.5V8H12v2a2 2 0 0 1-2 2H8Zm2-12a2 2 0 0 1 2 2v2h-1.5V2a.5.5 0 0 0-.5-.5H8V0h2Z\"\/>\n\t\t\t<\/svg><br \/>\n\t\t<\/button><figcaption class=\"wp-element-caption\">Um estudo descobriu que a condu\u00e7\u00e3o na praia \u00e9 uma das raz\u00f5es pelas quais as dunas est\u00e3o perdendo sua capacidade de se recuperar de tempestades. | Will Brown, Jacksonville hoje<\/figcaption><\/figure>\n<\/div>\n<p>&#8220;H\u00e1 um potencial substancial de recupera\u00e7\u00e3o se for proibido a dire\u00e7\u00e3o da praia, ou os postos de condu\u00e7\u00e3o na praia forem transferidos para o seu posicionamento pr\u00e9-nicole&#8221;, escreveu Swann em um relat\u00f3rio compartilhado com os comiss\u00e1rios do condado de Nassau no outono passado. &#8220;As obstru\u00e7\u00f5es que est\u00e3o impedindo que as dunas se recuperem, como naturalmente, est\u00e3o dirigindo na praia e a marcha \u00e0 terra do posto de condu\u00e7\u00e3o na praia&#8221;.<\/p>\n<p>Quando o Centro Nacional de Hurricane produziu um relat\u00f3rio de ciclone tropical sobre o furac\u00e3o Nicole em mar\u00e7o de 2023, descobriu que, embora fosse improv\u00e1vel que a atividade da for\u00e7a de furac\u00e3o impactou qualquer parte da costa da Fl\u00f3rida, a costa estava vulner\u00e1vel a danos, porque o furac\u00e3o Ian explodiu no estado menos de dois meses.<\/p>\n<p>O Condado de Nassau e a American Beach n\u00e3o foram impactados por tempestades durante as duas \u00faltimas temporadas de furac\u00f5es.<\/p>\n<p>No entanto, \u00e9 preciso apenas um evento tropical para alterar d\u00e9cadas de planos.<\/p>\n<figure data-wp-context=\"{\"imageid\":\"67ec4e57d7f2c\"}\" data-wp-interactive=\"core\/image\" class=\"wp-block-image alignwide size-full wp-lightbox-container\"><img loading=\"lazy\" color=\"cbcfd3\" transparency=\"false\" style=\"--dominant-color: #cbcfd3;\" decoding=\"async\" width=\"1000\" height=\"563\" hide=\"state.isContentHidden\" show=\"state.isContentVisible\" init=\"callbacks.setButtonStyles\" click=\"actions.showLightbox\" load=\"callbacks.setButtonStyles\" resize=\"callbacks.setButtonStyles\" src=\"https:\/\/jaxtoday.org\/wp-content\/uploads\/2025\/04\/March-6-American-Beach-images-CONDENSED-7.jpg\" alt=\"\" class=\"not-transparent wp-image-90810\" srcset=\"https:\/\/jaxtoday.org\/wp-content\/uploads\/2025\/04\/March-6-American-Beach-images-CONDENSED-7.jpg 1000w, https:\/\/jaxtoday.org\/wp-content\/uploads\/2025\/04\/March-6-American-Beach-images-CONDENSED-7-300x169.jpg 300w, https:\/\/jaxtoday.org\/wp-content\/uploads\/2025\/04\/March-6-American-Beach-images-CONDENSED-7-768x432.jpg 768w, https:\/\/jaxtoday.org\/wp-content\/uploads\/2025\/04\/March-6-American-Beach-images-CONDENSED-7-800x450.jpg 800w, https:\/\/jaxtoday.org\/wp-content\/uploads\/2025\/04\/March-6-American-Beach-images-CONDENSED-7-426x240.jpg 426w, https:\/\/jaxtoday.org\/wp-content\/uploads\/2025\/04\/March-6-American-Beach-images-CONDENSED-7-100x56.jpg 100w\" sizes=\"auto, (max-width: 1000px) 100vw, 1000px\"\/><button class=\"lightbox-trigger\" type=\"button\" aria-haspopup=\"dialog\" aria-label=\"Enlarge image\" data-wp-init=\"callbacks.initTriggerButton\" data-wp-on-async--click=\"actions.showLightbox\" data-wp-style--right=\"state.imageButtonRight\" data-wp-style--top=\"state.imageButtonTop\"><br \/>\n\t\t\t<svg xmlns=\"http:\/\/www.w3.org\/2000\/svg\" width=\"12\" height=\"12\" fill=\"none\" viewbox=\"0 0 12 12\">\n\t\t\t\t<path fill=\"#fff\" d=\"M2 0a2 2 0 0 0-2 2v2h1.5V2a.5.5 0 0 1 .5-.5h2V0H2Zm2 10.5H2a.5.5 0 0 1-.5-.5V8H0v2a2 2 0 0 0 2 2h2v-1.5ZM8 12v-1.5h2a.5.5 0 0 0 .5-.5V8H12v2a2 2 0 0 1-2 2H8Zm2-12a2 2 0 0 1 2 2v2h-1.5V2a.5.5 0 0 0-.5-.5H8V0h2Z\"\/>\n\t\t\t<\/svg><br \/>\n\t\t<\/button><figcaption class=\"wp-element-caption\">Mark Dawkins, presidente da Save American Beach, espera que uma solu\u00e7\u00e3o para dirigir na praia possa ser alcan\u00e7ada antes do pr\u00f3ximo golpe de tempestade em terra. | Will Brown, Jacksonville hoje<\/figcaption><\/figure>\n<p>Dawkins espera que os residentes da American Beach e o Condado de Nassau possam encontrar uma solu\u00e7\u00e3o &#8211; embora conversas ou lit\u00edgios &#8211; antes que a pr\u00f3xima tempestade exploda em terra.<\/p>\n<p>&#8220;Temos nossos bra\u00e7os abertos e dizemos que acolhemos todos, independentemente da ra\u00e7a, g\u00eanero ou qualquer caracter\u00edstica f\u00edsica&#8221;, disse Dawkins. &#8220;\u00c9 uma bela praia. Queremos que as pessoas gostem. Quando dizemos pessoas, queremos dizer todo mundo.&#8221;<\/p>\n<\/div>\n<p><br \/>\n<br \/><a href=\"https:\/\/jaxtoday.org\/2025\/04\/01\/american-beach-driving-fight\/\">Source link <\/a><\/p>","protected":false},"excerpt":{"rendered":"<p>Os propriet\u00e1rios de casas da American Beach entrar\u00e3o com um processo contra o condado de Nassau este m\u00eas, na tentativa de eliminar a praia nas areias entre as famosas dunas&hellip;<\/p>","protected":false},"author":1,"featured_media":115869,"comment_status":"closed","ping_status":"open","sticky":false,"template":"","format":"standard","meta":{"content-type":"","footnotes":""},"categories":[1],"tags":[],"class_list":["post-115868","post","type-post","status-publish","format-standard","has-post-thumbnail","hentry","category-uncategorized"],"_links":{"self":[{"href":"https:\/\/tvbrazilusa.com\/pt\/wp-json\/wp\/v2\/posts\/115868","targetHints":{"allow":["GET"]}}],"collection":[{"href":"https:\/\/tvbrazilusa.com\/pt\/wp-json\/wp\/v2\/posts"}],"about":[{"href":"https:\/\/tvbrazilusa.com\/pt\/wp-json\/wp\/v2\/types\/post"}],"author":[{"embeddable":true,"href":"https:\/\/tvbrazilusa.com\/pt\/wp-json\/wp\/v2\/users\/1"}],"replies":[{"embeddable":true,"href":"https:\/\/tvbrazilusa.com\/pt\/wp-json\/wp\/v2\/comments?post=115868"}],"version-history":[{"count":1,"href":"https:\/\/tvbrazilusa.com\/pt\/wp-json\/wp\/v2\/posts\/115868\/revisions"}],"predecessor-version":[{"id":115870,"href":"https:\/\/tvbrazilusa.com\/pt\/wp-json\/wp\/v2\/posts\/115868\/revisions\/115870"}],"wp:featuredmedia":[{"embeddable":true,"href":"https:\/\/tvbrazilusa.com\/pt\/wp-json\/wp\/v2\/media\/115869"}],"wp:attachment":[{"href":"https:\/\/tvbrazilusa.com\/pt\/wp-json\/wp\/v2\/media?parent=115868"}],"wp:term":[{"taxonomy":"category","embeddable":true,"href":"https:\/\/tvbrazilusa.com\/pt\/wp-json\/wp\/v2\/categories?post=115868"},{"taxonomy":"post_tag","embeddable":true,"href":"https:\/\/tvbrazilusa.com\/pt\/wp-json\/wp\/v2\/tags?post=115868"}],"curies":[{"name":"wp","href":"https:\/\/api.w.org\/{rel}","templated":true}]}}