{"id":115886,"date":"2025-04-01T21:31:29","date_gmt":"2025-04-01T21:31:29","guid":{"rendered":"https:\/\/tvbrazilusa.com\/2025\/04\/01\/ministro-fachin-rejeita-pedido-de-toffoli-para-anular-atos-da-lava-jato-contra-palocci\/"},"modified":"2025-04-01T21:31:30","modified_gmt":"2025-04-01T21:31:30","slug":"ministro-fachin-rejeita-pedido-de-toffoli-para-anular-atos-da-lava-jato-contra-palocci","status":"publish","type":"post","link":"https:\/\/tvbrazilusa.com\/pt\/2025\/04\/01\/ministro-fachin-rejeita-pedido-de-toffoli-para-anular-atos-da-lava-jato-contra-palocci\/","title":{"rendered":"Ministro Fachin rejeita pedido de Toffoli para anular atos da Lava Jato contra Palocci"},"content":{"rendered":"<p> <script async src=\"https:\/\/pagead2.googlesyndication.com\/pagead\/js\/adsbygoogle.js?client=ca-pub-8864793242727901\"\r\n     crossorigin=\"anonymous\"><\/script><br \/>\n<\/p>\n<div id=\"taboola-read-more\" style=\"display:block; width:100%\">\n<p>O ministro Luiz Edson Fachin, do STF (Supremo Tribunal Federal), abriu diverg\u00eancia nesta ter\u00e7a-feira (1\u00b0) no julgamento do recurso contra a decis\u00e3o que anulou todos os atos da Lava Jato contra Antonio Palocci, ex-ministro de governos de Lula e Dilma Rousseff (ambos do PT).\n<\/p>\n<p>O magistrado rejeita a derrubada e afirma n\u00e3o ser poss\u00edvel descontinuar todos os atos judiciais contra Palocci de forma autom\u00e1tica em decorr\u00eancia das anula\u00e7\u00f5es anteriores.<\/p>\n<p>A Segunda Turma do STF analisa um recurso da PGR (Procuradoria-Geral da Rep\u00fablica) contra a decis\u00e3o do ministro Dias Toffoli. Segundo o pedido da acusa\u00e7\u00e3o, n\u00e3o h\u00e1 correlac\u0327a\u0303o estrita entre o pedido de extens\u00e3o anula\u00e7\u00e3o dos atos contra o empres\u00e1rio Marcelo Odebrecht e o caso de Palocci.\n<\/p>\n<p>Ainda faltam os votos dos ministros Kassio Nunes Marques e Andr\u00e9 Mendon\u00e7a.\n<\/p>\n<p>A vota\u00e7\u00e3o ocorre em plen\u00e1rio virtual, onde os ministros colocam seus votos na plataforma de modo remoto. O julgamento segue at\u00e9 a pr\u00f3xima sexta (4).\n<\/p>\n<p>Palocci foi ministro da Fazenda de Lula e da Casa Civil de Dilma \u2014cargos que deixou com o envolvimento nos esc\u00e2ndalos investigados na opera\u00e7\u00e3o.\n<\/p>\n<p>Para Fachin, o Supremo tem indeferido diversos pedidos de extensa\u0303o por entender ser necess\u00e1ria a demonstra\u00e7\u00e3o da semelhan\u00e7a entre a decis\u00e3o referenciada e o caso concreto.\n<\/p>\n<p>&#8220;Absolutamente na\u0303o se verifica a presenc\u0327a de identidade fa\u0301tica e similitude entre o que ja\u0301 decidido nos processos indicados como paradigma e o que se pleiteou nesses autos&#8221;, disse o ministro.\n<\/p>\n<p>Os advogados do ex-ministro solicitaram para Toffoli que estendesse a Palocci os benef\u00edcios concedidos a Marcelo Odebrecht, sob o argumento de que mensagens obtidas pela Opera\u00e7\u00e3o Spoofing (que investigou os respons\u00e1veis por hackear e vazar conversas de procuradores) apontavam parcialidade de Moro e &#8220;incontest\u00e1vel quadro de conluio processual entre acusa\u00e7\u00e3o e defesa&#8221;.\n<\/p>\n<p>Ainda, de acordo com Fachin, n\u00e3o \u00e9 poss\u00edvel ampliar a decis\u00e3o anterior para tratar de questo\u0303es relacionadas a\u0300 prova ili\u0301cita, apreciac\u0327a\u0303o de dia\u0301logos de agentes pu\u0301blicos obtidos na Spoofing e mate\u0301rias que deveriam ser discutidas e apreciadas nas insta\u0302ncias inferiores.\n<\/p>\n<p>&#8220;Os fatos sa\u0303o substancialmente distintos dos julgados dessa colenda Turma em que se busca a extensa\u0303o de efeitos, ale\u0301m de demandar a minuciosa ana\u0301lise fa\u0301tico-probato\u0301ria, impossi\u0301vel de se realizar em ac\u0327o\u0303es reclamato\u0301rias e muito menos em pedidos de extensa\u0303o como ocorre no caso, sem que se garanta o devido processo legal e o contradito\u0301rio nas insta\u0302ncias competentes&#8221;, afirma o ministro.\n<\/p>\n<p>Fachin tamb\u00e9m afirma que os dia\u0301logos tornados p\u00fablicos merecem aten\u00e7\u00e3o do Judici\u00e1rio, mas em processos adequados para tal.\n<\/p>\n<p>&#8220;Os dia\u0301logos obtidos ilicitamente sa\u0303o graves, merecem ser apurados e o Judicia\u0301rio deve dar uma resposta sobre eles, especialmente porque podem dar novo sentido aos fatos que sa\u0303o eventualmente objeto de investigac\u0327a\u0303o nas mais variadas insta\u0302ncias judiciais. Para isso, contudo, e\u0301 fundamental que se observe o devido processo legal, com a peri\u0301cia oficial desses dia\u0301logos, a sua adequada contextualizac\u0327a\u0303o (com a possi\u0301vel produc\u0327a\u0303o de novas provas) e a indispensa\u0301vel oitiva dos envolvidos&#8221;, disse.\n<\/p>\n<p>Fonte: Folha de S.Pauo              <\/p>\n<\/div>\n<p><br \/>\n<br \/><a href=\"https:\/\/diariodobrasilnoticias.com.br\/noticia\/ministro-fachin-rejeita-pedido-de-toffoli-para-anular-atos-da-lava-jato-contra-palocci-67ec40867756a\">Source link <\/a><\/p>","protected":false},"excerpt":{"rendered":"<p>O ministro Luiz Edson Fachin, do STF (Supremo Tribunal Federal), abriu diverg\u00eancia nesta ter\u00e7a-feira (1\u00b0) no julgamento do recurso contra a decis\u00e3o que anulou todos os atos da Lava Jato&hellip;<\/p>","protected":false},"author":1,"featured_media":115887,"comment_status":"closed","ping_status":"open","sticky":false,"template":"","format":"standard","meta":{"content-type":"","footnotes":""},"categories":[16],"tags":[123,2448,5313,1267],"class_list":["post-115886","post","type-post","status-publish","format-standard","has-post-thumbnail","hentry","category-noticias","tag-brasil","tag-diario","tag-noticia","tag-noticias"],"_links":{"self":[{"href":"https:\/\/tvbrazilusa.com\/pt\/wp-json\/wp\/v2\/posts\/115886","targetHints":{"allow":["GET"]}}],"collection":[{"href":"https:\/\/tvbrazilusa.com\/pt\/wp-json\/wp\/v2\/posts"}],"about":[{"href":"https:\/\/tvbrazilusa.com\/pt\/wp-json\/wp\/v2\/types\/post"}],"author":[{"embeddable":true,"href":"https:\/\/tvbrazilusa.com\/pt\/wp-json\/wp\/v2\/users\/1"}],"replies":[{"embeddable":true,"href":"https:\/\/tvbrazilusa.com\/pt\/wp-json\/wp\/v2\/comments?post=115886"}],"version-history":[{"count":1,"href":"https:\/\/tvbrazilusa.com\/pt\/wp-json\/wp\/v2\/posts\/115886\/revisions"}],"predecessor-version":[{"id":115888,"href":"https:\/\/tvbrazilusa.com\/pt\/wp-json\/wp\/v2\/posts\/115886\/revisions\/115888"}],"wp:featuredmedia":[{"embeddable":true,"href":"https:\/\/tvbrazilusa.com\/pt\/wp-json\/wp\/v2\/media\/115887"}],"wp:attachment":[{"href":"https:\/\/tvbrazilusa.com\/pt\/wp-json\/wp\/v2\/media?parent=115886"}],"wp:term":[{"taxonomy":"category","embeddable":true,"href":"https:\/\/tvbrazilusa.com\/pt\/wp-json\/wp\/v2\/categories?post=115886"},{"taxonomy":"post_tag","embeddable":true,"href":"https:\/\/tvbrazilusa.com\/pt\/wp-json\/wp\/v2\/tags?post=115886"}],"curies":[{"name":"wp","href":"https:\/\/api.w.org\/{rel}","templated":true}]}}