{"id":115895,"date":"2025-04-01T21:57:55","date_gmt":"2025-04-01T21:57:55","guid":{"rendered":"https:\/\/tvbrazilusa.com\/2025\/04\/01\/moraes-usa-aviao-da-fab-para-assistir-a-jogo-do-corinthians\/"},"modified":"2025-04-01T21:57:56","modified_gmt":"2025-04-01T21:57:56","slug":"moraes-usa-aviao-da-fab-para-assistir-a-jogo-do-corinthians","status":"publish","type":"post","link":"https:\/\/tvbrazilusa.com\/pt\/2025\/04\/01\/moraes-usa-aviao-da-fab-para-assistir-a-jogo-do-corinthians\/","title":{"rendered":"Moraes usa avi\u00e3o da FAB para assistir a jogo do Corinthians"},"content":{"rendered":"<p> <script async src=\"https:\/\/pagead2.googlesyndication.com\/pagead\/js\/adsbygoogle.js?client=ca-pub-8864793242727901\"\r\n     crossorigin=\"anonymous\"><\/script><br \/>\n<\/p>\n<div id=\"taboola-read-more\" style=\"display:block; width:100%\">\n<p>O ministro Alexandre de Moraes, do Supremo Tribunal Federal (STF), utilizou um avi\u00e3o da FAB (For\u00e7a A\u00e9rea Brasileira) para viajar de Bras\u00edlia a S\u00e3o Paulo na \u00faltima quarta, 26, v\u00e9spera da final do Campeonato Paulista entre Corinthians e Palmeiras, segundo o jornal Folha de S.Paulo.\n<\/p>\n<p>De acordo com informa\u00e7\u00f5es dispon\u00edveis do site da FAB, o ministro justificou o uso da aeronave por raz\u00f5es de seguran\u00e7a.<\/p>\n<p>Na noite de quinta-feira, 27, Moraes, que \u00e9 corintiano, assistiu ao jogo ao lado do ministro Fl\u00e1vio Dino e viu o Corinthians vencer a competi\u00e7\u00e3o. No dia seguinte, sexta-feira, 28, o ministro participou do semin\u00e1rio \u201cDemocracia, Justi\u00e7a, Pol\u00edtica e o Futuro do Minist\u00e9rio P\u00fablico na Perspectiva Feminina\u201d, em S\u00e3o Paulo.\n<\/p>\n<p>At\u00e9 2023, apenas o presidente do STF tinha direito ao uso de um avi\u00e3o oficial. Ap\u00f3s o ataque de 8 de janeiro, contudo, os ministro passaram a solicitar com frequ\u00eancia a aeronaves oficial, alegando necessidade de seguran\u00e7a.\n<\/p>\n<p><strong>Vaquinha da Arena<\/strong><br \/>No ano passado, Moraes contribuiu com uma doa\u00e7\u00e3o para o Corinthians quitar a d\u00edvida da constru\u00e7\u00e3o da Neo Qu\u00edmica Arena.\n<\/p>\n<p>Segundo a assessoria, o ministro ajudou na vaquinha com uma contribui\u00e7\u00e3o \u201csimb\u00f3lica\u201d, mas n\u00e3o revelou o valor.\n<\/p>\n<p>Moraes recebeu um certificado digital com um agradecimento pela colabora\u00e7\u00e3o.\n<\/p>\n<p>Eis a \u00edntegra do texto recebido pelos doadores:\n<\/p>\n<p>\u201cA Fiel Torcida certifica que Alexandre de Moraes doou seu amor pelo Tim\u00e3o.\n<\/p>\n<p>Este certificado representa um pequeno gesto com valor imensur\u00e1vel e simboliza mais do que uma simples doa\u00e7\u00e3o.\n<\/p>\n<p>Ele representa o amor incondicional, a uni\u00e3o e o comprometimento de cada torcedor, que, como voc\u00ea, faz parte desta hist\u00f3ria. Porque o Corinthians \u00e9 mais que um time, e o Corinthiano \u00e9 mais que um torcedor.\n<\/p>\n<p>Voc\u00ea escreveu seu nome no cora\u00e7\u00e3o do nosso est\u00e1dio e contribuiu para o futuro do nosso Corinthians, da nossa torcida e da nossa casa. Obrigado por se juntar a n\u00f3s nesse projeto t\u00e3o importante para a quita\u00e7\u00e3o da Arena Corinthians!\u201c\n<\/p>\n<p>Moraes n\u00e3o esconde a sua torcida pelo Corinthians.\n<\/p>\n<p>Durante sess\u00e3o, em 2023, ele brincou com o ministro Dias Toffoli, que \u00e9 palmeirense, dizendo que o \u201cPalmeiras n\u00e3o tem Mundial\u201d.\n<\/p>\n<p>Fonte: O Antagonista              <\/p>\n<\/div>\n<p><br \/>\n<br \/><a href=\"https:\/\/diariodobrasilnoticias.com.br\/noticia\/moraes-usa-aviao-da-fab-para-assistir-a-jogo-do-corinthians-67ec40e006e12\">Source link <\/a><\/p>","protected":false},"excerpt":{"rendered":"<p>O ministro Alexandre de Moraes, do Supremo Tribunal Federal (STF), utilizou um avi\u00e3o da FAB (For\u00e7a A\u00e9rea Brasileira) para viajar de Bras\u00edlia a S\u00e3o Paulo na \u00faltima quarta, 26, v\u00e9spera&hellip;<\/p>","protected":false},"author":1,"featured_media":115896,"comment_status":"closed","ping_status":"open","sticky":false,"template":"","format":"standard","meta":{"content-type":"","footnotes":""},"categories":[16],"tags":[123,2448,5313,1267],"class_list":["post-115895","post","type-post","status-publish","format-standard","has-post-thumbnail","hentry","category-noticias","tag-brasil","tag-diario","tag-noticia","tag-noticias"],"_links":{"self":[{"href":"https:\/\/tvbrazilusa.com\/pt\/wp-json\/wp\/v2\/posts\/115895","targetHints":{"allow":["GET"]}}],"collection":[{"href":"https:\/\/tvbrazilusa.com\/pt\/wp-json\/wp\/v2\/posts"}],"about":[{"href":"https:\/\/tvbrazilusa.com\/pt\/wp-json\/wp\/v2\/types\/post"}],"author":[{"embeddable":true,"href":"https:\/\/tvbrazilusa.com\/pt\/wp-json\/wp\/v2\/users\/1"}],"replies":[{"embeddable":true,"href":"https:\/\/tvbrazilusa.com\/pt\/wp-json\/wp\/v2\/comments?post=115895"}],"version-history":[{"count":1,"href":"https:\/\/tvbrazilusa.com\/pt\/wp-json\/wp\/v2\/posts\/115895\/revisions"}],"predecessor-version":[{"id":115897,"href":"https:\/\/tvbrazilusa.com\/pt\/wp-json\/wp\/v2\/posts\/115895\/revisions\/115897"}],"wp:featuredmedia":[{"embeddable":true,"href":"https:\/\/tvbrazilusa.com\/pt\/wp-json\/wp\/v2\/media\/115896"}],"wp:attachment":[{"href":"https:\/\/tvbrazilusa.com\/pt\/wp-json\/wp\/v2\/media?parent=115895"}],"wp:term":[{"taxonomy":"category","embeddable":true,"href":"https:\/\/tvbrazilusa.com\/pt\/wp-json\/wp\/v2\/categories?post=115895"},{"taxonomy":"post_tag","embeddable":true,"href":"https:\/\/tvbrazilusa.com\/pt\/wp-json\/wp\/v2\/tags?post=115895"}],"curies":[{"name":"wp","href":"https:\/\/api.w.org\/{rel}","templated":true}]}}