{"id":115898,"date":"2025-04-01T22:12:33","date_gmt":"2025-04-01T22:12:33","guid":{"rendered":"https:\/\/tvbrazilusa.com\/2025\/04\/01\/oposicao-faz-obstrucao-pela-anistia-e-derruba-a-ccj-na-camara-dos-deputados\/"},"modified":"2025-04-01T22:12:38","modified_gmt":"2025-04-01T22:12:38","slug":"oposicao-faz-obstrucao-pela-anistia-e-derruba-a-ccj-na-camara-dos-deputados","status":"publish","type":"post","link":"https:\/\/tvbrazilusa.com\/pt\/2025\/04\/01\/oposicao-faz-obstrucao-pela-anistia-e-derruba-a-ccj-na-camara-dos-deputados\/","title":{"rendered":"Oposi\u00e7\u00e3o faz obstru\u00e7\u00e3o pela anistia e derruba a CCJ na C\u00e2mara dos Deputados"},"content":{"rendered":"<p> <script async src=\"https:\/\/pagead2.googlesyndication.com\/pagead\/js\/adsbygoogle.js?client=ca-pub-8864793242727901\"\r\n     crossorigin=\"anonymous\"><\/script><br \/>\n<\/p>\n<div id=\"taboola-read-more\" style=\"display:block; width:100%\">\n<p>O ex-presidente Jair Bolsonaro (PL) e deputados se reuniram nesta 3\u00aa feira (1\u00ba.abr.2025) na casa do l\u00edder da Oposi\u00e7\u00e3o na C\u00e2mara dos Deputados, Luciano Zucco (PL-RS), para tra\u00e7ar estrat\u00e9gias em prol do andamento do projeto de lei da anistia aos condenados do 8 de Janeiro.\n<\/p>\n<p>Os congressistas decidiram manter a obstru\u00e7\u00e3o nas comiss\u00f5es e no plen\u00e1rio para pressionar pela vota\u00e7\u00e3o do projeto com urg\u00eancia. O movimento de obstru\u00e7\u00e3o come\u00e7ou na semana em que Bolsonaro se tornou r\u00e9u pelo STF (Supremo Tribunal Federal).<\/p>\n<p>A reuni\u00e3o foi realizada no apartamento funcional de Zucco. O vice-presidente da C\u00e2mara, Altineu C\u00f4rtes (PL-RJ), o l\u00edder do PL, S\u00f3stenes Cavalcante (RJ), e a l\u00edder da Minoria, Caroline De Toni (PL-SC), participaram do encontro com Bolsonaro.\n<\/p>\n<p>S\u00f3stenes espera por uma reuni\u00e3o com o presidente da C\u00e2mara, Hugo Motta (Republicanos-PB), para falar do assunto. O l\u00edder do PL havia dito que Motta se reuniria com os partidos favor\u00e1veis \u00e0 vota\u00e7\u00e3o do projeto nesta 3\u00aa feira (1\u00ba.abr), mas o encontro ainda n\u00e3o tem hora para ser realizado.\n<\/p>\n<p>CONDENADOS<br \/>Os deputados da oposi\u00e7\u00e3o tamb\u00e9m decidiram convocar a imprensa para ouvir familiares de presos do 8 de Janeiro na 4\u00aa feira (2.abr). O objetivo \u00e9 apresentar um relat\u00f3rio com relatos sobre \u201cabusos e viola\u00e7\u00f5es de direitos\u201d durante as pris\u00f5es.\n<\/p>\n<p>O Supremo tornou Bolsonaro r\u00e9u ao aceitar a den\u00fancia contra ele e outras 7 pessoas por tentativa de golpe de Estado em 2022. Trata-se do n\u00facleo central da organiza\u00e7\u00e3o criminosa, do qual, segundo as investiga\u00e7\u00f5es, partiam as principais decis\u00f5es e a\u00e7\u00f5es de impacto social.\n<\/p>\n<p>Est\u00e3o neste grupo:\n<\/p>\n<p>Jair Bolsonaro (PL), ex-presidente da Rep\u00fablica; <br \/>Alexandre Ramagem (PL-RJ), ex-diretor-geral da Abin (Ag\u00eancia Brasileira de Intelig\u00eancia) e deputado federal; <br \/>Almir Garnier, ex-comandante da Marinha; <br \/>Anderson Torres, ex-ministro da Justi\u00e7a; <br \/>Augusto Heleno, ex-ministro do GSI (Gabinete de Seguran\u00e7a Institucional); <br \/>Mauro Cid, ex-ajudante de ordens de Bolsonaro; <br \/>Paulo S\u00e9rgio Nogueira, ex-ministro da Defesa; e <br \/>Braga Netto, ex-ministro da Casa Civil e candidato a vice-presidente em 2022.\n<\/p>\n<p>Fonte: Poder 360              <\/p>\n<\/div>\n<p><br \/>\n<br \/><a href=\"https:\/\/diariodobrasilnoticias.com.br\/noticia\/oposicao-faz-obstrucao-pela-anistia-e-derruba-a-ccj-na-camara-dos-deputados-67ec42084e234\">Source link <\/a><\/p>","protected":false},"excerpt":{"rendered":"<p>O ex-presidente Jair Bolsonaro (PL) e deputados se reuniram nesta 3\u00aa feira (1\u00ba.abr.2025) na casa do l\u00edder da Oposi\u00e7\u00e3o na C\u00e2mara dos Deputados, Luciano Zucco (PL-RS), para tra\u00e7ar estrat\u00e9gias em&hellip;<\/p>","protected":false},"author":1,"featured_media":115899,"comment_status":"closed","ping_status":"open","sticky":false,"template":"","format":"standard","meta":{"content-type":"","footnotes":""},"categories":[16],"tags":[123,2448,5313,1267],"class_list":["post-115898","post","type-post","status-publish","format-standard","has-post-thumbnail","hentry","category-noticias","tag-brasil","tag-diario","tag-noticia","tag-noticias"],"_links":{"self":[{"href":"https:\/\/tvbrazilusa.com\/pt\/wp-json\/wp\/v2\/posts\/115898","targetHints":{"allow":["GET"]}}],"collection":[{"href":"https:\/\/tvbrazilusa.com\/pt\/wp-json\/wp\/v2\/posts"}],"about":[{"href":"https:\/\/tvbrazilusa.com\/pt\/wp-json\/wp\/v2\/types\/post"}],"author":[{"embeddable":true,"href":"https:\/\/tvbrazilusa.com\/pt\/wp-json\/wp\/v2\/users\/1"}],"replies":[{"embeddable":true,"href":"https:\/\/tvbrazilusa.com\/pt\/wp-json\/wp\/v2\/comments?post=115898"}],"version-history":[{"count":1,"href":"https:\/\/tvbrazilusa.com\/pt\/wp-json\/wp\/v2\/posts\/115898\/revisions"}],"predecessor-version":[{"id":115900,"href":"https:\/\/tvbrazilusa.com\/pt\/wp-json\/wp\/v2\/posts\/115898\/revisions\/115900"}],"wp:featuredmedia":[{"embeddable":true,"href":"https:\/\/tvbrazilusa.com\/pt\/wp-json\/wp\/v2\/media\/115899"}],"wp:attachment":[{"href":"https:\/\/tvbrazilusa.com\/pt\/wp-json\/wp\/v2\/media?parent=115898"}],"wp:term":[{"taxonomy":"category","embeddable":true,"href":"https:\/\/tvbrazilusa.com\/pt\/wp-json\/wp\/v2\/categories?post=115898"},{"taxonomy":"post_tag","embeddable":true,"href":"https:\/\/tvbrazilusa.com\/pt\/wp-json\/wp\/v2\/tags?post=115898"}],"curies":[{"name":"wp","href":"https:\/\/api.w.org\/{rel}","templated":true}]}}