{"id":115921,"date":"2025-04-01T23:26:28","date_gmt":"2025-04-01T23:26:28","guid":{"rendered":"https:\/\/tvbrazilusa.com\/2025\/04\/01\/recem-nascido-e-encontrado-no-lixo-por-garis\/"},"modified":"2025-04-01T23:26:30","modified_gmt":"2025-04-01T23:26:30","slug":"recem-nascido-e-encontrado-no-lixo-por-garis","status":"publish","type":"post","link":"https:\/\/tvbrazilusa.com\/pt\/2025\/04\/01\/recem-nascido-e-encontrado-no-lixo-por-garis\/","title":{"rendered":"Rec\u00e9m-nascido \u00e9 encontrado no lixo por garis"},"content":{"rendered":"<p> <script async src=\"https:\/\/pagead2.googlesyndication.com\/pagead\/js\/adsbygoogle.js?client=ca-pub-8864793242727901\"\r\n     crossorigin=\"anonymous\"><\/script><br \/>\n<\/p>\n<div id=\"taboola-read-more\" style=\"display:block; width:100%\">\n<p>Uma beb\u00ea rec\u00e9m-nascida foi encontrada dentro de uma sacola de lixo. O caso aconteceu, na madrugada desta ter\u00e7a-feira (1\u00ba), na rua Ouro Preto, que fica entre os bairros de Quintino e Cascadura, na Zona Norte do Rio de Janeiro.\n<\/p>\n<p>O resgate da crian\u00e7a foi feito por funcion\u00e1rios da Companhia Municipal de Limpeza Urbana (Comlurb).<\/p>\n<p>Um gari acionou os agentes do 9\u00ba BPM (Rocha Miranda) ap\u00f3s encontrar a nen\u00e9m entre res\u00edduos.\n<\/p>\n<p>Os policiais levaram a beb\u00ea para a Maternidade Herculano Pinheiro, em Madureira, tamb\u00e9m na Zona Norte, para que ela recebesse atendimento m\u00e9dico.\n<\/p>\n<p>Nas redes sociais circulam imagens que mostram a menina sendo encontrada.\n<\/p>\n<p>O Conselho Tutelar e a Vara da Inf\u00e2ncia foram comunicados sobre o caso.\n<\/p>\n<p>O gari Samuel da Silva Santos, que encontrou a crian\u00e7a, disse que pensou que era uma boneca.\n<\/p>\n<p>\u2013 Eu tava vindo do trabalho, entrei na rua para terminar o servi\u00e7o. A\u00ed, batendo um lixo, coletando, peguei uma caixa e joguei para dentro do caminh\u00e3o. Quando voltei, vi um neg\u00f3cio no ch\u00e3o e achei at\u00e9 que fosse uma boneca. Falei: \u201ccaraca, achei uma beb\u00ea reborn! Vou levar para minha filha\u201d \u2013 relatou.\n<\/p>\n<p>E acrescentou:\n<\/p>\n<p>\u2013 A\u00ed quando eu peguei na m\u00e3o, vi que era uma nenenzinha, a\u00ed come\u00e7ou a chorar e tudo. Paramos o servi\u00e7o.\n<\/p>\n<p>Samuel planeja adotar a beb\u00ea.\n<\/p>\n<p>\u2013 Depois do servi\u00e7o, quando acabou, fui l\u00e1 [hospital] fazer uma visita e t\u00f4 entrando em procedimento para a gente ver como faz para poder adotar ela.\n<\/p>\n<p>A rec\u00e9m-nascida est\u00e1 internada e tem quadro de sa\u00fade est\u00e1vel.\n<\/p>\n<p>O caso foi registrado na 40\u00aa DP (Hon\u00f3rio Gurgel) e encaminhado \u00e0 29\u00aa DP (Madureira), que ir\u00e1 investigar o epis\u00f3dio a fim de identificar quem abandonou a crian\u00e7a.\n<\/p>\n<p>Em nota, a Comlurb elogiou o trabalho dos funcion\u00e1rios e lamentou o ocorrido.\u00a0\n<\/p>\n<p>Fonte: Pleno News              <\/p>\n<\/div>\n<p><br \/>\n<br \/><a href=\"https:\/\/diariodobrasilnoticias.com.br\/noticia\/recem-nascido-e-encontrado-no-lixo-por-garis-67ec5d9f837dc\">Source link <\/a><\/p>","protected":false},"excerpt":{"rendered":"<p>Uma beb\u00ea rec\u00e9m-nascida foi encontrada dentro de uma sacola de lixo. O caso aconteceu, na madrugada desta ter\u00e7a-feira (1\u00ba), na rua Ouro Preto, que fica entre os bairros de Quintino&hellip;<\/p>","protected":false},"author":1,"featured_media":115922,"comment_status":"closed","ping_status":"open","sticky":false,"template":"","format":"standard","meta":{"content-type":"","footnotes":""},"categories":[16],"tags":[123,2448,5313,1267],"class_list":["post-115921","post","type-post","status-publish","format-standard","has-post-thumbnail","hentry","category-noticias","tag-brasil","tag-diario","tag-noticia","tag-noticias"],"_links":{"self":[{"href":"https:\/\/tvbrazilusa.com\/pt\/wp-json\/wp\/v2\/posts\/115921","targetHints":{"allow":["GET"]}}],"collection":[{"href":"https:\/\/tvbrazilusa.com\/pt\/wp-json\/wp\/v2\/posts"}],"about":[{"href":"https:\/\/tvbrazilusa.com\/pt\/wp-json\/wp\/v2\/types\/post"}],"author":[{"embeddable":true,"href":"https:\/\/tvbrazilusa.com\/pt\/wp-json\/wp\/v2\/users\/1"}],"replies":[{"embeddable":true,"href":"https:\/\/tvbrazilusa.com\/pt\/wp-json\/wp\/v2\/comments?post=115921"}],"version-history":[{"count":1,"href":"https:\/\/tvbrazilusa.com\/pt\/wp-json\/wp\/v2\/posts\/115921\/revisions"}],"predecessor-version":[{"id":115923,"href":"https:\/\/tvbrazilusa.com\/pt\/wp-json\/wp\/v2\/posts\/115921\/revisions\/115923"}],"wp:featuredmedia":[{"embeddable":true,"href":"https:\/\/tvbrazilusa.com\/pt\/wp-json\/wp\/v2\/media\/115922"}],"wp:attachment":[{"href":"https:\/\/tvbrazilusa.com\/pt\/wp-json\/wp\/v2\/media?parent=115921"}],"wp:term":[{"taxonomy":"category","embeddable":true,"href":"https:\/\/tvbrazilusa.com\/pt\/wp-json\/wp\/v2\/categories?post=115921"},{"taxonomy":"post_tag","embeddable":true,"href":"https:\/\/tvbrazilusa.com\/pt\/wp-json\/wp\/v2\/tags?post=115921"}],"curies":[{"name":"wp","href":"https:\/\/api.w.org\/{rel}","templated":true}]}}