{"id":115927,"date":"2025-04-01T23:50:13","date_gmt":"2025-04-01T23:50:13","guid":{"rendered":"https:\/\/tvbrazilusa.com\/2025\/04\/01\/urgente-pf-pede-que-moraes-destrua-passaporte-de-leo-indio\/"},"modified":"2025-04-01T23:50:15","modified_gmt":"2025-04-01T23:50:15","slug":"urgente-pf-pede-que-moraes-destrua-passaporte-de-leo-indio","status":"publish","type":"post","link":"https:\/\/tvbrazilusa.com\/pt\/2025\/04\/01\/urgente-pf-pede-que-moraes-destrua-passaporte-de-leo-indio\/","title":{"rendered":"URGENTE: PF pede que Moraes destrua passaporte de Leo \u00edndio"},"content":{"rendered":"<p> <script async src=\"https:\/\/pagead2.googlesyndication.com\/pagead\/js\/adsbygoogle.js?client=ca-pub-8864793242727901\"\r\n     crossorigin=\"anonymous\"><\/script><br \/>\n<\/p>\n<div id=\"taboola-read-more\" style=\"display:block; width:100%\">\n<p>A Pol\u00edcia Federal (PF) refor\u00e7ou, na segunda-feira (31), ao Supremo Tribunal Federal (STF) um pedido j\u00e1 feito em 2024 para destruir o passaporte de Leonardo Rodrigues de Jesus, conhecido como L\u00e9o \u00cdndio, que alega estar na Argentina.\n<\/p>\n<p>Relator do caso no STF, o ministro Alexandre de Moraes deu 48 horas na semana passada para os advogados explicarem a sa\u00edda dele do pa\u00eds.<\/p>\n<p>Segundo documento enviado pela defesa, L\u00e9o conseguiu perman\u00eancia provis\u00f3ria na Argentina at\u00e9 4 de junho de 2025, com permiss\u00e3o para trabalhar, morar, estudar e ter acesso aos servi\u00e7os de sa\u00fade p\u00fablica. O of\u00edcio foi assinado em 6 de mar\u00e7o.\n<\/p>\n<p>Ele est\u00e1 morando em Puerto Iguaz\u00fa, cidade da prov\u00edncia de Misiones, localizada a 18 quil\u00f4metros da \u00e1rea onde est\u00e3o as Cataratas do Igua\u00e7u.\n<\/p>\n<p>L\u00e9o falou em uma entrevista ter deixado o Brasil logo ap\u00f3s se tornar r\u00e9u no Supremo por participa\u00e7\u00e3o nos atos de 8 de janeiro de 2023.\n<\/p>\n<p>O caso no STF \u00e9 baseado em uma den\u00fancia da Procuradoria-Geral da Rep\u00fablica (PGR), que o acusa de ter cometido os crimes de:\n<\/p>\n<p>tentativa de abolic\u0327a\u0303o violenta do Estado Democra\u0301tico de Direito;<br \/>golpe de Estado;<br \/>dano qualificado pela viole\u0302ncia e grave ameac\u0327a, contra o patrimo\u0302nio da Unia\u0303o e com considera\u0301vel prejui\u0301zo para a vi\u0301tima;<br \/>e deteriorac\u0327a\u0303o de patrimo\u0302nio tombado.<br \/>De acordo com a PGR, o pro\u0301prio Le\u0301o \u00cdndio produziu, em suas redes sociais, provas \u201csuficientes\u201d para responder ao processo. Al\u00e9m disso, ele teria participado de grupos de WhatsApp com tema\u0301tica antidemocra\u0301tica, onde eram compartilhadas mensagens de insurreic\u0327a\u0303o.\n<\/p>\n<p>Apesar disso, a defesa do agora r\u00e9u negou a existe\u0302ncia de \u201cefetivas provas, nos autos, quanto a\u0300 participac\u0327a\u0303o dele no cometimento dos referidos crimes\u201d.\n<\/p>\n<p>Fonte: CNN Brasil              <\/p>\n<\/div>\n<p><br \/>\n<br \/><a href=\"https:\/\/diariodobrasilnoticias.com.br\/noticia\/urgente-pf-pede-que-moraes-destrua-passaporte-de-leo-indio-67ec5e77a2af3\">Source link <\/a><\/p>","protected":false},"excerpt":{"rendered":"<p>A Pol\u00edcia Federal (PF) refor\u00e7ou, na segunda-feira (31), ao Supremo Tribunal Federal (STF) um pedido j\u00e1 feito em 2024 para destruir o passaporte de Leonardo Rodrigues de Jesus, conhecido como&hellip;<\/p>","protected":false},"author":1,"featured_media":115928,"comment_status":"closed","ping_status":"open","sticky":false,"template":"","format":"standard","meta":{"content-type":"","footnotes":""},"categories":[16],"tags":[123,2448,5313,1267],"class_list":["post-115927","post","type-post","status-publish","format-standard","has-post-thumbnail","hentry","category-noticias","tag-brasil","tag-diario","tag-noticia","tag-noticias"],"_links":{"self":[{"href":"https:\/\/tvbrazilusa.com\/pt\/wp-json\/wp\/v2\/posts\/115927","targetHints":{"allow":["GET"]}}],"collection":[{"href":"https:\/\/tvbrazilusa.com\/pt\/wp-json\/wp\/v2\/posts"}],"about":[{"href":"https:\/\/tvbrazilusa.com\/pt\/wp-json\/wp\/v2\/types\/post"}],"author":[{"embeddable":true,"href":"https:\/\/tvbrazilusa.com\/pt\/wp-json\/wp\/v2\/users\/1"}],"replies":[{"embeddable":true,"href":"https:\/\/tvbrazilusa.com\/pt\/wp-json\/wp\/v2\/comments?post=115927"}],"version-history":[{"count":1,"href":"https:\/\/tvbrazilusa.com\/pt\/wp-json\/wp\/v2\/posts\/115927\/revisions"}],"predecessor-version":[{"id":115929,"href":"https:\/\/tvbrazilusa.com\/pt\/wp-json\/wp\/v2\/posts\/115927\/revisions\/115929"}],"wp:featuredmedia":[{"embeddable":true,"href":"https:\/\/tvbrazilusa.com\/pt\/wp-json\/wp\/v2\/media\/115928"}],"wp:attachment":[{"href":"https:\/\/tvbrazilusa.com\/pt\/wp-json\/wp\/v2\/media?parent=115927"}],"wp:term":[{"taxonomy":"category","embeddable":true,"href":"https:\/\/tvbrazilusa.com\/pt\/wp-json\/wp\/v2\/categories?post=115927"},{"taxonomy":"post_tag","embeddable":true,"href":"https:\/\/tvbrazilusa.com\/pt\/wp-json\/wp\/v2\/tags?post=115927"}],"curies":[{"name":"wp","href":"https:\/\/api.w.org\/{rel}","templated":true}]}}