{"id":115945,"date":"2025-04-02T00:52:36","date_gmt":"2025-04-02T00:52:36","guid":{"rendered":"https:\/\/tvbrazilusa.com\/2025\/04\/02\/celere-contra-bolsonaro-pgr-retem-caso-de-ministro-de-lula\/"},"modified":"2025-04-02T00:52:38","modified_gmt":"2025-04-02T00:52:38","slug":"celere-contra-bolsonaro-pgr-retem-caso-de-ministro-de-lula","status":"publish","type":"post","link":"https:\/\/tvbrazilusa.com\/pt\/2025\/04\/02\/celere-contra-bolsonaro-pgr-retem-caso-de-ministro-de-lula\/","title":{"rendered":"C\u00e9lere contra Bolsonaro, PGR ret\u00e9m caso de ministro de Lula"},"content":{"rendered":"<p> <script async src=\"https:\/\/pagead2.googlesyndication.com\/pagead\/js\/adsbygoogle.js?client=ca-pub-8864793242727901\"\r\n     crossorigin=\"anonymous\"><\/script><br \/>\n<\/p>\n<div id=\"taboola-read-more\" style=\"display:block; width:100%\">\n<p>O procurador-geral da Rep\u00fablica (PGR), Paulo Gonet, ret\u00e9m h\u00e1 pelo menos cinco meses o inqu\u00e9rito sobre a suspeita de corrup\u00e7\u00e3o envolvendo o ministro das Comunica\u00e7\u00f5es do governo Lula, Juscelino Filho (Uni\u00e3o Brasil).\n<\/p>\n<p>A Pol\u00edcia Federal o indiciou, em 12 de junho de 2024, por suspeita de organiza\u00e7\u00e3o criminosa, lavagem de dinheiro, corrup\u00e7\u00e3o passiva, falsidade ideol\u00f3gica e fraude em licita\u00e7\u00e3o de obras p\u00fablicas.<\/p>\n<p>A conclus\u00e3o do inqu\u00e9rito s\u00f3 foi para a PGR ap\u00f3s quatro meses, em 15 de outubro, de acordo com a institui\u00e7\u00e3o. Os documentos at\u00e9 foram enviados, mas em 21 de junho o Supremo Tribunal Federal (STF) requereu novamente os autos.\n<\/p>\n<p>Paulo Gonet vem recebendo muitas cr\u00edticas por parte de l\u00edderes da direita que, inevitavelmente, comparam a celeridade adotada em rela\u00e7\u00e3o ao ex-presidente Jair Bolsonaro (PL), no famigerado inqu\u00e9rito do suposto golpe de Estado, com a lentid\u00e3o e o desprendimento temporal no caso do ministro de Lula.\n<\/p>\n<p>A PGR levou apenas tr\u00eas meses para concluir a aprecia\u00e7\u00e3o e denunciar Bolsonaro e seus aliados, enquanto a mat\u00e9ria envolvendo Juscelino continua sem ser despachada h\u00e1 mais de cinco meses.\n<\/p>\n<p>Paulo Gonet teria dito a interlocutores, de acordo com a coluna de Igor Gadelha, do Metr\u00f3poles, que o caso do ministro de Lula \u00e9 menos urgente.\n<\/p>\n<p>Fonte: Pleno News              <\/p>\n<\/div>\n<p><br \/>\n<br \/><a href=\"https:\/\/diariodobrasilnoticias.com.br\/noticia\/celere-contra-bolsonaro-pgr-retem-caso-de-ministro-de-lula-67ec6de5e29d9\">Source link <\/a><\/p>","protected":false},"excerpt":{"rendered":"<p>O procurador-geral da Rep\u00fablica (PGR), Paulo Gonet, ret\u00e9m h\u00e1 pelo menos cinco meses o inqu\u00e9rito sobre a suspeita de corrup\u00e7\u00e3o envolvendo o ministro das Comunica\u00e7\u00f5es do governo Lula, Juscelino Filho&hellip;<\/p>","protected":false},"author":1,"featured_media":115946,"comment_status":"closed","ping_status":"open","sticky":false,"template":"","format":"standard","meta":{"content-type":"","footnotes":""},"categories":[16],"tags":[123,2448,5313,1267],"class_list":["post-115945","post","type-post","status-publish","format-standard","has-post-thumbnail","hentry","category-noticias","tag-brasil","tag-diario","tag-noticia","tag-noticias"],"_links":{"self":[{"href":"https:\/\/tvbrazilusa.com\/pt\/wp-json\/wp\/v2\/posts\/115945","targetHints":{"allow":["GET"]}}],"collection":[{"href":"https:\/\/tvbrazilusa.com\/pt\/wp-json\/wp\/v2\/posts"}],"about":[{"href":"https:\/\/tvbrazilusa.com\/pt\/wp-json\/wp\/v2\/types\/post"}],"author":[{"embeddable":true,"href":"https:\/\/tvbrazilusa.com\/pt\/wp-json\/wp\/v2\/users\/1"}],"replies":[{"embeddable":true,"href":"https:\/\/tvbrazilusa.com\/pt\/wp-json\/wp\/v2\/comments?post=115945"}],"version-history":[{"count":1,"href":"https:\/\/tvbrazilusa.com\/pt\/wp-json\/wp\/v2\/posts\/115945\/revisions"}],"predecessor-version":[{"id":115947,"href":"https:\/\/tvbrazilusa.com\/pt\/wp-json\/wp\/v2\/posts\/115945\/revisions\/115947"}],"wp:featuredmedia":[{"embeddable":true,"href":"https:\/\/tvbrazilusa.com\/pt\/wp-json\/wp\/v2\/media\/115946"}],"wp:attachment":[{"href":"https:\/\/tvbrazilusa.com\/pt\/wp-json\/wp\/v2\/media?parent=115945"}],"wp:term":[{"taxonomy":"category","embeddable":true,"href":"https:\/\/tvbrazilusa.com\/pt\/wp-json\/wp\/v2\/categories?post=115945"},{"taxonomy":"post_tag","embeddable":true,"href":"https:\/\/tvbrazilusa.com\/pt\/wp-json\/wp\/v2\/tags?post=115945"}],"curies":[{"name":"wp","href":"https:\/\/api.w.org\/{rel}","templated":true}]}}