{"id":115963,"date":"2025-04-02T02:06:38","date_gmt":"2025-04-02T02:06:38","guid":{"rendered":"https:\/\/tvbrazilusa.com\/2025\/04\/02\/falta-de-credibilidade-do-stf-e-anulacao-das-condenacoes-de-lula-viram-pauta-no-financial-times\/"},"modified":"2025-04-02T02:06:40","modified_gmt":"2025-04-02T02:06:40","slug":"falta-de-credibilidade-do-stf-e-anulacao-das-condenacoes-de-lula-viram-pauta-no-financial-times","status":"publish","type":"post","link":"https:\/\/tvbrazilusa.com\/pt\/2025\/04\/02\/falta-de-credibilidade-do-stf-e-anulacao-das-condenacoes-de-lula-viram-pauta-no-financial-times\/","title":{"rendered":"Falta de credibilidade do STF e anula\u00e7\u00e3o das condena\u00e7\u00f5es de Lula viram pauta no Financial Times"},"content":{"rendered":"<p> <script async src=\"https:\/\/pagead2.googlesyndication.com\/pagead\/js\/adsbygoogle.js?client=ca-pub-8864793242727901\"\r\n     crossorigin=\"anonymous\"><\/script><br \/>\n<\/p>\n<div id=\"taboola-read-more\" style=\"display:block; width:100%\">\n<p>O jornal brit\u00e2nico Financial Times mencionou, em reportagem publicada nesta ter\u00e7a-feira, 1\u00ba, que o Supremo Tribunal Federal (STF) passou a ser alvo de cr\u00edticas da imprensa internacional, especialmente depois que anulou as condena\u00e7\u00f5es do presidente Luiz In\u00e1cio Lula da Silva pelos crimes apurados pela Lava Jato.\n<\/p>\n<p>O jornal tamb\u00e9m destacou o caso da cabeleireira D\u00e9bora Rodrigues dos Santos, que gerou cr\u00edticas de juristas renomados em todo o pa\u00eds. Ela foi acusada de escrever, usando um batom, a frase \u201cPerdeu, Man\u00e9\u201d na Est\u00e1tua da Justi\u00e7a.<\/p>\n<p>Segundo a publica\u00e7\u00e3o, o epis\u00f3dio que envolve D\u00e9bora tamb\u00e9m compromete a credibilidade do Supremo. O motivo \u00e9 a pena sugerida pelo ministro Alexandre de Moraes, relator dos casos do 8 de janeiro. O voto do ministro sobre o caso D\u00e9bora prev\u00ea uma pena de 14 anos de pris\u00e3o.\n<\/p>\n<p>Depois de ampla repercuss\u00e3o negativa sobre o voto, Moraes liberou a cabeleireira para cumprir pris\u00e3o domiciliar.\n<\/p>\n<p>Bolsonaro pode se tornar m\u00e1rtir, segundo o Financial Times<br \/>O principal tema da reportagem do Financial Times foi o julgamento do ex-presidente Jair Bolsonaro. O jornal alerta que a atua\u00e7\u00e3o do STF no inqu\u00e9rito contra Bolsonaro pode transform\u00e1-lo em um m\u00e1rtir \u2014 assim como ocorreu com Donald Trump, depois da invas\u00e3o do Capit\u00f3lio, em 2021.\n<\/p>\n<p>A reportagem tamb\u00e9m abordou a sa\u00edda do deputado Eduardo Bolsonaro (PL-SP) do Brasil. O peri\u00f3dico classificou a decis\u00e3o como parte de uma estrat\u00e9gia para conquistar apoio internacional.\n<\/p>\n<p>O jornal mencionou ainda o apoio de parlamentares norte-americanos a Eduardo. Deputados republicanos, por exemplo, enviaram uma carta ao presidente Donald Trump para expressar preocupa\u00e7\u00e3o com a pol\u00edtica brasileira. Eles pedem san\u00e7\u00f5es econ\u00f4micas e o cancelamento do visto do ministro Alexandre de Moraes.\n<\/p>\n<p>Fonte: Revista Oeste              <\/p>\n<\/div>\n<p><br \/>\n<br \/><a href=\"https:\/\/diariodobrasilnoticias.com.br\/noticia\/falta-de-credibilidade-do-stf-e-anulacao-das-condenacoes-de-lula-viram-pauta-no-financial-times-67ec72f815e46\">Source link <\/a><\/p>","protected":false},"excerpt":{"rendered":"<p>O jornal brit\u00e2nico Financial Times mencionou, em reportagem publicada nesta ter\u00e7a-feira, 1\u00ba, que o Supremo Tribunal Federal (STF) passou a ser alvo de cr\u00edticas da imprensa internacional, especialmente depois que&hellip;<\/p>","protected":false},"author":1,"featured_media":115964,"comment_status":"closed","ping_status":"open","sticky":false,"template":"","format":"standard","meta":{"content-type":"","footnotes":""},"categories":[16],"tags":[123,2448,5313,1267],"class_list":["post-115963","post","type-post","status-publish","format-standard","has-post-thumbnail","hentry","category-noticias","tag-brasil","tag-diario","tag-noticia","tag-noticias"],"_links":{"self":[{"href":"https:\/\/tvbrazilusa.com\/pt\/wp-json\/wp\/v2\/posts\/115963","targetHints":{"allow":["GET"]}}],"collection":[{"href":"https:\/\/tvbrazilusa.com\/pt\/wp-json\/wp\/v2\/posts"}],"about":[{"href":"https:\/\/tvbrazilusa.com\/pt\/wp-json\/wp\/v2\/types\/post"}],"author":[{"embeddable":true,"href":"https:\/\/tvbrazilusa.com\/pt\/wp-json\/wp\/v2\/users\/1"}],"replies":[{"embeddable":true,"href":"https:\/\/tvbrazilusa.com\/pt\/wp-json\/wp\/v2\/comments?post=115963"}],"version-history":[{"count":1,"href":"https:\/\/tvbrazilusa.com\/pt\/wp-json\/wp\/v2\/posts\/115963\/revisions"}],"predecessor-version":[{"id":115965,"href":"https:\/\/tvbrazilusa.com\/pt\/wp-json\/wp\/v2\/posts\/115963\/revisions\/115965"}],"wp:featuredmedia":[{"embeddable":true,"href":"https:\/\/tvbrazilusa.com\/pt\/wp-json\/wp\/v2\/media\/115964"}],"wp:attachment":[{"href":"https:\/\/tvbrazilusa.com\/pt\/wp-json\/wp\/v2\/media?parent=115963"}],"wp:term":[{"taxonomy":"category","embeddable":true,"href":"https:\/\/tvbrazilusa.com\/pt\/wp-json\/wp\/v2\/categories?post=115963"},{"taxonomy":"post_tag","embeddable":true,"href":"https:\/\/tvbrazilusa.com\/pt\/wp-json\/wp\/v2\/tags?post=115963"}],"curies":[{"name":"wp","href":"https:\/\/api.w.org\/{rel}","templated":true}]}}