{"id":115995,"date":"2025-04-02T10:15:38","date_gmt":"2025-04-02T10:15:38","guid":{"rendered":"https:\/\/tvbrazilusa.com\/2025\/04\/02\/lula-ja-defendeu-anistia-para-aliados-no-passado-e-agora-rejeita-perdao\/"},"modified":"2025-04-02T10:15:43","modified_gmt":"2025-04-02T10:15:43","slug":"lula-ja-defendeu-anistia-para-aliados-no-passado-e-agora-rejeita-perdao","status":"publish","type":"post","link":"https:\/\/tvbrazilusa.com\/pt\/2025\/04\/02\/lula-ja-defendeu-anistia-para-aliados-no-passado-e-agora-rejeita-perdao\/","title":{"rendered":"Lula j\u00e1 defendeu anistia para aliados no passado e agora rejeita perd\u00e3o"},"content":{"rendered":"<p> <script async src=\"https:\/\/pagead2.googlesyndication.com\/pagead\/js\/adsbygoogle.js?client=ca-pub-8864793242727901\"\r\n     crossorigin=\"anonymous\"><\/script><br \/>\n<\/p>\n<div id=\"taboola-read-more\" style=\"display:block; width:100%\">\n<p>Em abril de 1979, Luiz In\u00e1cio Lula da Silva distribu\u00eda panfletos no ABC Paulista em defesa da anistia ampla, geral e irrestrita. A mobiliza\u00e7\u00e3o visava o perd\u00e3o a perseguidos pol\u00edticos durante a ditadura militar, incluindo sindicalistas, ativistas e exilados.<\/p>\n<p>A campanha em massa resultou na Lei da Anistia, sancionada meses depois pelo ent\u00e3o presidente Jo\u00e3o Baptista Figueiredo, beneficiando milhares de pessoas \u2013 entre elas, o pr\u00f3prio Lula, que foi preso no ano seguinte por liderar greves.<\/p>\n<p>Mais de quatro d\u00e9cadas depois, a posi\u00e7\u00e3o de Lula sobre anistia n\u00e3o \u00e9 a mesma. O presidente se op\u00f5e a qualquer medida que beneficie presos pol\u00edticos de direita, em especial os manifestantes detidos ap\u00f3s os atos de 8 de janeiro de 2023.<\/p>\n<p>Na ocasi\u00e3o daquele dia 8\/1, milhares de pessoas protestaram contra o governo em Bras\u00edlia, resultando em uma resposta judicial rigorosa por causa de epis\u00f3dios de vandalismo, com pris\u00f5es em massa e penas consideradas excessivas por especialistas.<\/p>\n<p>Desde ent\u00e3o, cr\u00edticos denunciam que o Brasil vive um cen\u00e1rio de \u201cditadura do Judici\u00e1rio\u201d, apontando viola\u00e7\u00f5es da Constitui\u00e7\u00e3o Federal por parte do Supremo Tribunal Federal (STF) e do Tribunal Superior Eleitoral (TSE). Entre as principais den\u00fancias est\u00e3o o cerceamento de liberdades individuais, pris\u00f5es sem o devido processo legal e restri\u00e7\u00f5es \u00e0 liberdade de express\u00e3o.<\/p>\n<p>Al\u00e9m disso, entidades nacionais e internacionais relatam viola\u00e7\u00f5es de garantias individuais e fundamentais de direitos humanos, com julgamentos considerados pol\u00edticos e penas desproporcionais aplicadas a opositores do governo.<\/p>\n<p>Fonte: Conex\u00e3o Pol\u00edtica<\/p>\n<\/p><\/div>\n<p><br \/>\n<br \/><a href=\"https:\/\/diariodobrasilnoticias.com.br\/noticia\/lula-ja-defendeu-anistia-para-aliados-no-passado-e-agora-rejeita-perdao-67ed0d557c319\">Source link <\/a><\/p>","protected":false},"excerpt":{"rendered":"<p>Em abril de 1979, Luiz In\u00e1cio Lula da Silva distribu\u00eda panfletos no ABC Paulista em defesa da anistia ampla, geral e irrestrita. A mobiliza\u00e7\u00e3o visava o perd\u00e3o a perseguidos pol\u00edticos&hellip;<\/p>","protected":false},"author":1,"featured_media":115996,"comment_status":"closed","ping_status":"open","sticky":false,"template":"","format":"standard","meta":{"content-type":"","footnotes":""},"categories":[16],"tags":[123,2448,5313,1267],"class_list":["post-115995","post","type-post","status-publish","format-standard","has-post-thumbnail","hentry","category-noticias","tag-brasil","tag-diario","tag-noticia","tag-noticias"],"_links":{"self":[{"href":"https:\/\/tvbrazilusa.com\/pt\/wp-json\/wp\/v2\/posts\/115995","targetHints":{"allow":["GET"]}}],"collection":[{"href":"https:\/\/tvbrazilusa.com\/pt\/wp-json\/wp\/v2\/posts"}],"about":[{"href":"https:\/\/tvbrazilusa.com\/pt\/wp-json\/wp\/v2\/types\/post"}],"author":[{"embeddable":true,"href":"https:\/\/tvbrazilusa.com\/pt\/wp-json\/wp\/v2\/users\/1"}],"replies":[{"embeddable":true,"href":"https:\/\/tvbrazilusa.com\/pt\/wp-json\/wp\/v2\/comments?post=115995"}],"version-history":[{"count":1,"href":"https:\/\/tvbrazilusa.com\/pt\/wp-json\/wp\/v2\/posts\/115995\/revisions"}],"predecessor-version":[{"id":115997,"href":"https:\/\/tvbrazilusa.com\/pt\/wp-json\/wp\/v2\/posts\/115995\/revisions\/115997"}],"wp:featuredmedia":[{"embeddable":true,"href":"https:\/\/tvbrazilusa.com\/pt\/wp-json\/wp\/v2\/media\/115996"}],"wp:attachment":[{"href":"https:\/\/tvbrazilusa.com\/pt\/wp-json\/wp\/v2\/media?parent=115995"}],"wp:term":[{"taxonomy":"category","embeddable":true,"href":"https:\/\/tvbrazilusa.com\/pt\/wp-json\/wp\/v2\/categories?post=115995"},{"taxonomy":"post_tag","embeddable":true,"href":"https:\/\/tvbrazilusa.com\/pt\/wp-json\/wp\/v2\/tags?post=115995"}],"curies":[{"name":"wp","href":"https:\/\/api.w.org\/{rel}","templated":true}]}}