{"id":116010,"date":"2025-04-02T11:26:06","date_gmt":"2025-04-02T11:26:06","guid":{"rendered":"https:\/\/tvbrazilusa.com\/2025\/04\/02\/brasil-chega-pessimista-a-dia-de-tarifas-de-trump-e-teme-que-aco-seja-taxado-duas-vezes\/"},"modified":"2025-04-02T11:26:08","modified_gmt":"2025-04-02T11:26:08","slug":"brasil-chega-pessimista-a-dia-de-tarifas-de-trump-e-teme-que-aco-seja-taxado-duas-vezes","status":"publish","type":"post","link":"https:\/\/tvbrazilusa.com\/pt\/2025\/04\/02\/brasil-chega-pessimista-a-dia-de-tarifas-de-trump-e-teme-que-aco-seja-taxado-duas-vezes\/","title":{"rendered":"Brasil chega pessimista a dia de tarifas de Trump e teme que a\u00e7o seja taxado duas vezes"},"content":{"rendered":"<p> <script async src=\"https:\/\/pagead2.googlesyndication.com\/pagead\/js\/adsbygoogle.js?client=ca-pub-8864793242727901\"\r\n     crossorigin=\"anonymous\"><\/script><br \/>\n<\/p>\n<div id=\"taboola-read-more\" style=\"display:block; width:100%\">\n<p>Sem avan\u00e7o nas negocia\u00e7\u00f5es com os Estados Unidos, o governo de Luiz In\u00e1cio Lula da Silva (PT) chega pessimista ao dia do an\u00fancio do tarifa\u00e7o imposto pelo presidente Donald Trump, previsto para esta quarta-feira (2), \u00e0s 17 h (de Bras\u00edlia).\n<\/p>\n<p>Com poucos sinais de Washington, o Brasil teme que a poss\u00edvel tarifa linear se some a outras taxas j\u00e1 em vigor, como as aplicadas recentemente sobre o a\u00e7o e o alum\u00ednio, gerando um efeito cumulativo.<\/p>\n<p>Produtos semiacabados de a\u00e7o, como blocos e placas, est\u00e3o entre os principais itens exportados pelo Brasil aos EUA, ao lado de petr\u00f3leo bruto, produtos semiacabados de ferro e aeronaves. Segundo dados do governo americano, o Brasil est\u00e1 entre os tr\u00eas maiores fornecedores de a\u00e7o ao pa\u00eds (ao lado de M\u00e9xico e Canad\u00e1), com US$ 2,66 bilh\u00f5es vendidos no ano passado.\n<\/p>\n<p>Recentemente, Trump tamb\u00e9m anunciou tarifas sobre autom\u00f3veis importados, medida que pode impactar o setor de autope\u00e7as nacional. Em 2024, o Brasil exportou cerca de US$ 1,3 bilh\u00e3o em componentes do tipo para os Estados Unidos.\n<\/p>\n<p>Nas \u00faltimas semanas, o Pal\u00e1cio do Planalto come\u00e7ou a trabalhar com a expectativa de um quadro mais extremo do que o inicialmente previsto. Al\u00e9m das j\u00e1 anunciadas taxas sobre a\u00e7o e alum\u00ednio, o governo admitiu a possibilidade de ser afetado por um imposto linear sobre praticamente toda a pauta exportadora brasileira para os EUA.\n<\/p>\n<p>Um integrante da Casa Branca confirmou essa expectativa ao dizer na semana passada que, se o Brasil for inclu\u00eddo na lista dos pa\u00edses alvo, as tarifas ser\u00e3o lineares e aplicadas a todos os bens.\n<\/p>\n<p>Segundo um membro do governo brasileiro, n\u00e3o ser\u00e1 surpresa se a medida anunciada pelos americanos for \u201ca pior\u201d poss\u00edvel para o Brasil. Essa pessoa admite que \u00e9 alto o risco de o Brasil estar entre os pa\u00edses mais afetados pelo tarifa\u00e7o, apesar dos esfor\u00e7os diplom\u00e1ticos para esclarecer pontos da rela\u00e7\u00e3o comercial. Entre esses pontos est\u00e3o a tarifa efetiva m\u00e9dia sobre produtos importados dos EUA e o fato de a balan\u00e7a comercial ser historicamente favor\u00e1vel aos americanos.\n<\/p>\n<p>Na Esplanada, h\u00e1 a avalia\u00e7\u00e3o de que documentos e declara\u00e7\u00f5es da administra\u00e7\u00e3o Trump sugerem que os EUA consideram o Brasil problem\u00e1tico devido \u00e0 discrep\u00e2ncia tarif\u00e1ria e demais barreiras n\u00e3o tarif\u00e1rias.\n<\/p>\n<p>Documento divulgado nesta segunda (31) pelo USTR (Escrit\u00f3rio do Representante de Com\u00e9rcio dos EUA) apontou que o Brasil imp\u00f5e tarifas de importa\u00e7\u00e3o relativamente altas a uma vasta gama de setores, como autom\u00f3veis e suas pe\u00e7as, tecnologia da informa\u00e7\u00e3o e eletr\u00f4nicos, produtos qu\u00edmicos, pl\u00e1sticos, maquin\u00e1rio industrial, a\u00e7o, t\u00eaxteis e vestu\u00e1rio.\n<\/p>\n<p>Para dois membros do governo, o esfor\u00e7o feito em Washington na \u00faltima semana focou principalmente na negocia\u00e7\u00e3o de cotas para as tarifas aplicadas sobre a\u00e7o e alum\u00ednio. Isso porque, como o governo n\u00e3o sabe quais sobretaxas \u201crec\u00edprocas\u201d ser\u00e3o aplicadas ao pa\u00eds, n\u00e3o havia o que negociar.\n<\/p>\n<p>Integrantes da administra\u00e7\u00e3o Lula est\u00e3o em um momento de extrema imprevisibilidade \u00e0s v\u00e9speras do an\u00fancio. A conversa que o ministro das Rela\u00e7\u00f5es Exteriores, Mauro Vieira, teria nesta segunda com o chefe do USTR, Jamieson Greer, acabou cancelada. Por ora, n\u00e3o h\u00e1 perspectivas de nova reuni\u00e3o.\n<\/p>\n<p>Por causa dessa incerteza, funcion\u00e1rios do governo dizem que o governo s\u00f3 saber\u00e1, de fato, o que vai enfrentar ap\u00f3s o an\u00fancio nesta quarta.\n<\/p>\n<p><strong>Folha de SP<\/strong>              <\/p>\n<\/div>\n<p><br \/>\n<br \/><a href=\"https:\/\/diariodobrasilnoticias.com.br\/noticia\/brasil-chega-pessimista-a-dia-de-tarifas-de-trump-e-teme-que-aco-seja-taxado-duas-vezes-67ed13246801a\">Source link <\/a><\/p>","protected":false},"excerpt":{"rendered":"<p>Sem avan\u00e7o nas negocia\u00e7\u00f5es com os Estados Unidos, o governo de Luiz In\u00e1cio Lula da Silva (PT) chega pessimista ao dia do an\u00fancio do tarifa\u00e7o imposto pelo presidente Donald Trump,&hellip;<\/p>","protected":false},"author":1,"featured_media":116011,"comment_status":"closed","ping_status":"open","sticky":false,"template":"","format":"standard","meta":{"content-type":"","footnotes":""},"categories":[16],"tags":[123,2448,5313,1267],"class_list":["post-116010","post","type-post","status-publish","format-standard","has-post-thumbnail","hentry","category-noticias","tag-brasil","tag-diario","tag-noticia","tag-noticias"],"_links":{"self":[{"href":"https:\/\/tvbrazilusa.com\/pt\/wp-json\/wp\/v2\/posts\/116010","targetHints":{"allow":["GET"]}}],"collection":[{"href":"https:\/\/tvbrazilusa.com\/pt\/wp-json\/wp\/v2\/posts"}],"about":[{"href":"https:\/\/tvbrazilusa.com\/pt\/wp-json\/wp\/v2\/types\/post"}],"author":[{"embeddable":true,"href":"https:\/\/tvbrazilusa.com\/pt\/wp-json\/wp\/v2\/users\/1"}],"replies":[{"embeddable":true,"href":"https:\/\/tvbrazilusa.com\/pt\/wp-json\/wp\/v2\/comments?post=116010"}],"version-history":[{"count":1,"href":"https:\/\/tvbrazilusa.com\/pt\/wp-json\/wp\/v2\/posts\/116010\/revisions"}],"predecessor-version":[{"id":116012,"href":"https:\/\/tvbrazilusa.com\/pt\/wp-json\/wp\/v2\/posts\/116010\/revisions\/116012"}],"wp:featuredmedia":[{"embeddable":true,"href":"https:\/\/tvbrazilusa.com\/pt\/wp-json\/wp\/v2\/media\/116011"}],"wp:attachment":[{"href":"https:\/\/tvbrazilusa.com\/pt\/wp-json\/wp\/v2\/media?parent=116010"}],"wp:term":[{"taxonomy":"category","embeddable":true,"href":"https:\/\/tvbrazilusa.com\/pt\/wp-json\/wp\/v2\/categories?post=116010"},{"taxonomy":"post_tag","embeddable":true,"href":"https:\/\/tvbrazilusa.com\/pt\/wp-json\/wp\/v2\/tags?post=116010"}],"curies":[{"name":"wp","href":"https:\/\/api.w.org\/{rel}","templated":true}]}}