{"id":116022,"date":"2025-04-02T14:46:31","date_gmt":"2025-04-02T14:46:31","guid":{"rendered":"https:\/\/tvbrazilusa.com\/2025\/04\/02\/a-lei-de-trabalho-infantil-permitiria-que-algumas-criancas-de-13-anos-trabalhassem-jacksonville-hoje\/"},"modified":"2025-04-02T14:48:19","modified_gmt":"2025-04-02T14:48:19","slug":"a-lei-de-trabalho-infantil-permitiria-que-algumas-criancas-de-13-anos-trabalhassem-jacksonville-hoje","status":"publish","type":"post","link":"https:\/\/tvbrazilusa.com\/pt\/2025\/04\/02\/a-lei-de-trabalho-infantil-permitiria-que-algumas-criancas-de-13-anos-trabalhassem-jacksonville-hoje\/","title":{"rendered":"A Lei de Trabalho Infantil permitiria que algumas crian\u00e7as de 13 anos trabalhassem | Jacksonville hoje"},"content":{"rendered":"<p> <script async src=\"https:\/\/pagead2.googlesyndication.com\/pagead\/js\/adsbygoogle.js?client=ca-pub-8864793242727901\"\r\n     crossorigin=\"anonymous\"><\/script><br \/>\n<\/p>\n<div>\n<p>Propostas que passam pelo legislador da Fl\u00f3rida removendo v\u00e1rios <a href=\"https:\/\/jaxtoday.org\/2025\/03\/25\/child-work-labor-laws-florida\/\">Prote\u00e7\u00f5es do trabalho infantil<\/a> foram alterados para permitir que algumas crian\u00e7as de 13 anos trabalhassem.<\/p>\n<p>O Legislativo passou no ano passado uma pol\u00edtica, permitindo que as crian\u00e7as de 16 e 17 anos trabalhassem 30 horas por semana. Este ano, novas propostas na C\u00e2mara e no Senado da Fl\u00f3rida permitiriam que eles trabalhassem em tempo integral e facilitassem as regras para crian\u00e7as de 14 e 15 anos que est\u00e3o matriculadas na escola em casa, na educa\u00e7\u00e3o virtual ou naqueles que j\u00e1 se formaram. A vers\u00e3o da casa permitiria que crian\u00e7as de 13 anos trabalhassem durante o ver\u00e3o do ano, completam 14 anos.<\/p>\n<p>A deputada republicana de Palm Bay, Monique Miller, disse durante a conta de sua conta <a href=\"https:\/\/www.flsenate.gov\/Session\/Bill\/2025\/1225\" rel=\"nofollow noopener\" target=\"_blank\">Primeira parada do comit\u00ea<\/a> Que isso dar\u00e1 mais controle \u00e0s fam\u00edlias sobre a decis\u00e3o de quando seus filhos trabalham.<\/p>\n<p>&#8220;Acho que toda fam\u00edlia precisa tomar essa decis\u00e3o pelo que \u00e9 melhor para eles, em vez de ter o governo dizer a eles o que \u00e9 melhor&#8221;, disse ela.<\/p>\n<p>Os democratas e grupos de defesa do trabalho est\u00e3o explodindo o projeto, dizendo que prejudicar\u00e1 os resultados da educa\u00e7\u00e3o e permitir\u00e1 que os empregadores pressionem as crian\u00e7as com menor renda a trabalharem mais horas em uma idade mais jovem com menos prote\u00e7\u00f5es.<\/p>\n<p>A deputada democrata de Orlando, Anna Eskamani, disse que permitir que as crian\u00e7as trabalhem mais horas por menos dinheiro possa afetar negativamente os sal\u00e1rios para os trabalhadores adultos.<\/p>\n<p>&#8220;Quando voc\u00ea satura a for\u00e7a de trabalho com o Labo barato &#8211; e ser\u00e1 isso que acontece &#8211; isso afeta o poder de barganha de todos os trabalhadores, a capacidade de todo trabalhador de defender melhores benef\u00edcios e melhores sal\u00e1rios. Portanto, n\u00e3o \u00e9 apenas impactar as crian\u00e7as. Realmente \u00e9 um efeito cascata em todo o sistema de nossa economia&#8221;, disse ela.<\/p>\n<p>Esses projetos de lei s\u00e3o considerados dias depois que o governador Ron DeSantis apoiou a id\u00e9ia de aumentar o trabalho adolescente compensando o trabalho por imigrantes.<\/p>\n<p>&#8220;O que h\u00e1 de errado em esperar que nossos jovens trabalhassem em meio per\u00edodo?&#8221; DeSantis perguntou. &#8220;\u00c9 assim que costumava ser quando eu era crian\u00e7a. Por que dizemos que precisamos importar estrangeiros, at\u00e9 mesmo importando -os ilegalmente, quando, voc\u00ea sabe, os adolescentes costumavam trabalhar nesses resorts. Os estudantes universit\u00e1rios deveriam ser capazes de fazer essas coisas.&#8221;<\/p>\n<p>N\u00e3o est\u00e1 claro se uma das duas contas da Fl\u00f3rida passar\u00e1. O presidente do Senado, Ben Albritton, diz que n\u00e3o tem certeza se ele o ap\u00f3ia, e o presidente da C\u00e2mara, Daniel Perez, diz que tem preocupa\u00e7\u00f5es pessoais sobre as pol\u00edticas. Sua hesita\u00e7\u00e3o em apoiar isso pode for\u00e7ar v\u00e1rias mudan\u00e7as a chegar \u00e0s propostas nas pr\u00f3ximas semanas.<\/p>\n<p>Copyright 2025 WFSU<\/p>\n<\/div>\n<p><br \/>\n<br \/><a href=\"https:\/\/jaxtoday.org\/2025\/04\/02\/child-labor-law-florida\/\">Source link <\/a><\/p>","protected":false},"excerpt":{"rendered":"<p>Propostas que passam pelo legislador da Fl\u00f3rida removendo v\u00e1rios Prote\u00e7\u00f5es do trabalho infantil foram alterados para permitir que algumas crian\u00e7as de 13 anos trabalhassem. O Legislativo passou no ano passado&hellip;<\/p>","protected":false},"author":1,"featured_media":116023,"comment_status":"closed","ping_status":"open","sticky":false,"template":"","format":"standard","meta":{"content-type":"","footnotes":""},"categories":[1],"tags":[1267],"class_list":["post-116022","post","type-post","status-publish","format-standard","has-post-thumbnail","hentry","category-uncategorized","tag-noticias"],"_links":{"self":[{"href":"https:\/\/tvbrazilusa.com\/pt\/wp-json\/wp\/v2\/posts\/116022","targetHints":{"allow":["GET"]}}],"collection":[{"href":"https:\/\/tvbrazilusa.com\/pt\/wp-json\/wp\/v2\/posts"}],"about":[{"href":"https:\/\/tvbrazilusa.com\/pt\/wp-json\/wp\/v2\/types\/post"}],"author":[{"embeddable":true,"href":"https:\/\/tvbrazilusa.com\/pt\/wp-json\/wp\/v2\/users\/1"}],"replies":[{"embeddable":true,"href":"https:\/\/tvbrazilusa.com\/pt\/wp-json\/wp\/v2\/comments?post=116022"}],"version-history":[{"count":1,"href":"https:\/\/tvbrazilusa.com\/pt\/wp-json\/wp\/v2\/posts\/116022\/revisions"}],"predecessor-version":[{"id":116024,"href":"https:\/\/tvbrazilusa.com\/pt\/wp-json\/wp\/v2\/posts\/116022\/revisions\/116024"}],"wp:featuredmedia":[{"embeddable":true,"href":"https:\/\/tvbrazilusa.com\/pt\/wp-json\/wp\/v2\/media\/116023"}],"wp:attachment":[{"href":"https:\/\/tvbrazilusa.com\/pt\/wp-json\/wp\/v2\/media?parent=116022"}],"wp:term":[{"taxonomy":"category","embeddable":true,"href":"https:\/\/tvbrazilusa.com\/pt\/wp-json\/wp\/v2\/categories?post=116022"},{"taxonomy":"post_tag","embeddable":true,"href":"https:\/\/tvbrazilusa.com\/pt\/wp-json\/wp\/v2\/tags?post=116022"}],"curies":[{"name":"wp","href":"https:\/\/api.w.org\/{rel}","templated":true}]}}