{"id":116038,"date":"2025-04-01T19:03:57","date_gmt":"2025-04-01T19:03:57","guid":{"rendered":"https:\/\/tvbrazilusa.com\/2025\/04\/01\/5-grandes-tempestades-preve-esta-temporada-de-furacoes-dizem-os-especialistas-em-clima\/"},"modified":"2025-04-02T19:52:41","modified_gmt":"2025-04-02T19:52:41","slug":"5-grandes-tempestades-preve-esta-temporada-de-furacoes-dizem-os-especialistas-em-clima","status":"publish","type":"post","link":"https:\/\/tvbrazilusa.com\/pt\/2025\/04\/01\/5-grandes-tempestades-preve-esta-temporada-de-furacoes-dizem-os-especialistas-em-clima\/","title":{"rendered":"5 grandes tempestades prev\u00ea esta temporada de furac\u00f5es, dizem os especialistas em clima"},"content":{"rendered":"<p> <script async src=\"https:\/\/pagead2.googlesyndication.com\/pagead\/js\/adsbygoogle.js?client=ca-pub-8864793242727901\"\r\n     crossorigin=\"anonymous\"><\/script><br \/>\n<\/p>\n<div>\n<p>Sarasota, FL &#8211; Uma temporada &#8220;ativa&#8221; de 2025 Atlantic Hurricane, que come\u00e7a em 1\u00ba de junho e vai at\u00e9 30 de novembro, \u00e9 esperado com os meteorologistas prevendo 17 Storms nomeados, 10 furac\u00f5es e cinco grandes furac\u00f5es, <a href=\"https:\/\/theclimateadaptationcenter.networkforgood.com\/events\/82750-2025-hurricane-season-forecast-day?hid=NTA1Mjk0ODE=&#038;utm_campaign=dms_email_blast_3925000\" target=\"_blank\" rel=\"nofollow\">De acordo com o centro de adapta\u00e7\u00e3o clim\u00e1tica<\/a> em Sarasota. <\/p>\n<\/div>\n<div>\n<p>A esta\u00e7\u00e3o ser\u00e1 alimentada por temperaturas quentes da superf\u00edcie do mar no Golfo, uma oscila\u00e7\u00e3o multi-decadal do Atl\u00e2ntico quente e umidade abundante de n\u00edvel m\u00e9dio por causa da redu\u00e7\u00e3o da poeira do Saariana e das ondas africanas ativas do leste, informou o centro. <\/p>\n<p>&#8220;Estamos analisando outro ano potencialmente perigoso para a Costa do Golfo dos EUA e a Fl\u00f3rida&#8221;, disse Bob Bunting, CEO do centro e cientista atmosf\u00e9rico. &#8220;A r\u00e1pida intensifica\u00e7\u00e3o continua sendo uma de nossas maiores amea\u00e7as, especialmente quando ocorre perto da costa, deixando pouco tempo para as comunidades se prepararem&#8221;.<\/p>\n<\/div>\n<div>\n<hr\/>\n<p><strong>Hist\u00f3rias relacionadas: <\/strong><\/p>\n<hr\/>\n<p>A previs\u00e3o do CAC ocorre logo ap\u00f3s as previs\u00f5es da Accuweather, que exige 13 a 15 tempestades nomeadas nesta temporada. <\/p>\n<\/div>\n<div>\n<p>Dessas tempestades, espera -se que sete a 10 se tornem furac\u00f5es e tr\u00eas a cinco devem se fortalecer nos principais furac\u00f5es que s\u00e3o a categoria 3 ou superior, disseram os meteorologistas.<\/p>\n<p>Os principais furac\u00f5es s\u00e3o tempestades que crescem para um furac\u00e3o de categoria 3 ou superior na escala de vento de furac\u00e3o de Saffir-Impson. Os furac\u00f5es da categoria 3 t\u00eam ventos m\u00e1ximos sustentados de 111 a 129 mph.<\/p>\n<\/div>\n<div>\n<p>Al\u00e9m das temperaturas acima da superf\u00edcie do mar normais e do AMDO restante em uma fase quente, \u00e9 esperado um cisalhamento de vento baixo. <\/p>\n<p>Os modelos de previs\u00e3o tamb\u00e9m indicam uma alta probabilidade de intensifica\u00e7\u00e3o r\u00e1pida e grandes amea\u00e7as de furac\u00f5es no meio do ver\u00e3o no Caribe, Golfo da Am\u00e9rica e Fl\u00f3rida, informou o centro.<\/p>\n<\/div>\n<p><br \/>\n<br \/><a href=\"http:\/\/patch.com\/florida\/sarasota\/5-major-storms-expected-hurricane-season-fl-weather-experts-say?utm_source=article-mostrecent&#038;utm_medium=rss&#038;utm_term=weather&#038;utm_campaign=recirc&#038;utm_content=aol\">Source link <\/a><\/p>","protected":false},"excerpt":{"rendered":"<p>Sarasota, FL &#8211; Uma temporada &#8220;ativa&#8221; de 2025 Atlantic Hurricane, que come\u00e7a em 1\u00ba de junho e vai at\u00e9 30 de novembro, \u00e9 esperado com os meteorologistas prevendo 17 Storms&hellip;<\/p>","protected":false},"author":1,"featured_media":116039,"comment_status":"closed","ping_status":"open","sticky":false,"template":"","format":"standard","meta":{"content-type":"","footnotes":""},"categories":[1],"tags":[],"class_list":["post-116038","post","type-post","status-publish","format-standard","has-post-thumbnail","hentry","category-uncategorized"],"_links":{"self":[{"href":"https:\/\/tvbrazilusa.com\/pt\/wp-json\/wp\/v2\/posts\/116038","targetHints":{"allow":["GET"]}}],"collection":[{"href":"https:\/\/tvbrazilusa.com\/pt\/wp-json\/wp\/v2\/posts"}],"about":[{"href":"https:\/\/tvbrazilusa.com\/pt\/wp-json\/wp\/v2\/types\/post"}],"author":[{"embeddable":true,"href":"https:\/\/tvbrazilusa.com\/pt\/wp-json\/wp\/v2\/users\/1"}],"replies":[{"embeddable":true,"href":"https:\/\/tvbrazilusa.com\/pt\/wp-json\/wp\/v2\/comments?post=116038"}],"version-history":[{"count":1,"href":"https:\/\/tvbrazilusa.com\/pt\/wp-json\/wp\/v2\/posts\/116038\/revisions"}],"predecessor-version":[{"id":116040,"href":"https:\/\/tvbrazilusa.com\/pt\/wp-json\/wp\/v2\/posts\/116038\/revisions\/116040"}],"wp:featuredmedia":[{"embeddable":true,"href":"https:\/\/tvbrazilusa.com\/pt\/wp-json\/wp\/v2\/media\/116039"}],"wp:attachment":[{"href":"https:\/\/tvbrazilusa.com\/pt\/wp-json\/wp\/v2\/media?parent=116038"}],"wp:term":[{"taxonomy":"category","embeddable":true,"href":"https:\/\/tvbrazilusa.com\/pt\/wp-json\/wp\/v2\/categories?post=116038"},{"taxonomy":"post_tag","embeddable":true,"href":"https:\/\/tvbrazilusa.com\/pt\/wp-json\/wp\/v2\/tags?post=116038"}],"curies":[{"name":"wp","href":"https:\/\/api.w.org\/{rel}","templated":true}]}}