{"id":116041,"date":"2025-04-02T20:08:31","date_gmt":"2025-04-02T20:08:31","guid":{"rendered":"https:\/\/tvbrazilusa.com\/2025\/04\/02\/deegan-permite-que-a-conta-de-imigracao-entre-em-vigor-sem-sua-assinatura-jacksonville-hoje\/"},"modified":"2025-04-02T20:16:54","modified_gmt":"2025-04-02T20:16:54","slug":"deegan-permite-que-a-conta-de-imigracao-entre-em-vigor-sem-sua-assinatura-jacksonville-hoje","status":"publish","type":"post","link":"https:\/\/tvbrazilusa.com\/pt\/2025\/04\/02\/deegan-permite-que-a-conta-de-imigracao-entre-em-vigor-sem-sua-assinatura-jacksonville-hoje\/","title":{"rendered":"Deegan permite que a conta de imigra\u00e7\u00e3o entre em vigor sem sua assinatura | Jacksonville hoje"},"content":{"rendered":"<p> <script async src=\"https:\/\/pagead2.googlesyndication.com\/pagead\/js\/adsbygoogle.js?client=ca-pub-8864793242727901\"\r\n     crossorigin=\"anonymous\"><\/script><br \/>\n<\/p>\n<div>\n<p>Dizendo aos imigrantes de Jacksonville que &#8220;voc\u00ea pertence&#8221;, a prefeita Donna Deegan disse na quarta -feira que permitir\u00e1 um controverso <a href=\"https:\/\/jaxtoday.org\/2025\/03\/26\/council-approves-immigration-crackdown-8-million-purchase-option-for-uf-campus-site\/\">conta de imigra\u00e7\u00e3o<\/a> entrar em vigor sem a assinatura dela, exigindo a pris\u00e3o por imigrantes sem documentos.<\/p>\n<p>Sua declara\u00e7\u00e3o chegou apenas uma hora depois do membro do conselho que patrocinou <a href=\"https:\/\/jaxcityc.legistar.com\/LegislationDetail.aspx?ID=7144241&#038;GUID=9260E078-1CA2-4667-A22E-52D4DC4A5C18\" rel=\"nofollow noopener\" target=\"_blank\">Portaria 2025-0147<\/a> instou Deegan a assinar isso. O patrocinador Kevin Carrico, vice -presidente do conselho e outros mais tarde chamou Deegan por n\u00e3o assinar o projeto de lei.<\/p>\n<p>Cercado por uma d\u00fazia de l\u00edderes religiosos e comunit\u00e1rios, Deegan disse que se op\u00f4s ao projeto, mas n\u00e3o &#8220;viu um caminho claro para um veto, para sustentar um veto&#8221;.<\/p>\n<p>O prefeito teve at\u00e9 a reuni\u00e3o do Conselho da Cidade de ter\u00e7a -feira para assinar o projeto de lei, deixar que ela se tornasse lei sem a assinatura dela ou veto.<\/p>\n<p>Nos dias que antecederam este an\u00fancio, Deegan disse que estava <a href=\"https:\/\/jaxtoday.org\/2025\/03\/28\/immigration-bill-veto-jacksonville\/\">n\u00e3o tenho certeza se ela assinaria a conta<\/a>. Ela disse que foi uma decis\u00e3o dif\u00edcil de tomar.<\/p>\n<p>&#8220;Este projeto de lei n\u00e3o faz nada que a lei federal e estadual ainda n\u00e3o fa\u00e7a. Existem elementos do projeto de lei que provavelmente atrair\u00e3o a cidade em a\u00e7\u00f5es caras&#8221;, disse Deegan. \u201cH\u00e1 uma linguagem no projeto de lei que \u00e9 prejudicial e alimentando o medo em imigrantes que est\u00e3o vivendo e trabalhando aqui legalmente.<\/p>\n<p>&#8220;Ent\u00e3o, para todos os imigrantes que vivem em Jacksonville, se voc\u00ea est\u00e1 aqui h\u00e1 d\u00e9cadas ou se acabou de chegar, eu queria que voc\u00ea ouvisse isso de seu prefeito &#8211; voc\u00ea pertence, importa, \u00e9 amado e continuaremos com voc\u00ea.&#8221;<\/p>\n<h3 class=\"wp-block-heading\">Batalha de imigra\u00e7\u00e3o<\/h3>\n<p>Em uma entrevista coletiva fora da prefeitura, Carrico disse que seu projeto de lei oferece a aplica\u00e7\u00e3o da lei &#8220;mais ferramentas na caixa de ferramentas&#8221;.<\/p>\n<p>Ladeado por membros do conselho que aprovaram o projeto, Carrico pediu a Deegan que o assinasse para manter a comunidade a salvo do que ele chamou de tend\u00eancia crescente de crimes violentos cometidos por imigrantes ilegais.<\/p>\n<p>&#8220;Esta \u00e9 uma quest\u00e3o real de preocupa\u00e7\u00e3o em nossas comunidades e uma verdadeira quest\u00e3o de preocupa\u00e7\u00e3o para mim e pelos colegas que me ajudaram a aprovar essa legisla\u00e7\u00e3o&#8221;, disse Carrico. &#8220;Todo mundo est\u00e1 atr\u00e1s de mim, inclusive eu, tem um juramento juramentado para proteger nosso p\u00fablico e manter esse p\u00fablico seguro. O prefeito tamb\u00e9m \u00e9 jurado pelo mesmo juramento, e \u00e9 por isso que estou pedindo fortemente que o prefeito assine essa legisla\u00e7\u00e3o em lei&#8221;.<\/p>\n<p>O projeto, aprovado por 12 a 5 em 25 de mar\u00e7o, significa que os imigrantes n\u00e3o documentados encontrados em Jacksonville podem enfrentar <a href=\"https:\/\/jaxtoday.org\/2025\/03\/14\/jax-council-to-debate-boosting-immigration-enforcement-compliance\/\">60 dias de pris\u00e3o<\/a>.<\/p>\n<figure class=\"wp-block-image size-large\"><figcaption class=\"wp-element-caption\">O vice -presidente do Conselho da Cidade, Kevin Carrico, exorta o prefeito a aprovar sua lei de imigra\u00e7\u00e3o. Ele se junta a muitos dos membros do conselho que aprovaram o projeto oito dias antes. | News4Jax<\/figcaption><\/figure>\n<p>O projeto de lei tamb\u00e9m direciona US $ 76.250 em dinheiro de desenvolvimento econ\u00f4mico n\u00e3o utilizado, concede dinheiro ao Gabinete do Xerife para adicionar mais scanners de impress\u00e3o digital aos 150 j\u00e1 implantados. Carrico disse que os policiais os usariam em campo para verificar o status de imigra\u00e7\u00e3o de algu\u00e9m suspeito de cometer um crime. <\/p>\n<p>O projeto passou apesar da rea\u00e7\u00e3o dos membros e aliados das comunidades imigrantes de Jacksonville. O advogado geral tamb\u00e9m disse aos membros do conselho que o lit\u00edgio federal pendente sobre a aplica\u00e7\u00e3o da imigra\u00e7\u00e3o local poderia <a href=\"https:\/\/jaxtoday.org\/2025\/03\/18\/immigration-bill-sails-through-committees-toward-jax-council-vote\/\">tornar a conta de Carrico inexequ\u00edvel<\/a>.<\/p>\n<p>Os membros do conselho, Michael Boylan e Rahman Johnson, tentaram aprovar projetos de lei substitutos, que teriam mantido fundos para os scanners de impress\u00e3o digital da pol\u00edcia, mas removendo a pris\u00e3o obrigat\u00f3ria por imigrantes sem documentos. Mas Carrico disse que os substitutos propostos por Boylan e Johnson iriam estripar o projeto de lei original.<\/p>\n<p>Juntando -se a Carrico na quarta -feira para buscar a assinatura de Deegan, o membro do conselho Terrance Freeman chamou a Imigra\u00e7\u00e3o de &#8220;a principal quest\u00e3o que enfrenta nossa na\u00e7\u00e3o&#8221;.<\/p>\n<p>&#8220;Este projeto de lei n\u00e3o foi arquivado para magoar as pessoas. Na verdade, eu vejo isso como o contr\u00e1rio&#8221;, disse Freeman. &#8220;Foi arquivado para garantir que o governo cumpra sua principal prioridade, que \u00e9 manter seus cidad\u00e3os seguros. Esta legisla\u00e7\u00e3o est\u00e1 alinhada com o mandato que os eleitores nos colocaram como l\u00edderes no \u00faltimo ciclo eleitoral, onde a imigra\u00e7\u00e3o foi uma de suas principais quest\u00f5es&#8221;.<\/p>\n<p>Mas em sua entrevista coletiva, Deegan levou uma foto emoldurada de sua pr\u00f3pria fam\u00edlia, que veio para os EUA do L\u00edbano. Ela reiterou seu apoio de parte do projeto de lei que d\u00e1 aos scanners de impress\u00e3o digital ao escrit\u00f3rio do xerife. Ela disse que &#8220;teria assinado de bom grado&#8221; qualquer um dos substitutos se eles tivessem passado.<\/p>\n<figure class=\"wp-block-image size-full is-resized\"><img loading=\"lazy\" color=\"806552\" transparency=\"false\" decoding=\"async\" width=\"494\" height=\"278\" src=\"https:\/\/jaxtoday.org\/wp-content\/uploads\/2025\/04\/Family.jpg\" alt=\"\" class=\"not-transparent wp-image-90998\" style=\"--dominant-color: #806552; width:804px;height:auto\" srcset=\"https:\/\/jaxtoday.org\/wp-content\/uploads\/2025\/04\/Family.jpg 494w, https:\/\/jaxtoday.org\/wp-content\/uploads\/2025\/04\/Family-300x169.jpg 300w, https:\/\/jaxtoday.org\/wp-content\/uploads\/2025\/04\/Family-426x240.jpg 426w, https:\/\/jaxtoday.org\/wp-content\/uploads\/2025\/04\/Family-100x56.jpg 100w\" sizes=\"auto, (max-width: 494px) 100vw, 494px\"\/><figcaption class=\"wp-element-caption\">A prefeita Donna Deegan compartilhou esta foto de parentes que vieram para os EUA do L\u00edbano.<\/figcaption><\/figure>\n<p>&#8220;Mas esse projeto, pretendido ou n\u00e3o, coloca um alvo nas costas de toda a nossa comunidade de imigrantes&#8221;, disse Deegan. &#8220;E, francamente, como eu disse em minhas observa\u00e7\u00f5es, e isso foi realmente uma grande coisa para mim, estamos fazendo tremendos avan\u00e7os nesta cidade, mais r\u00e1pido do que algumas pessoas gostariam de ver. E aqui est\u00e1 um esfor\u00e7o para nos desacelerar, francamente por causa das ambi\u00e7\u00f5es de outras. E eu n\u00e3o vou permitir uma distra\u00e7\u00e3o.&#8221;<\/p>\n<p>Deegan disse que a popula\u00e7\u00e3o imigrante de Jacksonville contribui para a comunidade, pagando US $ 1,4 bilh\u00e3o em impostos anuais. Ela tamb\u00e9m disse que os imigrantes cometem menos crimes. Esse tema continuou quando a Rev. Kate Moorehead Carroll, reitora da Catedral de S\u00e3o Jo\u00e3o, disse que as pessoas deveriam amar seus vizinhos.<\/p>\n<p>&#8220;Prender as pessoas que vivem e trabalham pacificamente nesta cidade \u00e9 ir contra os ensinamentos de Jesus&#8221;, disse Moorehead na entrevista coletiva. &#8220;Estes s\u00e3o nossos vizinhos. Eles vivem e trabalham nesta cidade conosco, possuindo mais de 7.000 empresas locais. Devemos am\u00e1 -los; devemos proteg\u00ea -los; devemos ficar com eles.&#8221;<\/p>\n<p>Um dos advogados de imigra\u00e7\u00e3o que apoia Deegan disse que o projeto provavelmente ser\u00e1 legalmente desafiado como inconstitucional. E outro que Deegan disse que \u00e9 &#8220;comovente&#8221; ver uma cidade diversificada que ela adora se mover em uma dire\u00e7\u00e3o perigosa e equivocada.<\/p>\n<p>&#8220;Vamos esclarecer uma coisa &#8211; nem todos os imigrantes n\u00e3o est\u00e3o documentados&#8221;, disse a advogada Andrea Reyes, que nasceu na Col\u00f4mbia. &#8220;Esta ordenan\u00e7a n\u00e3o vai apenas atr\u00e1s do sem documentos. Pai pinta um alvo para quem se parece com um imigrante, e isso deve aterrorizar cada pessoa nesta sala e cada pessoa que est\u00e1 ouvindo&#8221;.<\/p>\n<p>O procurador -geral da Fl\u00f3rida, James Uthmeier, avaliou o projeto de lei, pois aguardava a resposta de Deegan logo ap\u00f3s sua aprova\u00e7\u00e3o. Ele disse que uma nova lei estadual de imigra\u00e7\u00e3o diz que as cidades devem &#8220;fazer todo o poss\u00edvel com os recursos dispon\u00edveis para ajudar o governo federal a executar a lei federal&#8221;. Uthmeier tamb\u00e9m alertou que os l\u00edderes da cidade que s\u00e3o vistos como impedindo a pol\u00edcia de cumprir as leis de imigra\u00e7\u00e3o podem enfrentar multas, incluindo a suspens\u00e3o.<\/p>\n<p>Mas o presidente do Partido Democrata do Condado de Duval, Daniel Henry, chamou o projeto de lei de &#8220;teatro pol\u00edtico \u00e0s custas das fam\u00edlias de imigrantes&#8221; em comunicado dentro de uma hora da entrevista coletiva de Deegan.<\/p>\n<p>&#8220;Este projeto de lei n\u00e3o torna Jacksonville mais seguro &#8211; isso o torna mais dividido&#8221;, disse o comunicado de Henry. &#8220;Kevin Carrico e seus colegas republicanos est\u00e3o usando fam\u00edlias vulner\u00e1veis \u200b\u200bcomo bodes expiat\u00f3rios na tentativa de marcar pontos pol\u00edticos baratos. Isso n\u00e3o \u00e9 lideran\u00e7a &#8211; isso \u00e9 covardia&#8221;.<\/p>\n<p>Henry, uma americana haitiana de primeira gera\u00e7\u00e3o, disse que ap\u00f3ia totalmente a decis\u00e3o de Deegan de n\u00e3o assinar o projeto, acrescentando que ela estava certa em chamar o medo que essa ordenan\u00e7a est\u00e1 criando e o risco que ela representa para a cidade-legalmente e moralmente.<\/p>\n<h3 class=\"wp-block-heading\">Cr\u00edtica ao prefeito<\/h3>\n<p>Carrico tamb\u00e9m comentou a decis\u00e3o de Deegan depois que ela a anunciou, escrevendo sobre X (anteriormente Twitter) que &#8220;se recusou a colocar seu nome nele &#8211; mas deixe -o se tornar lei de qualquer maneira&#8221;.<\/p>\n<p>&#8220;Puntando e tocando pol\u00edtica em uma quest\u00e3o t\u00e3o cr\u00edtica quanto decepcionante&#8221;, escreveu Carrico. &#8220;Mas ainda \u00e9 uma vit\u00f3ria, uma vit\u00f3ria para a seguran\u00e7a das fam\u00edlias de Jacksonville e um passo ousado \u00e0 frente, ao liderarmos o pa\u00eds na aplica\u00e7\u00e3o da imigra\u00e7\u00e3o ilegal local&#8221;.<\/p>\n<p>Em um comunicado em X cerca de duas horas depois que Deegan falou, o membro do conselho Ron Salem teve sua pr\u00f3pria rea\u00e7\u00e3o.<\/p>\n<p>&#8220;Jacksonville precisa de um l\u00edder, e esse \u00e9 um comportamento covarde do prefeito Deegan&#8221;, disse Salem, tamb\u00e9m estava na entrevista coletiva de Carrico. &#8220;Jacksonville merece um l\u00edder que defenda seu juramento de cargo, n\u00e3o aquele que foge disso.&#8221;<\/p>\n<p>Um segundo projeto de lei de imigra\u00e7\u00e3o, introduzido pelo membro do conselho Rory Diamond, pretende auditar ag\u00eancias da cidade que concedem subs\u00eddios e impedem que esse financiamento beneficie os imigrantes sem documentos. Est\u00e1 programado para ser debatido nos comit\u00eas do conselho nas pr\u00f3ximas semanas.<\/p>\n<\/div>\n<p><br \/>\n<br \/><a href=\"https:\/\/jaxtoday.org\/2025\/04\/02\/deegan-immigration-bill\/\">Source link <\/a><\/p>","protected":false},"excerpt":{"rendered":"<p>Dizendo aos imigrantes de Jacksonville que &#8220;voc\u00ea pertence&#8221;, a prefeita Donna Deegan disse na quarta -feira que permitir\u00e1 um controverso conta de imigra\u00e7\u00e3o entrar em vigor sem a assinatura dela,&hellip;<\/p>","protected":false},"author":1,"featured_media":116042,"comment_status":"closed","ping_status":"open","sticky":false,"template":"","format":"standard","meta":{"content-type":"","footnotes":""},"categories":[1],"tags":[],"class_list":["post-116041","post","type-post","status-publish","format-standard","has-post-thumbnail","hentry","category-uncategorized"],"_links":{"self":[{"href":"https:\/\/tvbrazilusa.com\/pt\/wp-json\/wp\/v2\/posts\/116041","targetHints":{"allow":["GET"]}}],"collection":[{"href":"https:\/\/tvbrazilusa.com\/pt\/wp-json\/wp\/v2\/posts"}],"about":[{"href":"https:\/\/tvbrazilusa.com\/pt\/wp-json\/wp\/v2\/types\/post"}],"author":[{"embeddable":true,"href":"https:\/\/tvbrazilusa.com\/pt\/wp-json\/wp\/v2\/users\/1"}],"replies":[{"embeddable":true,"href":"https:\/\/tvbrazilusa.com\/pt\/wp-json\/wp\/v2\/comments?post=116041"}],"version-history":[{"count":1,"href":"https:\/\/tvbrazilusa.com\/pt\/wp-json\/wp\/v2\/posts\/116041\/revisions"}],"predecessor-version":[{"id":116043,"href":"https:\/\/tvbrazilusa.com\/pt\/wp-json\/wp\/v2\/posts\/116041\/revisions\/116043"}],"wp:featuredmedia":[{"embeddable":true,"href":"https:\/\/tvbrazilusa.com\/pt\/wp-json\/wp\/v2\/media\/116042"}],"wp:attachment":[{"href":"https:\/\/tvbrazilusa.com\/pt\/wp-json\/wp\/v2\/media?parent=116041"}],"wp:term":[{"taxonomy":"category","embeddable":true,"href":"https:\/\/tvbrazilusa.com\/pt\/wp-json\/wp\/v2\/categories?post=116041"},{"taxonomy":"post_tag","embeddable":true,"href":"https:\/\/tvbrazilusa.com\/pt\/wp-json\/wp\/v2\/tags?post=116041"}],"curies":[{"name":"wp","href":"https:\/\/api.w.org\/{rel}","templated":true}]}}