{"id":116047,"date":"2025-04-02T20:23:00","date_gmt":"2025-04-02T20:23:00","guid":{"rendered":"https:\/\/tvbrazilusa.com\/2025\/04\/02\/os-lideres-de-connecticut-pesam-as-novas-tarifas-do-governo-trump\/"},"modified":"2025-04-02T20:31:10","modified_gmt":"2025-04-02T20:31:10","slug":"os-lideres-de-connecticut-pesam-as-novas-tarifas-do-governo-trump","status":"publish","type":"post","link":"https:\/\/tvbrazilusa.com\/pt\/2025\/04\/02\/os-lideres-de-connecticut-pesam-as-novas-tarifas-do-governo-trump\/","title":{"rendered":"Os l\u00edderes de Connecticut pesam as novas tarifas do governo Trump"},"content":{"rendered":"<script async src=\"https:\/\/pagead2.googlesyndication.com\/pagead\/js\/adsbygoogle.js?client=ca-pub-8864793242727901\"\r\n     crossorigin=\"anonymous\"><\/script>\n<p>HARTFORD, Connecticut (WTNH) &#8211; Os l\u00edderes de Connecticut est\u00e3o avaliando o impacto do novo plano tarif\u00e1rio do governo Trump.<\/p>\n<p>O governador Ned Lamont (D.-Conn.) Disse acreditar que a tarifa \u00e9 &#8220;uma palavra de seis letras para impostos&#8221;. Os l\u00edderes republicanos disseram que, se os democratas estiverem preocupados com os pre\u00e7os dos consumidores, eles devem parecer um pouco mais perto de casa.<\/p>\n<div class=\"nlp-ignore-block article-content rich-text\">\n<aside class=\"promo-link\">\n\t<a href=\"https:\/\/www.wtnh.com\/news\/national\/trump-to-announce-new-tariffs-as-he-takes-a-political-financial-gamble\/?ipid=promo-link-block1\" class=\"promo-link__link\"><\/p>\n<p>\t\tO presidente Donald Trump anuncia tarifas &#8216;rec\u00edprocas&#8217; abrangentes\t<\/a><br \/>\n<\/aside>\n<\/div>\n<p>Sintonize o News 8 a partir das 17h para ouvir os l\u00edderes de Connecticut em ambos os lados do corredor sobre o que o presidente Donald Trump descreveu como <a href=\"https:\/\/www.wtnh.com\/news\/politics\/ap-trumps-promised-liberation-day-of-tariffs-is-coming-heres-what-it-could-mean-for-you\/\" data-type=\"link\" data-id=\"https:\/\/www.wtnh.com\/news\/politics\/ap-trumps-promised-liberation-day-of-tariffs-is-coming-heres-what-it-could-mean-for-you\/\">&#8220;Dia da Liberta\u00e7\u00e3o&#8221; da Am\u00e9rica.<\/a><\/p>\n<p><br \/>\n<br \/><a href=\"https:\/\/www.wtnh.com\/news\/connecticut\/connecticut-leaders-weigh-in-on-trump-administrations-new-tariffs\/\">Source link <\/a><\/p>","protected":false},"excerpt":{"rendered":"<p>HARTFORD, Connecticut (WTNH) &#8211; Os l\u00edderes de Connecticut est\u00e3o avaliando o impacto do novo plano tarif\u00e1rio do governo Trump. O governador Ned Lamont (D.-Conn.) Disse acreditar que a tarifa \u00e9&hellip;<\/p>","protected":false},"author":1,"featured_media":116048,"comment_status":"closed","ping_status":"open","sticky":false,"template":"","format":"standard","meta":{"content-type":"","footnotes":""},"categories":[1],"tags":[],"class_list":["post-116047","post","type-post","status-publish","format-standard","has-post-thumbnail","hentry","category-uncategorized"],"_links":{"self":[{"href":"https:\/\/tvbrazilusa.com\/pt\/wp-json\/wp\/v2\/posts\/116047","targetHints":{"allow":["GET"]}}],"collection":[{"href":"https:\/\/tvbrazilusa.com\/pt\/wp-json\/wp\/v2\/posts"}],"about":[{"href":"https:\/\/tvbrazilusa.com\/pt\/wp-json\/wp\/v2\/types\/post"}],"author":[{"embeddable":true,"href":"https:\/\/tvbrazilusa.com\/pt\/wp-json\/wp\/v2\/users\/1"}],"replies":[{"embeddable":true,"href":"https:\/\/tvbrazilusa.com\/pt\/wp-json\/wp\/v2\/comments?post=116047"}],"version-history":[{"count":1,"href":"https:\/\/tvbrazilusa.com\/pt\/wp-json\/wp\/v2\/posts\/116047\/revisions"}],"predecessor-version":[{"id":116049,"href":"https:\/\/tvbrazilusa.com\/pt\/wp-json\/wp\/v2\/posts\/116047\/revisions\/116049"}],"wp:featuredmedia":[{"embeddable":true,"href":"https:\/\/tvbrazilusa.com\/pt\/wp-json\/wp\/v2\/media\/116048"}],"wp:attachment":[{"href":"https:\/\/tvbrazilusa.com\/pt\/wp-json\/wp\/v2\/media?parent=116047"}],"wp:term":[{"taxonomy":"category","embeddable":true,"href":"https:\/\/tvbrazilusa.com\/pt\/wp-json\/wp\/v2\/categories?post=116047"},{"taxonomy":"post_tag","embeddable":true,"href":"https:\/\/tvbrazilusa.com\/pt\/wp-json\/wp\/v2\/tags?post=116047"}],"curies":[{"name":"wp","href":"https:\/\/api.w.org\/{rel}","templated":true}]}}