{"id":116096,"date":"2025-04-03T14:43:46","date_gmt":"2025-04-03T14:43:46","guid":{"rendered":"https:\/\/tvbrazilusa.com\/2025\/04\/03\/nathan-carman-nativo-de-connecticut-acusado-de-matar-a-mae-apresentada-em-20-20-nesta-semana\/"},"modified":"2025-04-03T14:48:37","modified_gmt":"2025-04-03T14:48:37","slug":"nathan-carman-nativo-de-connecticut-acusado-de-matar-a-mae-apresentada-em-20-20-nesta-semana","status":"publish","type":"post","link":"https:\/\/tvbrazilusa.com\/pt\/2025\/04\/03\/nathan-carman-nativo-de-connecticut-acusado-de-matar-a-mae-apresentada-em-20-20-nesta-semana\/","title":{"rendered":"Nathan Carman, nativo de Connecticut acusado de matar a m\u00e3e, apresentada em &#8217;20\/20 &#8216;nesta semana"},"content":{"rendered":"<script async src=\"https:\/\/pagead2.googlesyndication.com\/pagead\/js\/adsbygoogle.js?client=ca-pub-8864793242727901\"\r\n     crossorigin=\"anonymous\"><\/script>\n<p><em>O v\u00eddeo acima \u00e9 de outubro de 2023.<\/em><\/p>\n<p>NEW HAVEN, Connecticut (WTNH) &#8211; O caso envolvendo Nathan Carman, um nativo de Middletown, Connecticut, que foi acusado de matar sua m\u00e3e na costa de Rhode Island em 2016, est\u00e1 sendo apresentada na ABC &#8220;20\/20&#8221; nesta semana.<\/p>\n<p>O novo especial, &#8220;Family Lies&#8221;, estreia \u00e0s 21h na sexta -feira, 4 de abril, no News 8.<\/p>\n<p>Carman, que morava em Vernon, Vermont, foi acusado de assassinato e fraude em primeiro grau na morte de sua m\u00e3e, Linda Carman, 54 anos, em uma viagem de pesca em Block Island em setembro de 2016. Ela nunca mais foi vista e \u00e9 <a href=\"https:\/\/www.wtnh.com\/news\/connecticut\/middlesex\/middletown-woman-presumed-lost-at-sea-has-been-declared-dead-7-years-later\/\">presumido morto<\/a>.<\/p>\n<p>Em 2023, <a href=\"https:\/\/www.wtnh.com\/news\/connecticut\/connecticut-native-charged-with-killing-mom-at-sea-has-died-court-documents\/\">Carman morreu por suic\u00eddio<\/a> na pris\u00e3o enquanto aguardava julgamento. <\/p>\n<div class=\"nlp-ignore-block article-content rich-text\">\n<aside class=\"promo-link\">\n\t<a href=\"https:\/\/www.wtnh.com\/news\/connecticut\/middlesex\/middletown-woman-presumed-lost-at-sea-has-been-declared-dead-7-years-later\/?ipid=promo-link-block1\" class=\"promo-link__link\"><\/p>\n<p>\t\tMulher Middletown Presumida Lost no mar foi declarada morta 7 anos depois\t<\/a><br \/>\n<\/aside>\n<\/div>\n<p>De acordo com <a href=\"https:\/\/x.com\/ABC2020\/status\/1907214396658479409\">o trailer postado nas m\u00eddias sociais<\/a>o epis\u00f3dio contar\u00e1 com v\u00eddeos de interrogat\u00f3rio policial nunca vistos e novos detalhes e entrevistas sobre o caso.<\/p>\n<p>O epis\u00f3dio tamb\u00e9m discutir\u00e1 a morte do av\u00f4 de Carman, John Chakalos, um rico promotor imobili\u00e1rio, que foi baleado em sua casa em Windsor em dezembro de 2013. <\/p>\n<p>Carman nunca foi acusado pela morte de seu av\u00f4, e ele teve <a href=\"https:\/\/www.wtnh.com\/news\/man-accused-of-killing-his-mother-on-boat-near-block-island-in-2016\/?ipid=promo-link-block1\">negou qualquer envolvimento nas duas mortes<\/a>.<\/p>\n<\/p>\n<p><br \/>\n<br \/><a href=\"https:\/\/www.wtnh.com\/news\/connecticut\/nathan-carman-connecticut-native-accused-of-killing-mother-featured-on-20-20-this-week\/\">Source link <\/a><\/p>","protected":false},"excerpt":{"rendered":"<p>O v\u00eddeo acima \u00e9 de outubro de 2023. NEW HAVEN, Connecticut (WTNH) &#8211; O caso envolvendo Nathan Carman, um nativo de Middletown, Connecticut, que foi acusado de matar sua m\u00e3e&hellip;<\/p>","protected":false},"author":1,"featured_media":116097,"comment_status":"closed","ping_status":"open","sticky":false,"template":"","format":"standard","meta":{"content-type":"","footnotes":""},"categories":[1],"tags":[],"class_list":["post-116096","post","type-post","status-publish","format-standard","has-post-thumbnail","hentry","category-uncategorized"],"_links":{"self":[{"href":"https:\/\/tvbrazilusa.com\/pt\/wp-json\/wp\/v2\/posts\/116096","targetHints":{"allow":["GET"]}}],"collection":[{"href":"https:\/\/tvbrazilusa.com\/pt\/wp-json\/wp\/v2\/posts"}],"about":[{"href":"https:\/\/tvbrazilusa.com\/pt\/wp-json\/wp\/v2\/types\/post"}],"author":[{"embeddable":true,"href":"https:\/\/tvbrazilusa.com\/pt\/wp-json\/wp\/v2\/users\/1"}],"replies":[{"embeddable":true,"href":"https:\/\/tvbrazilusa.com\/pt\/wp-json\/wp\/v2\/comments?post=116096"}],"version-history":[{"count":1,"href":"https:\/\/tvbrazilusa.com\/pt\/wp-json\/wp\/v2\/posts\/116096\/revisions"}],"predecessor-version":[{"id":116098,"href":"https:\/\/tvbrazilusa.com\/pt\/wp-json\/wp\/v2\/posts\/116096\/revisions\/116098"}],"wp:featuredmedia":[{"embeddable":true,"href":"https:\/\/tvbrazilusa.com\/pt\/wp-json\/wp\/v2\/media\/116097"}],"wp:attachment":[{"href":"https:\/\/tvbrazilusa.com\/pt\/wp-json\/wp\/v2\/media?parent=116096"}],"wp:term":[{"taxonomy":"category","embeddable":true,"href":"https:\/\/tvbrazilusa.com\/pt\/wp-json\/wp\/v2\/categories?post=116096"},{"taxonomy":"post_tag","embeddable":true,"href":"https:\/\/tvbrazilusa.com\/pt\/wp-json\/wp\/v2\/tags?post=116096"}],"curies":[{"name":"wp","href":"https:\/\/api.w.org\/{rel}","templated":true}]}}