{"id":116168,"date":"2025-04-03T22:25:44","date_gmt":"2025-04-03T22:25:44","guid":{"rendered":"https:\/\/tvbrazilusa.com\/2025\/04\/03\/principal-elementar-de-vernon-chamado-connecticut-principal-do-ano\/"},"modified":"2025-04-03T22:29:09","modified_gmt":"2025-04-03T22:29:09","slug":"principal-elementar-de-vernon-chamado-connecticut-principal-do-ano","status":"publish","type":"post","link":"https:\/\/tvbrazilusa.com\/pt\/2025\/04\/03\/principal-elementar-de-vernon-chamado-connecticut-principal-do-ano\/","title":{"rendered":"Principal elementar de Vernon chamado Connecticut Principal do ano"},"content":{"rendered":"<script async src=\"https:\/\/pagead2.googlesyndication.com\/pagead\/js\/adsbygoogle.js?client=ca-pub-8864793242727901\"\r\n     crossorigin=\"anonymous\"><\/script>\n<p>Vernon, Connecticut (WTNH) &#8211; Aluno, professora e funcion\u00e1rios da Skinner Road Elementary School, em Vernon, teve muito orgulho escolar na quinta -feira depois que seu diretor, Bryan Kerachesky foi nomeado diretor do ano pela Associa\u00e7\u00e3o de Escolas Connecticut.<\/p>\n<div class=\"nlp-ignore-block article-content rich-text\">\n<aside class=\"promo-link\">\n\t<a href=\"https:\/\/www.wtnh.com\/news\/connecticut\/connecticut-teacher-of-the-year-awards-honor-educators\/?ipid=promo-link-block1\" class=\"promo-link__link\" target=\"\"_blank\"\"><\/p>\n<p>\t\tConnecticut Professor of the Year Awards Honor Educators\t<\/a><br \/>\n<\/aside>\n<\/div>\n<p>&#8220;Tem sido um processo longo&#8221;, disse Melissa McKee, especialista em matem\u00e1tica. &#8220;Houve uma visita \u00e0 vista, algumas entrevistas, e estou empolgado com ele&#8221;.<\/p>\n<p>Por oito anos, Kerachesky atuou como diretor da escola, tornando -o uma escola nacional de fita azul e uma escola de distin\u00e7\u00e3o. Mas suas contribui\u00e7\u00f5es n\u00e3o terminam a\u00ed. Ele tamb\u00e9m \u00e9 um treinador executivo que ajuda diretores em outros distritos. <\/p>\n<p>McKee nomeou &#8220;Sr. K&#8221; para a honra. Ela diz que suas muitas contribui\u00e7\u00f5es incluem uma &#8220;iniciativa pertencente&#8221;, que \u00e9 semelhante a um programa de consultoria, para os alunos.<\/p>\n<p>&#8220;Todos os nossos alunos t\u00eam outro adulto com o qual se encontram duas vezes por semana com outros estudantes de v\u00e1rios n\u00edveis de s\u00e9rie e esse \u00e9 o grupo B-3 \u00e9 o que eles chamam; seja aqui, seja voc\u00ea, pertence&#8221;, disse McKee.<\/p>\n<p>Os alunos dizem que o Sr. K \u00e9 &#8220;o melhor&#8221; por v\u00e1rias raz\u00f5es, incluindo atividades do Dia do Esp\u00edrito e rachaduras, algumas boas piadas de pai.<\/p>\n<p>&#8220;Escute, como voc\u00ea sabe, todos os dias n\u00e3o s\u00e3o f\u00e1ceis, mas estamos aqui para voc\u00ea todos os dias, porque todos os dias na Skinner Road School \u00e9 um novo come\u00e7o&#8221;.<\/p>\n<p>Assista ao v\u00eddeo completo no player acima.<\/p>\n<p><br \/>\n<br \/><a href=\"https:\/\/www.wtnh.com\/news\/connecticut\/tolland\/vernon-elementary-principal-named-connecticut-principal-of-the-year\/\">Source link <\/a><\/p>","protected":false},"excerpt":{"rendered":"<p>Vernon, Connecticut (WTNH) &#8211; Aluno, professora e funcion\u00e1rios da Skinner Road Elementary School, em Vernon, teve muito orgulho escolar na quinta -feira depois que seu diretor, Bryan Kerachesky foi nomeado&hellip;<\/p>","protected":false},"author":1,"featured_media":116169,"comment_status":"closed","ping_status":"open","sticky":false,"template":"","format":"standard","meta":{"content-type":"","footnotes":""},"categories":[1],"tags":[],"class_list":["post-116168","post","type-post","status-publish","format-standard","has-post-thumbnail","hentry","category-uncategorized"],"_links":{"self":[{"href":"https:\/\/tvbrazilusa.com\/pt\/wp-json\/wp\/v2\/posts\/116168","targetHints":{"allow":["GET"]}}],"collection":[{"href":"https:\/\/tvbrazilusa.com\/pt\/wp-json\/wp\/v2\/posts"}],"about":[{"href":"https:\/\/tvbrazilusa.com\/pt\/wp-json\/wp\/v2\/types\/post"}],"author":[{"embeddable":true,"href":"https:\/\/tvbrazilusa.com\/pt\/wp-json\/wp\/v2\/users\/1"}],"replies":[{"embeddable":true,"href":"https:\/\/tvbrazilusa.com\/pt\/wp-json\/wp\/v2\/comments?post=116168"}],"version-history":[{"count":1,"href":"https:\/\/tvbrazilusa.com\/pt\/wp-json\/wp\/v2\/posts\/116168\/revisions"}],"predecessor-version":[{"id":116170,"href":"https:\/\/tvbrazilusa.com\/pt\/wp-json\/wp\/v2\/posts\/116168\/revisions\/116170"}],"wp:featuredmedia":[{"embeddable":true,"href":"https:\/\/tvbrazilusa.com\/pt\/wp-json\/wp\/v2\/media\/116169"}],"wp:attachment":[{"href":"https:\/\/tvbrazilusa.com\/pt\/wp-json\/wp\/v2\/media?parent=116168"}],"wp:term":[{"taxonomy":"category","embeddable":true,"href":"https:\/\/tvbrazilusa.com\/pt\/wp-json\/wp\/v2\/categories?post=116168"},{"taxonomy":"post_tag","embeddable":true,"href":"https:\/\/tvbrazilusa.com\/pt\/wp-json\/wp\/v2\/tags?post=116168"}],"curies":[{"name":"wp","href":"https:\/\/api.w.org\/{rel}","templated":true}]}}