{"id":116283,"date":"2025-04-06T14:30:00","date_gmt":"2025-04-06T14:30:00","guid":{"rendered":"https:\/\/tvbrazilusa.com\/2025\/04\/06\/relatorio-do-capitolio-impacto-das-tarifas-em-connecticut\/"},"modified":"2025-04-06T14:37:46","modified_gmt":"2025-04-06T14:37:46","slug":"relatorio-do-capitolio-impacto-das-tarifas-em-connecticut","status":"publish","type":"post","link":"https:\/\/tvbrazilusa.com\/pt\/2025\/04\/06\/relatorio-do-capitolio-impacto-das-tarifas-em-connecticut\/","title":{"rendered":"Relat\u00f3rio do Capit\u00f3lio: Impacto das tarifas em Connecticut"},"content":{"rendered":"<script async src=\"https:\/\/pagead2.googlesyndication.com\/pagead\/js\/adsbygoogle.js?client=ca-pub-8864793242727901\"\r\n     crossorigin=\"anonymous\"><\/script>\n<p>NEW HAVEN, Connecticut (WTNH) &#8211; Nesta semana, no Relat\u00f3rio do Capit\u00f3lio, os democratas respondem a mudan\u00e7as no n\u00edvel federal, enquanto os legisladores republicanos falam sobre o que precisa de aten\u00e7\u00e3o em n\u00edvel estadual. O painel tamb\u00e9m analisa detalhadamente o impacto das tarifas de Trump em Connecticut.<\/p>\n<p>Al\u00e9m disso, o rep\u00f3rter pol\u00edtico do News 8, Mike Cerulli, tem novas informa\u00e7\u00f5es sobre a corrida governamental de 2026, e os participantes de East Haven recuperam a representante dos EUA Rosa DeLauro.<\/p>\n<p>Assista ao show no v\u00eddeo acima.<\/p>\n<div class=\"nlp-ignore-block article-content rich-text\">\n<section class=\"article-list article-list--link_group\">\n<div class=\"article-list__content\">\n<h2 class=\"article-list__label\">Relat\u00f3rio do Capit\u00f3lio<\/h2>\n<div class=\"article-list__triangle\"><\/div>\n<section class=\"article-list article-list--headline-one-col article-list--link-group\">\n<div class=\"article-list__content\" data-module-type=\"no-title\">\n<article class=\"article-list__article\" data-article-id=\"2174349\" data-context=\"link_group\" data-index=\"0\" data-collection=\"article-list1\" data-anvato-params=\"{\"pauseontabinactive\":false}\">\n\t\t\t<!-- Next line is not the perfect\/ideal way to control hiding the items. Can revisit later. --><\/p>\n<div class=\"article-list__article-text\" data-context=\"link_group\" data-article-list-id=\"article-list1\" data-article-text-classes=\"article-list__article-text\" data-article-thumb-classes=\"article-list__article-thumb\" data-current-image-context=\"[\"16:9\",\"(max-width: 1023px) 50vw, 876px\"]\">\n<p>\t\t\t\t<a class=\"article-list__gradient-link\" href=\"https:\/\/www.wtnh.com\/on-air\/capitol-report\/capitol-report-impact-of-tariffs-on-connecticut\/\" data-link-type=\"content-link\" data-link-position=\"1\" data-link-pinned=\"false\" data-link-label=\"Capitol Report: Impact of tariffs on Connecticut\"><br \/>\n\t\t<\/a><\/p>\n<h2 class=\"article-list__article-title\">\n\t\t\t\t\t\t\t\t\t\t\t\t\t<a href=\"https:\/\/www.wtnh.com\/on-air\/capitol-report\/capitol-report-impact-of-tariffs-on-connecticut\/\" class=\"article-list__article-link\" data-link-type=\"content-link\" data-link-position=\"1\" data-link-pinned=\"false\" data-link-label=\"Capitol Report: Impact of tariffs on Connecticut\"><\/p>\n<p>\t\t\tRelat\u00f3rio do Capit\u00f3lio: Impacto das tarifas em Connecticut<br \/>\n\t\t\t\t\t\t\t\t\t\t<\/a><br \/>\n\t\t\t\t\t<\/h2>\n<p><span aria-hidden=\"true\" class=\"article-list__article-mediaicon article-list__article-mediaicon--video\"><br \/>\n\t<span class=\"article-list__article-mediaicon-svg\"><\/p>\n<p>\t\t.cls-3 {preenchimento: #fff; preenchimento-regra: parodd}<br \/>\n\t<\/span><br \/>\n\t<\/span>\n\t<\/div>\n<\/article>\n<article class=\"article-list__article\" data-article-id=\"2167239\" data-context=\"link_group\" data-index=\"1\" data-collection=\"article-list1\" data-anvato-params=\"{\"pauseontabinactive\":false}\">\n\t\t\t<!-- Next line is not the perfect\/ideal way to control hiding the items. Can revisit later. --><\/p>\n<div class=\"article-list__article-text\" data-context=\"link_group\" data-article-list-id=\"article-list1\" data-article-text-classes=\"article-list__article-text\" data-article-thumb-classes=\"article-list__article-thumb\" data-current-image-context=\"[\"16:9\",\"(max-width: 1023px) 50vw, 876px\"]\">\n<p>\t\t\t\t<a class=\"article-list__gradient-link\" href=\"https:\/\/www.wtnh.com\/on-air\/capitol-report\/capitol-report-public-health-funding-cuts-in-connecticut\/\" data-link-type=\"content-link\" data-link-position=\"2\" data-link-pinned=\"false\" data-link-label=\"Capitol Report: Public health funding cuts in Connecticut\"><br \/>\n\t\t<\/a><\/p>\n<h2 class=\"article-list__article-title\">\n\t\t\t\t\t\t\t\t\t\t\t\t\t<a href=\"https:\/\/www.wtnh.com\/on-air\/capitol-report\/capitol-report-public-health-funding-cuts-in-connecticut\/\" class=\"article-list__article-link\" data-link-type=\"content-link\" data-link-position=\"2\" data-link-pinned=\"false\" data-link-label=\"Capitol Report: Public health funding cuts in Connecticut\"><\/p>\n<p>\t\t\tRelat\u00f3rio do Capit\u00f3lio: Cortes de financiamento de sa\u00fade p\u00fablica em Conn.<br \/>\n\t\t\t\t\t\t\t\t\t\t<\/a><br \/>\n\t\t\t\t\t<\/h2>\n<p><span aria-hidden=\"true\" class=\"article-list__article-mediaicon article-list__article-mediaicon--video\"><br \/>\n\t<span class=\"article-list__article-mediaicon-svg\"><\/p>\n<p>\t\t.cls-3 {preenchimento: #fff; preenchimento-regra: parodd}<br \/>\n\t<\/span><br \/>\n\t<\/span>\n\t<\/div>\n<\/article>\n<article class=\"article-list__article\" data-article-id=\"2159432\" data-context=\"link_group\" data-index=\"2\" data-collection=\"article-list1\" data-anvato-params=\"{\"pauseontabinactive\":false}\">\n\t\t\t<!-- Next line is not the perfect\/ideal way to control hiding the items. Can revisit later. --><\/p>\n<div class=\"article-list__article-text\" data-context=\"link_group\" data-article-list-id=\"article-list1\" data-article-text-classes=\"article-list__article-text\" data-article-thumb-classes=\"article-list__article-thumb\" data-current-image-context=\"[\"16:9\",\"(max-width: 1023px) 50vw, 876px\"]\">\n<p>\t\t\t\t<a class=\"article-list__gradient-link\" href=\"https:\/\/www.wtnh.com\/on-air\/capitol-report\/capitol-report-rally-to-protect-medicaid-at-state-capitol\/\" data-link-type=\"content-link\" data-link-position=\"3\" data-link-pinned=\"false\" data-link-label=\"Capitol Report: Rally to protect Medicaid at state Capitol\"><br \/>\n\t\t<\/a><\/p>\n<h2 class=\"article-list__article-title\">\n\t\t\t\t\t\t\t\t\t\t\t\t\t<a href=\"https:\/\/www.wtnh.com\/on-air\/capitol-report\/capitol-report-rally-to-protect-medicaid-at-state-capitol\/\" class=\"article-list__article-link\" data-link-type=\"content-link\" data-link-position=\"3\" data-link-pinned=\"false\" data-link-label=\"Capitol Report: Rally to protect Medicaid at state Capitol\"><\/p>\n<p>\t\t\tRelat\u00f3rio do Cap: Rally para proteger o Medicaid no Capit\u00f3lio do Estado<br \/>\n\t\t\t\t\t\t\t\t\t\t<\/a><br \/>\n\t\t\t\t\t<\/h2>\n<p><span aria-hidden=\"true\" class=\"article-list__article-mediaicon article-list__article-mediaicon--video\"><br \/>\n\t<span class=\"article-list__article-mediaicon-svg\"><\/p>\n<p>\t\t.cls-3 {preenchimento: #fff; preenchimento-regra: parodd}<br \/>\n\t<\/span><br \/>\n\t<\/span>\n\t<\/div>\n<\/article>\n<\/div>\n<\/section><\/div>\n<\/section>\n<\/div>\n<p><br \/>\n<br \/><a href=\"https:\/\/www.wtnh.com\/on-air\/capitol-report\/capitol-report-impact-of-tariffs-on-connecticut\/\">Source link <\/a><\/p>","protected":false},"excerpt":{"rendered":"<p>NEW HAVEN, Connecticut (WTNH) &#8211; Nesta semana, no Relat\u00f3rio do Capit\u00f3lio, os democratas respondem a mudan\u00e7as no n\u00edvel federal, enquanto os legisladores republicanos falam sobre o que precisa de aten\u00e7\u00e3o&hellip;<\/p>","protected":false},"author":1,"featured_media":57216,"comment_status":"closed","ping_status":"open","sticky":false,"template":"","format":"standard","meta":{"content-type":"","footnotes":""},"categories":[1],"tags":[],"class_list":["post-116283","post","type-post","status-publish","format-standard","has-post-thumbnail","hentry","category-uncategorized"],"_links":{"self":[{"href":"https:\/\/tvbrazilusa.com\/pt\/wp-json\/wp\/v2\/posts\/116283","targetHints":{"allow":["GET"]}}],"collection":[{"href":"https:\/\/tvbrazilusa.com\/pt\/wp-json\/wp\/v2\/posts"}],"about":[{"href":"https:\/\/tvbrazilusa.com\/pt\/wp-json\/wp\/v2\/types\/post"}],"author":[{"embeddable":true,"href":"https:\/\/tvbrazilusa.com\/pt\/wp-json\/wp\/v2\/users\/1"}],"replies":[{"embeddable":true,"href":"https:\/\/tvbrazilusa.com\/pt\/wp-json\/wp\/v2\/comments?post=116283"}],"version-history":[{"count":1,"href":"https:\/\/tvbrazilusa.com\/pt\/wp-json\/wp\/v2\/posts\/116283\/revisions"}],"predecessor-version":[{"id":116284,"href":"https:\/\/tvbrazilusa.com\/pt\/wp-json\/wp\/v2\/posts\/116283\/revisions\/116284"}],"wp:featuredmedia":[{"embeddable":true,"href":"https:\/\/tvbrazilusa.com\/pt\/wp-json\/wp\/v2\/media\/57216"}],"wp:attachment":[{"href":"https:\/\/tvbrazilusa.com\/pt\/wp-json\/wp\/v2\/media?parent=116283"}],"wp:term":[{"taxonomy":"category","embeddable":true,"href":"https:\/\/tvbrazilusa.com\/pt\/wp-json\/wp\/v2\/categories?post=116283"},{"taxonomy":"post_tag","embeddable":true,"href":"https:\/\/tvbrazilusa.com\/pt\/wp-json\/wp\/v2\/tags?post=116283"}],"curies":[{"name":"wp","href":"https:\/\/api.w.org\/{rel}","templated":true}]}}