{"id":116391,"date":"2025-04-08T08:40:31","date_gmt":"2025-04-08T08:40:31","guid":{"rendered":"https:\/\/tvbrazilusa.com\/2025\/04\/08\/bombeiros-em-cena-do-incendio-em-casa-em-watertown\/"},"modified":"2025-04-08T08:45:11","modified_gmt":"2025-04-08T08:45:11","slug":"bombeiros-em-cena-do-incendio-em-casa-em-watertown","status":"publish","type":"post","link":"https:\/\/tvbrazilusa.com\/pt\/2025\/04\/08\/bombeiros-em-cena-do-incendio-em-casa-em-watertown\/","title":{"rendered":"Bombeiros em cena do inc\u00eandio em casa em Watertown"},"content":{"rendered":"<script async src=\"https:\/\/pagead2.googlesyndication.com\/pagead\/js\/adsbygoogle.js?client=ca-pub-8864793242727901\"\r\n     crossorigin=\"anonymous\"><\/script>\n<p>WATERTOWN, Connecticut (WTNH) &#8211; Os bombeiros de Watertown est\u00e3o em cena de um inc\u00eandio em Deefield na ter\u00e7a -feira de manh\u00e3.<\/p>\n<p>A pol\u00edcia \/ despacho policial diz que os bombeiros foram chamados ao que eles dizem ser um inc\u00eandio em estrutura totalmente envolvido.  <\/p>\n<p>Neste momento, n\u00e3o h\u00e1 indica\u00e7\u00e3o se algu\u00e9m foi ferido.<\/p>\n<p><br \/>\n<br \/><a href=\"https:\/\/www.wtnh.com\/news\/connecticut\/litchfield\/firefighters-on-scene-of-house-fire-in-watertown\/\">Source link <\/a><\/p>","protected":false},"excerpt":{"rendered":"<p>WATERTOWN, Connecticut (WTNH) &#8211; Os bombeiros de Watertown est\u00e3o em cena de um inc\u00eandio em Deefield na ter\u00e7a -feira de manh\u00e3. A pol\u00edcia \/ despacho policial diz que os bombeiros&hellip;<\/p>","protected":false},"author":1,"featured_media":116392,"comment_status":"closed","ping_status":"open","sticky":false,"template":"","format":"standard","meta":{"content-type":"","footnotes":""},"categories":[1],"tags":[],"class_list":["post-116391","post","type-post","status-publish","format-standard","has-post-thumbnail","hentry","category-uncategorized"],"_links":{"self":[{"href":"https:\/\/tvbrazilusa.com\/pt\/wp-json\/wp\/v2\/posts\/116391","targetHints":{"allow":["GET"]}}],"collection":[{"href":"https:\/\/tvbrazilusa.com\/pt\/wp-json\/wp\/v2\/posts"}],"about":[{"href":"https:\/\/tvbrazilusa.com\/pt\/wp-json\/wp\/v2\/types\/post"}],"author":[{"embeddable":true,"href":"https:\/\/tvbrazilusa.com\/pt\/wp-json\/wp\/v2\/users\/1"}],"replies":[{"embeddable":true,"href":"https:\/\/tvbrazilusa.com\/pt\/wp-json\/wp\/v2\/comments?post=116391"}],"version-history":[{"count":1,"href":"https:\/\/tvbrazilusa.com\/pt\/wp-json\/wp\/v2\/posts\/116391\/revisions"}],"predecessor-version":[{"id":116393,"href":"https:\/\/tvbrazilusa.com\/pt\/wp-json\/wp\/v2\/posts\/116391\/revisions\/116393"}],"wp:featuredmedia":[{"embeddable":true,"href":"https:\/\/tvbrazilusa.com\/pt\/wp-json\/wp\/v2\/media\/116392"}],"wp:attachment":[{"href":"https:\/\/tvbrazilusa.com\/pt\/wp-json\/wp\/v2\/media?parent=116391"}],"wp:term":[{"taxonomy":"category","embeddable":true,"href":"https:\/\/tvbrazilusa.com\/pt\/wp-json\/wp\/v2\/categories?post=116391"},{"taxonomy":"post_tag","embeddable":true,"href":"https:\/\/tvbrazilusa.com\/pt\/wp-json\/wp\/v2\/tags?post=116391"}],"curies":[{"name":"wp","href":"https:\/\/api.w.org\/{rel}","templated":true}]}}