{"id":116414,"date":"2025-04-08T15:24:26","date_gmt":"2025-04-08T15:24:26","guid":{"rendered":"https:\/\/tvbrazilusa.com\/2025\/04\/08\/show-da-manha-alexandre-de-moraes-a-perseguicao-continua-08-04-2025\/"},"modified":"2025-04-08T18:28:48","modified_gmt":"2025-04-08T18:28:48","slug":"show-da-manha-alexandre-de-moraes-a-perseguicao-continua-08-04-2025","status":"publish","type":"post","link":"https:\/\/tvbrazilusa.com\/pt\/2025\/04\/08\/show-da-manha-alexandre-de-moraes-a-perseguicao-continua-08-04-2025\/","title":{"rendered":"SHOW  DA MANH\u00c3 \u2013 ALEXANDRE DE MORAES: A PERSEGUI\u00c7\u00c3O CONTINUA\u00a0\u2013\u00a008\/04\/2025"},"content":{"rendered":"<p> <script async src=\"https:\/\/pagead2.googlesyndication.com\/pagead\/js\/adsbygoogle.js?client=ca-pub-8864793242727901\"\r\n     crossorigin=\"anonymous\"><\/script><br \/>\n<\/p>\n<p>Apresentado por Marco Ant\u00f4nio Costa.<br \/>\nConvidados: Andr\u00e9 Marsiglia e Eduardo Vieira \/ Participa\u00e7\u00f5es Especiais: Ernesto Ara\u00fajo e Jeffey Chiquini.<br \/>\nO Show da Manh\u00e3 vai ao ar de segunda a sexta, das 10h \u00e0s 12h.<\/p>\n<p>NOVIDADES NO FIO DIA\u0301RIO! ASSINE COM 33% OFF NO PLANO ANUAL OU 66% OFF NO DEZ A FIO! <img decoding=\"async\" src=\"https:\/\/s.w.org\/images\/core\/emoji\/15.0.3\/72x72\/1f449.png\" alt=\"\ud83d\udc49\" class=\"wp-smiley\" style=\"height: 1em;max-height: 1em\" \/> https:\/\/fiodiario.com<\/p>\n<p><img decoding=\"async\" src=\"https:\/\/s.w.org\/images\/core\/emoji\/15.0.3\/72x72\/1f525.png\" alt=\"\ud83d\udd25\" class=\"wp-smiley\" style=\"height: 1em;max-height: 1em\" \/>CAMISETAS FIO DIA\u0301RIO (CUPOM \u201cFIODIARIO10\u201d PARA 10% DE DESCONTO) <img decoding=\"async\" src=\"https:\/\/s.w.org\/images\/core\/emoji\/15.0.3\/72x72\/1f449.png\" alt=\"\ud83d\udc49\" class=\"wp-smiley\" style=\"height: 1em;max-height: 1em\" \/> https:\/\/loja.fiodiario.com<\/p>\n<p><img decoding=\"async\" src=\"https:\/\/s.w.org\/images\/core\/emoji\/15.0.3\/72x72\/1f525.png\" alt=\"\ud83d\udd25\" class=\"wp-smiley\" style=\"height: 1em;max-height: 1em\" \/>APROVEITE AS PROMOC\u0327O\u0303ES DA LIVRARIA FIO DIA\u0301RIO E NA\u0303O CAIA EM NARRATIVAS! <img decoding=\"async\" src=\"https:\/\/s.w.org\/images\/core\/emoji\/15.0.3\/72x72\/1f449.png\" alt=\"\ud83d\udc49\" class=\"wp-smiley\" style=\"height: 1em;max-height: 1em\" \/> https:\/\/livraria.fiodiario.com<\/p>\n<p>Inscreva-se no nosso Canal!<\/p>\n<p>Ou\u00e7a no Spotify: https:\/\/open.spotify.com\/show\/4apGkQd\u2026<\/p>\n<p>Siga no Instagram:<\/p>\n<p>Marco Ant\u00f4nio Costa:<br \/>\nhttps:\/\/www.instagram.com\/marco.antonio.costa\/<\/p>\n<p>Fio Di\u00e1rio:<br \/>\nhttps:\/\/www.instagram.com\/fio_diario\/<\/p>\n<p>Revista Timeline:<br \/>\nYouTube: https:\/\/www.youtube.com\/@ConversaTimeline<br \/>\nWhatsApp: https:\/\/zap.revistatimeline.com<\/p>\n<p>Fabiano Silva (Charges):<br \/>\nInstagram:<br \/>\nhttps:\/\/www.instagram.com\/fabianosilvaart<br \/>\nhttps:\/\/www.instagram.com\/universo.hbquadrinhos<br \/>\nCatarse: https:\/\/www.catarse.me\/hbfantasy<\/p>\n<p>\u2014\u2014\u2014\u2014\u2014\u2014\u2014\u2014\u2014\u2014\u2014\u2014\u2014\u2014\u2014\u2014\u2014\u2014\u2014\u2014\u2013<\/p>\n<p>UPLOAD VIDEOS PLATAFORMA<\/p>\n<p>Paulo Figueiredo Show (ter\u00e7as e quintas):<br \/>\nhttps:\/\/www.youtube.com\/@PauloFigueiredoShow\/streams<br \/>\nTV Injusti\u00e7a:<br \/>\nhttps:\/\/www.youtube.com\/@TVInjustica1\/streams<\/p>\n<p><a href=\"https:\/\/www.youtube.com\/watch?v=zl1QWa0nwMc\">source<\/a><\/p>\n<p><script async src=\"\/\/www.instagram.com\/embed.js\"><\/script><br \/>\n<br \/><br \/>\n<br \/><a href=\"https:\/\/tvfloridausa.com\/2025\/04\/08\/show-da-manha-alexandre-de-moraes-a-perseguicao-continua-08-04-2025\/\">Source link <\/a><\/p>","protected":false},"excerpt":{"rendered":"<p>Apresentado por Marco Ant\u00f4nio Costa. Convidados: Andr\u00e9 Marsiglia e Eduardo Vieira \/ Participa\u00e7\u00f5es Especiais: Ernesto Ara\u00fajo e Jeffey Chiquini. O Show da Manh\u00e3 vai ao ar de segunda a sexta,&hellip;<\/p>","protected":false},"author":1,"featured_media":55007,"comment_status":"closed","ping_status":"open","sticky":false,"template":"","format":"standard","meta":{"content-type":"","footnotes":""},"categories":[22],"tags":[],"class_list":["post-116414","post","type-post","status-publish","format-standard","has-post-thumbnail","hentry","category-tv-florida-usa"],"_links":{"self":[{"href":"https:\/\/tvbrazilusa.com\/pt\/wp-json\/wp\/v2\/posts\/116414","targetHints":{"allow":["GET"]}}],"collection":[{"href":"https:\/\/tvbrazilusa.com\/pt\/wp-json\/wp\/v2\/posts"}],"about":[{"href":"https:\/\/tvbrazilusa.com\/pt\/wp-json\/wp\/v2\/types\/post"}],"author":[{"embeddable":true,"href":"https:\/\/tvbrazilusa.com\/pt\/wp-json\/wp\/v2\/users\/1"}],"replies":[{"embeddable":true,"href":"https:\/\/tvbrazilusa.com\/pt\/wp-json\/wp\/v2\/comments?post=116414"}],"version-history":[{"count":1,"href":"https:\/\/tvbrazilusa.com\/pt\/wp-json\/wp\/v2\/posts\/116414\/revisions"}],"predecessor-version":[{"id":116415,"href":"https:\/\/tvbrazilusa.com\/pt\/wp-json\/wp\/v2\/posts\/116414\/revisions\/116415"}],"wp:featuredmedia":[{"embeddable":true,"href":"https:\/\/tvbrazilusa.com\/pt\/wp-json\/wp\/v2\/media\/55007"}],"wp:attachment":[{"href":"https:\/\/tvbrazilusa.com\/pt\/wp-json\/wp\/v2\/media?parent=116414"}],"wp:term":[{"taxonomy":"category","embeddable":true,"href":"https:\/\/tvbrazilusa.com\/pt\/wp-json\/wp\/v2\/categories?post=116414"},{"taxonomy":"post_tag","embeddable":true,"href":"https:\/\/tvbrazilusa.com\/pt\/wp-json\/wp\/v2\/tags?post=116414"}],"curies":[{"name":"wp","href":"https:\/\/api.w.org\/{rel}","templated":true}]}}