{"id":11644,"date":"2024-07-29T20:22:02","date_gmt":"2024-07-29T20:22:02","guid":{"rendered":"https:\/\/tvbrazilusa.com\/2024\/07\/29\/matthew-judon-sai-apos-um-bate-papo-com-jerod-mayo-e-outras-licoes-do-5o-dia-do-acampamento-dos-patriots\/"},"modified":"2024-07-29T20:26:47","modified_gmt":"2024-07-29T20:26:47","slug":"matthew-judon-sai-apos-um-bate-papo-com-jerod-mayo-e-outras-licoes-do-5o-dia-do-acampamento-dos-patriots","status":"publish","type":"post","link":"https:\/\/tvbrazilusa.com\/pt\/2024\/07\/29\/matthew-judon-sai-apos-um-bate-papo-com-jerod-mayo-e-outras-licoes-do-5o-dia-do-acampamento-dos-patriots\/","title":{"rendered":"Matthew Judon sai ap\u00f3s um bate-papo com Jerod Mayo e outras li\u00e7\u00f5es do 5\u00ba dia do acampamento dos Patriots"},"content":{"rendered":"<p> <script async src=\"https:\/\/pagead2.googlesyndication.com\/pagead\/js\/adsbygoogle.js?client=ca-pub-8864793242727901\"\r\n     crossorigin=\"anonymous\"><\/script><br \/>\n<\/p>\n<div id=\"\">\n<header class=\"m-article-header m-article-header--standard\">\n\t\t\t\t\t\t\t\t\t\t\t\t<span id=\"article-header-primary-term\"><br \/>\n\t\t\t\t\t\t\t\t<a class=\"a-term a-term--primary\" href=\"https:\/\/www.boston.com\/tag\/new-england-patriots\/\"><\/p>\n<p>\t\t\t\t\t\t\t\tPatriotas\t\t\t\t\t\t\t\t<\/a><br \/>\n\t\t\t\t\t\t\t<\/span><\/p>\n<h2 class=\"m-article-header__sub-headline\">Judon estava treinando na segunda-feira, mas n\u00e3o jogou.<\/h2>\n<figure class=\"a-photo m-article-header__photo\"><figcaption class=\"a-photo__caption\">\n<p>\tMateus Judon<em> John Tlumacki\/Equipe Globe<\/em>\t<\/figcaption><\/figure>\n<\/header>\n<div class=\"m-block t-amp__list-container m-article-list-container  m-article-list-container--frame-border a-border-frame  a-list-header__headline--red m-article-list--alternative--default  m-article-list--floated\">\n<ul class=\"t-amp__list a-list--no-style m-article-list m-article-list--recirculation m-article-list--has-images\">\n<li class=\"m-article-list__item m-article-list__item--featured\">\n\t\t\t\t<a class=\"m-article-list__link-wrapper\" href=\"https:\/\/www.boston.com\/sports\/new-england-patriots\/2024\/07\/28\/javon-baker-highlight-catch-patriots-takeaways-training-camp\/\" data-p1=\"article_recirc_inline_feature\"><br \/>\n\t\t\t\t<img fetchpriority=\"high\" decoding=\"async\" width=\"768\" height=\"432\" src=\"https:\/\/bdc2020.o0bc.com\/wp-content\/uploads\/2024\/07\/6LUC2PXTJDHMI6VRJ3RR4YCUGA-66a6b3d631894-768x432.jpg\" class=\"t-amp__list-image m-article-list__image m-article-list__image--full wp-post-image\" alt=\"\" aria-hidden=\"true\" srcset=\"https:\/\/bdc2020.o0bc.com\/wp-content\/uploads\/2024\/07\/6LUC2PXTJDHMI6VRJ3RR4YCUGA-66a6b3d631894-768x432.jpg?width=200 200w, https:\/\/bdc2020.o0bc.com\/wp-content\/uploads\/2024\/07\/6LUC2PXTJDHMI6VRJ3RR4YCUGA-66a6b3d631894-768x432.jpg?width=300 300w, https:\/\/bdc2020.o0bc.com\/wp-content\/uploads\/2024\/07\/6LUC2PXTJDHMI6VRJ3RR4YCUGA-66a6b3d631894-768x432.jpg?width=400 400w, https:\/\/bdc2020.o0bc.com\/wp-content\/uploads\/2024\/07\/6LUC2PXTJDHMI6VRJ3RR4YCUGA-66a6b3d631894-768x432.jpg?width=500 500w, https:\/\/bdc2020.o0bc.com\/wp-content\/uploads\/2024\/07\/6LUC2PXTJDHMI6VRJ3RR4YCUGA-66a6b3d631894-768x432.jpg?width=600 600w, https:\/\/bdc2020.o0bc.com\/wp-content\/uploads\/2024\/07\/6LUC2PXTJDHMI6VRJ3RR4YCUGA-66a6b3d631894-768x432.jpg?width=700 700w, https:\/\/bdc2020.o0bc.com\/wp-content\/uploads\/2024\/07\/6LUC2PXTJDHMI6VRJ3RR4YCUGA-66a6b3d631894-768x432.jpg?width=800 800w, https:\/\/bdc2020.o0bc.com\/wp-content\/uploads\/2024\/07\/6LUC2PXTJDHMI6VRJ3RR4YCUGA-66a6b3d631894-768x432.jpg?width=900 900w\" sizes=\"(max-width: 768px) 100vw, 768px\"\/>\t\t\t\t\t<\/p>\n<p><h4 class=\"m-article-list__headline t-amp__list-headline\">\n\t\t\t\t\t\t\t<span class=\"m-article-list__link a-link a-link--inline a-link--text-link a-link--text-link-dark\"><\/p>\n<p>\t\t\t\t\t\t\tJavon Baker fez uma recep\u00e7\u00e3o \u00e9pica e outras li\u00e7\u00f5es do quarto dia do campo de treinamento dos Patriots\t\t\t\t\t\t\t<\/span><br \/>\n\t\t\t\t\t\t<\/h4>\n<\/p>\n<p>\t\t\t\t<\/a>\n\t\t\t<\/li>\n<li class=\"m-article-list__item\">\n\t\t\t\t\t\t<a class=\"m-article-list__link-wrapper\" href=\"https:\/\/www.boston.com\/sports\/new-england-patriots\/2024\/07\/26\/patriots-davon-godchaux-addresses-frustrating-contract-situation\/\" data-p1=\"article_recirc_inline_feed\"><\/p>\n<p><h4 class=\"m-article-list__headline\">\n\t\t\t\t\t\t\t\t\t<span class=\"m-article-list__link a-link a-link--inline a-link--text-link a-link--text-link-dark\"><\/p>\n<p>\t\t\t\t\t\t\t\t\tDavon Godchaux, do Patriots, aborda situa\u00e7\u00e3o contratual &#8220;frustrante&#8221;\t\t\t\t\t\t\t\t\t<\/span><br \/>\n\t\t\t\t\t\t\t\t<\/h4>\n<\/p>\n<p>\t\t\t\t\t\t<\/a>\n\t\t\t\t\t<\/li>\n<\/ul>\n<\/div>\n<p>A primeira pr\u00e1tica acolchoada deste<a href=\"https:\/\/www.boston.com\/sports\/new-england-patriots\/2024\/07\/28\/javon-baker-highlight-catch-patriots-takeaways-training-camp\/\"> Campo de treinamento dos Patriots<\/a> trouxe um pouco de des\u00e2nimo, um convidado surpresa e v\u00e1rias aus\u00eancias not\u00e1veis. <\/p>\n<p>As linhas ofensiva e defensiva foram duramente atingidas no meio, com jogadores importantes fora. <\/p>\n<p>Linha defensiva <a href=\"https:\/\/www.boston.com\/sports\/new-england-patriots\/2024\/07\/28\/patriots-lineman-christian-barmore-out-indefinitely-after-being-diagnosed-with-blood-clots\/\">Crist\u00e3o Barmore <\/a>permanece fora por tempo indeterminado ap\u00f3s ser diagnosticado com co\u00e1gulos sangu\u00edneos no fim de semana. O guarda-nariz Davon Godchaux estava presente, mas n\u00e3o com protetores completos. <\/p>\n<p>O centro David Andrews tamb\u00e9m estava ausente, e Nick Leverett o substituiu. <\/p>\n<p>Houve algum n\u00edvel de rebatidas, incluindo exerc\u00edcios de 1 contra 1 entre os jogadores de linha, mas n\u00e3o houve muita abordagem enquanto a Nova Inglaterra continuou a se preparar para os treinos completos. <\/p>\n<p>Aqui est\u00e3o cinco li\u00e7\u00f5es aprendidas com a a\u00e7\u00e3o. <\/p>\n<h2 class=\"wp-block-heading\" id=\"h-judon-godchaux-contract-talks-intensify\"><strong>Negocia\u00e7\u00f5es de contrato de Judon e Godchaux se intensificam<\/strong><\/h2>\n<p>Matthew Judon chegou ao treino com suas tradicionais mangas vermelhas, mas n\u00e3o usou protetores. <\/p>\n<p>Ele foi flagrado conversando com o t\u00e9cnico Jerod Mayo na lateral do campo. De acordo com <a href=\"https:\/\/x.com\/NBCSBoston\/status\/1817965721382428808\">NBC Esportes Boston<\/a>ele foi visto mais tarde saindo do campo de treinamento.<\/p>\n<figure class=\"wp-block-embed is-type-rich is-provider-twitter wp-block-embed-twitter\">\n<div class=\"wp-block-embed__wrapper\">\n<blockquote class=\"twitter-tweet\" data-width=\"500\" data-dnt=\"true\">\n<p lang=\"en\" dir=\"ltr\">Jerod Mayo parece trocar algumas palavras com Matthew Judon, que n\u00e3o est\u00e1 participando do treino hoje. Judon \u00e9 visto saindo do campo ap\u00f3s a conversa \ud83d\udc40 <a href=\"https:\/\/t.co\/BJvP64tnpS\">foto.twitter.com\/BJvP64tnpS<\/a><\/p>\n<p>\u2014 NBC Sports Boston (@NBCSBoston) <a href=\"https:\/\/twitter.com\/NBCSBoston\/status\/1817965721382428808?ref_src=twsrc%5Etfw\">29 de julho de 2024<\/a><\/p><\/blockquote>\n<\/div>\n<\/figure>\n<p>Judon deixou claro no in\u00edcio do acampamento que ele \u00e9 <a href=\"https:\/\/www.boston.com\/sports\/new-england-patriots\/2024\/07\/24\/matthew-judon-gives-candid-breakdown-of-where-his-contract-situation-stands-with-patriots\/\">insatisfeito com seu contrato<\/a>que tem um ano restante com um impacto no teto salarial de $ 14.675.848 de acordo com a Spotrac. Ele \u00e9 o jogador mais bem pago dos Patriots, mas seu acordo o coloca em 17\u00ba lugar entre os jogadores em sua posi\u00e7\u00e3o em termos de valor m\u00e9dio anual.<\/p>\n<p>Judon, que participou de quatro dos \u00faltimos cinco Pro Bowls apesar de ter ficado de fora da temporada passada devido a uma les\u00e3o no b\u00edceps, havia dito anteriormente que jogaria no contrato, apesar de sentir que ele n\u00e3o reflete seu valor para o time. <\/p>\n<p>Drew Rosenhaus, que representa Davon Godchaux, compareceu ao treino e conversou com os executivos dos Patriots, Matt Groh e Robyn Glaser. <\/p>\n<p>Godchaux chegou com ombreiras, mas n\u00e3o participou dos treinos da equipe. Ele tem um ano restante em seu contrato com um impacto de teto de $ 11,8 milh\u00f5es. <a href=\"https:\/\/www.boston.com\/sports\/new-england-patriots\/2024\/07\/26\/patriots-davon-godchaux-addresses-frustrating-contract-situation\/\">Ele disse antes<\/a> no campo que a falta de dinheiro garantido em seu acordo \u00e9 um problema, mas tamb\u00e9m disse que quer permanecer na Nova Inglaterra por muito tempo, se poss\u00edvel.<\/p>\n<h2 class=\"wp-block-heading\" id=\"h-rough-day-for-drake-maye\"><strong>Dia dif\u00edcil para Drake Maye<\/strong><\/h2>\n<p>O quarterback novato Drake Maye n\u00e3o teve um bom treino na segunda-feira. <\/p>\n<p>Kyle Dugger pegou Maye durante a sess\u00e3o 7 contra 7, onde Maye terminou 2 por 6. O arremesso foi curto para fora, e Dugger fez uma boa jogada ao desviar a bola para si mesmo.<\/p>\n<p>As coisas n\u00e3o foram muito melhores para Maye durante 11 contra 11. Maye foi 1 para 5, com a \u00fanica conclus\u00e3o sendo um passe curto para Javon Baker. <\/p>\n<p>Por outro lado, Jacoby Brissett teve uma exibi\u00e7\u00e3o forte, completando todos os seus passes, exceto tr\u00eas. Tyquan Thornton fez uma pegada deslizante por cima do ombro que arrancou aplausos da multid\u00e3o. <\/p>\n<h2 class=\"wp-block-heading\" id=\"h-play-of-the-day-javon-baker-again\"><strong>Jogada do dia: Javon Baker \u2014 de novo<\/strong><\/h2>\n<p>Pelo terceiro treino consecutivo, o novato wideout Javon Baker fez uma recep\u00e7\u00e3o impressionante.<\/p>\n<p>Na sexta-feira, Joe Milton acertou Baker em uma bola profunda que viajou mais de 60 jardas para um touchdown. No domingo, Baker fez uma recep\u00e7\u00e3o no estilo cesta em uma bola profunda que ele disse que experi\u00eancias passadas jogando beisebol o ajudaram.<\/p>\n<p>Na segunda-feira, Baker conseguiu se ajustar a uma bola longa mal lan\u00e7ada por Brissett e fez uma recep\u00e7\u00e3o r\u00e1pida com as duas m\u00e3os sobre dois defensores. <\/p>\n<figure class=\"wp-block-embed is-type-rich is-provider-twitter wp-block-embed-twitter\"\/>\n<h2 class=\"wp-block-heading\" id=\"h-uche-leaves-after-a-scuffle\"><strong>Uche sai ap\u00f3s uma briga<\/strong><\/h2>\n<p>O linebacker Joshua Uche deixou o treino ap\u00f3s uma breve briga com o jogador de linha ofensiva Chukwuma Okorafor. <\/p>\n<p>Okorafor foi autorizado a permanecer no consult\u00f3rio ap\u00f3s o incidente. <\/p>\n<h2 class=\"wp-block-heading\" id=\"h-leverett-fills-in-for-andrews\"><strong>Leverett substitui Andrews<\/strong><\/h2>\n<p>Leverett comandou a maioria dos snaps no centro na segunda-feira, com Andrews fora.<\/p>\n<p>  Atonio Mafi, que atuou principalmente como ala no ano passado, tamb\u00e9m conseguiu alguma atua\u00e7\u00e3o como piv\u00f4.<\/p>\n<p>Tirando a aus\u00eancia de Andrews, os Patriots mantiveram a mesma linha ofensiva do primeiro time que tiveram nos \u00faltimos treinos, com Caedan Wallace como left tackle, Mike Onwenu como left guard, Sidy Sow como right guard e Okorafor como right tackle.<\/p>\n<div class=\"m-block m-generic-cta\t m-generic-cta--post-content\t m-generic-cta--dark\t m-generic-cta--homepage\t m-generic-cta--email-signup\t\t m-generic-cta-block-style--default \tt-amp__generic-cta\"><\/p>\n<div class=\"m-generic-cta__wrap\">\n<div class=\"m-generic-cta__content\">\n<h3 class=\"m-generic-cta__title\">Inscreva-se para receber atualiza\u00e7\u00f5es dos Patriots\ud83c\udfc8<\/h3>\n<p class=\"m-generic-cta__subtitle\">Receba not\u00edcias de \u00faltima hora e an\u00e1lises na sua caixa de entrada durante a temporada de futebol.<\/p>\n<\/p><\/div>\n<\/p><\/div>\n<\/div><\/div>\n<p><script async src=\"\/\/platform.twitter.com\/widgets.js\" charset=\"utf-8\"><\/script><script>\n\t\tvar consent=\"grant\";\n\t\t\/* The above code is parsing the JSON data from the local storage and storing it in a variable. *\/\n\t\t\t\t\tconst onetrustStorageConsent = JSON.parse(localStorage.getItem( 'consent_one_trust_bdc' ) );\n\t\t\tif ( ( onetrustStorageConsent !== null ) ) {\n\t\t\t\t\/* Checking to see if the user has consented to the use of cookies.\n\t\t\t\t* If they have not, it is deleting the cookie.\n\t\t\t\t* This will comment for now, until further notice.\n\t\t\t\t*\/\n\t\t\t\t\/\/if ( onetrustStorageConsent.C0002 === false ) {\n\t\t\t\t\/\/\tdocument.cookie=\"_fbp=;expires=Thu, 01 Jan 2010 00:00:00 UTC; path=\/; domain=.boston.com\";\n\t\t\t\t\/\/}\n\t\t\t\t\/* Checking if the user has given consent for the cookie C0002.\n\t\t\t\t* If the user has given consent, the variable consent will be set to 'grant'.\n\t\t\t\t* If the user has not given consent,the variable consent will be set to 'revoke'.\n\t\t\t\t* Documentation https:\/\/developers.facebook.com\/docs\/meta-pixel\/implementation\/gdpr\n\t\t\t\t*\/\n\t\t\t\tif ( onetrustStorageConsent.C0002 !== true ) {\n\t\t\t\t\tconsent=\"revoke\";\n\t\t\t\t}\n\t\t\t}\n\t\t\t\t!function(f,b,e,v,n,t,s)\n\t\t{if(f.fbq)return;n=f.fbq=function(){n.callMethod?\n\t\tn.callMethod.apply(n,arguments):n.queue.push(arguments)};\n\t\tif(!f._fbq)f._fbq=n;n.push=n;n.loaded=!0;n.version='2.0';\n\t\tn.queue=[];t=b.createElement(e);t.async=!0;\n\t\tt.src=v;s=b.getElementsByTagName(e)[0];\n\t\ts.parentNode.insertBefore(t,s)}(window, document,'script',\n\t\t'https:\/\/connect.facebook.net\/en_US\/fbevents.js');\n\t\tfbq('consent', consent);\n\t\tfbq('init', '989222871864976');\n\t\tfbq('track', 'PageView');\n\t<\/script><script type=\"module\">\n\t\tvar consent=\"grant\";\n\t\t\/* The above code is parsing the JSON data from the local storage and storing it in a variable. *\/\n\t\t\tconst onetrustStorageConsent = JSON.parse(localStorage.getItem( 'consent_one_trust_bdc' ) );\n\t\t\t\/* Checking to see if the user has consented to the use of cookies.\n\t\t\t* If they have not, it is deleting the cookie.\n\t\t\t* This will comment for now, until further notice.\n\t\t\t*\/\n\t\t\t\/\/if ( onetrustStorageConsent.C0002 === false ) {\n\t\t\t\/\/\tdocument.cookie=\"_fbp=;expires=Thu, 01 Jan 2010 00:00:00 UTC; path=\/; domain=.boston.com\";\n\t\t\t\/\/}\n\t\t\t\/* Checking if the user has given consent for the cookie C0002.\n\t\t\t* If the user has given consent, the variable consent will be set to 'grant'.\n\t\t\t* If the user has not given consent,the variable consent will be set to 'revoke'.\n\t\t\t* Documentation https:\/\/developers.facebook.com\/docs\/meta-pixel\/implementation\/gdpr\n\t\t\t*\/\n\t\t\tif ( ( onetrustStorageConsent !== null ) && (onetrustStorageConsent.C0002 !== true ) ) {\n\t\t\t\tconsent=\"revoke\";\n\t\t\t}\n\t\t\t\t!function(f,b,e,v,n,t,s){if(f.fbq)return;n=f.fbq=function()\n\t\t{n.callMethod? n.callMethod.apply(n,arguments):n.queue.push(arguments)}\n\t\t;if(!f._fbq)f._fbq=n;\n\t\tn.push=n;n.loaded=!0;n.version='2.0';n.queue=[];t=b.createElement(e);t.async=!0;\n\t\tt.src=v;s=b.getElementsByTagName(e)[0];s.parentNode.insertBefore(t,s)}(window,\n\t\tdocument,'script','https:\/\/connect.facebook.net\/en_US\/fbevents.js');\n\t\tfbq('consent', consent);\n\t\tfbq('init', '813236348753005');\n\t\tfbq('track', \"PageView\");\n\t<\/script><br \/>\n<br \/><br \/>\n<br \/><a href=\"https:\/\/www.boston.com\/sports\/new-england-patriots\/2024\/07\/29\/matthew-judon-leaves-after-a-chat-with-jerod-mayo-and-other-takeaways-from-day-5-of-patriots-camp\/\">Source link <\/a><\/p>","protected":false},"excerpt":{"rendered":"<p>Patriotas Judon estava treinando na segunda-feira, mas n\u00e3o jogou. Mateus Judon John Tlumacki\/Equipe Globe Javon Baker fez uma recep\u00e7\u00e3o \u00e9pica e outras li\u00e7\u00f5es do quarto dia do campo de treinamento&hellip;<\/p>","protected":false},"author":1,"featured_media":11645,"comment_status":"closed","ping_status":"open","sticky":false,"template":"","format":"standard","meta":{"content-type":"","footnotes":""},"categories":[1],"tags":[],"class_list":["post-11644","post","type-post","status-publish","format-standard","has-post-thumbnail","hentry","category-uncategorized"],"_links":{"self":[{"href":"https:\/\/tvbrazilusa.com\/pt\/wp-json\/wp\/v2\/posts\/11644","targetHints":{"allow":["GET"]}}],"collection":[{"href":"https:\/\/tvbrazilusa.com\/pt\/wp-json\/wp\/v2\/posts"}],"about":[{"href":"https:\/\/tvbrazilusa.com\/pt\/wp-json\/wp\/v2\/types\/post"}],"author":[{"embeddable":true,"href":"https:\/\/tvbrazilusa.com\/pt\/wp-json\/wp\/v2\/users\/1"}],"replies":[{"embeddable":true,"href":"https:\/\/tvbrazilusa.com\/pt\/wp-json\/wp\/v2\/comments?post=11644"}],"version-history":[{"count":1,"href":"https:\/\/tvbrazilusa.com\/pt\/wp-json\/wp\/v2\/posts\/11644\/revisions"}],"predecessor-version":[{"id":11646,"href":"https:\/\/tvbrazilusa.com\/pt\/wp-json\/wp\/v2\/posts\/11644\/revisions\/11646"}],"wp:featuredmedia":[{"embeddable":true,"href":"https:\/\/tvbrazilusa.com\/pt\/wp-json\/wp\/v2\/media\/11645"}],"wp:attachment":[{"href":"https:\/\/tvbrazilusa.com\/pt\/wp-json\/wp\/v2\/media?parent=11644"}],"wp:term":[{"taxonomy":"category","embeddable":true,"href":"https:\/\/tvbrazilusa.com\/pt\/wp-json\/wp\/v2\/categories?post=11644"},{"taxonomy":"post_tag","embeddable":true,"href":"https:\/\/tvbrazilusa.com\/pt\/wp-json\/wp\/v2\/tags?post=11644"}],"curies":[{"name":"wp","href":"https:\/\/api.w.org\/{rel}","templated":true}]}}