{"id":116459,"date":"2025-04-08T15:24:26","date_gmt":"2025-04-08T15:24:26","guid":{"rendered":"https:\/\/tvbrazilusa.com\/2025\/04\/08\/show-da-manha-alexandre-de-moraes-a-perseguicao-continua-08-04-2025-2\/"},"modified":"2025-04-08T15:24:26","modified_gmt":"2025-04-08T15:24:26","slug":"show-da-manha-alexandre-de-moraes-a-perseguicao-continua-08-04-2025-2","status":"publish","type":"post","link":"https:\/\/tvbrazilusa.com\/pt\/2025\/04\/08\/show-da-manha-alexandre-de-moraes-a-perseguicao-continua-08-04-2025-2\/","title":{"rendered":"SHOW  DA MANH\u00c3 &#8211; ALEXANDRE DE MORAES: A PERSEGUI\u00c7\u00c3O CONTINUA\u00a0&#8211;\u00a008\/04\/2025"},"content":{"rendered":"<p><iframe  width=\"580\" height=\"385\" src=\"https:\/\/www.youtube.com\/embed\/zl1QWa0nwMc?modestbranding=1\" frameborder=\"0\" allowfullscreen><\/iframe><br \/>\n<br \/>Apresentado por Marco Ant\u00f4nio Costa.<br \/>\nConvidados: Andr\u00e9 Marsiglia e Eduardo Vieira \/ Participa\u00e7\u00f5es Especiais: Ernesto Ara\u00fajo e Jeffey Chiquini.<br \/>\nO Show da Manh\u00e3 vai ao ar de segunda a sexta, das 10h \u00e0s 12h.<\/p>\n<p>\ud83d\udd25NOVIDADES NO FIO DIA\u0301RIO! ASSINE COM 33% OFF NO PLANO ANUAL OU 66% OFF NO DEZ A FIO! \ud83d\udc49 <\/p>\n<p>\ud83d\udd25CAMISETAS FIO DIA\u0301RIO (CUPOM \u201cFIODIARIO10\u201d PARA 10% DE DESCONTO) \ud83d\udc49 <\/p>\n<p>\ud83d\udd25APROVEITE AS PROMOC\u0327O\u0303ES DA LIVRARIA FIO DIA\u0301RIO E NA\u0303O CAIA EM NARRATIVAS! \ud83d\udc49 <\/p>\n<p>Inscreva-se no nosso Canal!<\/p>\n<p>Ou\u00e7a no Spotify: <\/p>\n<p>Siga no Instagram:<\/p>\n<p>Marco Ant\u00f4nio Costa: <\/p>\n<p>Fio Di\u00e1rio: <\/p>\n<p>Revista Timeline:<br \/>\nYouTube:<br \/>\nWhatsApp: <\/p>\n<p>Fabiano Silva (Charges):<br \/>\nInstagram: <\/p>\n<p>Catarse:<br \/>\n<br \/><a href=\"https:\/\/www.youtube.com\/watch?v=zl1QWa0nwMc\">source<\/a><\/p>","protected":false},"excerpt":{"rendered":"<p>Apresentado por Marco Ant\u00f4nio Costa. Convidados: Andr\u00e9 Marsiglia e Eduardo Vieira \/ Participa\u00e7\u00f5es Especiais: Ernesto Ara\u00fajo e Jeffey Chiquini. O Show da Manh\u00e3 vai ao ar de segunda a sexta,&hellip;<\/p>","protected":false},"author":1,"featured_media":116460,"comment_status":"","ping_status":"open","sticky":false,"template":"","format":"standard","meta":{"content-type":"","footnotes":""},"categories":[17],"tags":[1746,33511,557,425,6621,63],"class_list":["post-116459","post","type-post","status-publish","format-standard","has-post-thumbnail","hentry","category-programas","tag-alexandre","tag-continua08042025","tag-manha","tag-moraes","tag-perseguicao","tag-show"],"_links":{"self":[{"href":"https:\/\/tvbrazilusa.com\/pt\/wp-json\/wp\/v2\/posts\/116459","targetHints":{"allow":["GET"]}}],"collection":[{"href":"https:\/\/tvbrazilusa.com\/pt\/wp-json\/wp\/v2\/posts"}],"about":[{"href":"https:\/\/tvbrazilusa.com\/pt\/wp-json\/wp\/v2\/types\/post"}],"author":[{"embeddable":true,"href":"https:\/\/tvbrazilusa.com\/pt\/wp-json\/wp\/v2\/users\/1"}],"replies":[{"embeddable":true,"href":"https:\/\/tvbrazilusa.com\/pt\/wp-json\/wp\/v2\/comments?post=116459"}],"version-history":[{"count":0,"href":"https:\/\/tvbrazilusa.com\/pt\/wp-json\/wp\/v2\/posts\/116459\/revisions"}],"wp:featuredmedia":[{"embeddable":true,"href":"https:\/\/tvbrazilusa.com\/pt\/wp-json\/wp\/v2\/media\/116460"}],"wp:attachment":[{"href":"https:\/\/tvbrazilusa.com\/pt\/wp-json\/wp\/v2\/media?parent=116459"}],"wp:term":[{"taxonomy":"category","embeddable":true,"href":"https:\/\/tvbrazilusa.com\/pt\/wp-json\/wp\/v2\/categories?post=116459"},{"taxonomy":"post_tag","embeddable":true,"href":"https:\/\/tvbrazilusa.com\/pt\/wp-json\/wp\/v2\/tags?post=116459"}],"curies":[{"name":"wp","href":"https:\/\/api.w.org\/{rel}","templated":true}]}}