{"id":116511,"date":"2025-04-09T18:43:00","date_gmt":"2025-04-09T18:43:00","guid":{"rendered":"https:\/\/tvbrazilusa.com\/2025\/04\/09\/preso-duval-severamente-ferido-9-oficiais-suspensos-jacksonville-hoje\/"},"modified":"2025-04-09T18:46:45","modified_gmt":"2025-04-09T18:46:45","slug":"preso-duval-severamente-ferido-9-oficiais-suspensos-jacksonville-hoje","status":"publish","type":"post","link":"https:\/\/tvbrazilusa.com\/pt\/2025\/04\/09\/preso-duval-severamente-ferido-9-oficiais-suspensos-jacksonville-hoje\/","title":{"rendered":"Preso duval severamente ferido; 9 oficiais suspensos | Jacksonville hoje"},"content":{"rendered":"<p> <script async src=\"https:\/\/pagead2.googlesyndication.com\/pagead\/js\/adsbygoogle.js?client=ca-pub-8864793242727901\"\r\n     crossorigin=\"anonymous\"><\/script><br \/>\n<\/p>\n<div>\n<p>Um preso na pris\u00e3o de Duval County est\u00e1 em estado cr\u00edtico depois de ser &#8220;gravemente ferido&#8221; durante algum tipo de incidente na segunda -feira de manh\u00e3, disse o xerife Tk Waters.<\/p>\n<p>Mas exatamente o que aconteceu e onde ocorreu no <a href=\"https:\/\/jaxtoday.org\/2024\/05\/13\/duval-jail-report-calls-for-a-new-public-safety-campus\/\">Instala\u00e7\u00e3o de deten\u00e7\u00e3o pr\u00e9-julgamento<\/a> n\u00e3o foi divulgado \u00e0 medida que uma investiga\u00e7\u00e3o continua.<\/p>\n<p>O nome do preso tamb\u00e9m n\u00e3o foi divulgado, nem nenhuma informa\u00e7\u00e3o sobre o que levou \u00e0 sua pris\u00e3o em primeiro lugar. Waters disse que as informa\u00e7\u00f5es foram retidas por causa dos direitos de privacidade da pessoa.<\/p>\n<p>Os detetives do departamento est\u00e3o investigando \u00e0 medida que o escrit\u00f3rio do procurador do estado conduz sua pr\u00f3pria investiga\u00e7\u00e3o, disse Waters. <\/p>\n<p>&#8220;Por abund\u00e2ncia de cautela, oito oficiais de corre\u00e7\u00f5es e um sargento de corre\u00e7\u00f5es foram removidos de suas posi\u00e7\u00f5es e despojados de toda a sua autoridade de corre\u00e7\u00f5es&#8221;, disse Waters durante uma curta entrevista coletiva na ter\u00e7a -feira. &#8220;Todos eles permanecer\u00e3o nesse status at\u00e9 a conclus\u00e3o desta investiga\u00e7\u00e3o&#8221;.<\/p>\n<p>Ningu\u00e9m foi preso. Os ferimentos do preso, embora n\u00e3o especificados, foram ruins o suficiente para que Waters disse que decidiu contar ao p\u00fablico sobre isso.<\/p>\n<p>&#8220;Eu disse cr\u00edtico&#8221;, disse ele quando questionado sobre se o preso estava em suporte de vida. &#8220;Isso significa que as les\u00f5es s\u00e3o ruins, muito ruins &#8211; o suficiente para eu vir aqui e contar ao p\u00fablico sobre isso.&#8221;<\/p>\n<p>Pedido para uma atualiza\u00e7\u00e3o na quarta -feira, o porta -voz do escrit\u00f3rio do xerife, Christian Hancock, diria apenas que o preso continuava sendo tratado em um hospital e que o local espec\u00edfico do incidente permanece desconhecido.<\/p>\n<p><a href=\"https:\/\/jaxtrib.org\/2025\/04\/09\/man-in-critical-condition-after-incident-with-9-officers-at-jail-jacksonville-sheriff-says\/\" rel=\"nofollow noopener\" target=\"_blank\">O afluente<\/a>a <em>Jacksonville hoje<\/em> O parceiro de not\u00edcias, informou que Waters solicitou que o v\u00ednculo do homem fosse reduzido para que sua fam\u00edlia pudesse visit\u00e1 -lo no hospital. O t\u00edtulo original do homem, US $ 5.003, foi removido para que ele n\u00e3o esteja mais sob cust\u00f3dia, disse o tribut\u00e1rio.<\/p>\n<\/div>\n<p><br \/>\n<br \/><a href=\"https:\/\/jaxtoday.org\/2025\/04\/09\/duval-inmate-severely-injured\/\">Source link <\/a><\/p>","protected":false},"excerpt":{"rendered":"<p>Um preso na pris\u00e3o de Duval County est\u00e1 em estado cr\u00edtico depois de ser &#8220;gravemente ferido&#8221; durante algum tipo de incidente na segunda -feira de manh\u00e3, disse o xerife Tk&hellip;<\/p>","protected":false},"author":1,"featured_media":92911,"comment_status":"closed","ping_status":"open","sticky":false,"template":"","format":"standard","meta":{"content-type":"","footnotes":""},"categories":[1],"tags":[],"class_list":["post-116511","post","type-post","status-publish","format-standard","has-post-thumbnail","hentry","category-uncategorized"],"_links":{"self":[{"href":"https:\/\/tvbrazilusa.com\/pt\/wp-json\/wp\/v2\/posts\/116511","targetHints":{"allow":["GET"]}}],"collection":[{"href":"https:\/\/tvbrazilusa.com\/pt\/wp-json\/wp\/v2\/posts"}],"about":[{"href":"https:\/\/tvbrazilusa.com\/pt\/wp-json\/wp\/v2\/types\/post"}],"author":[{"embeddable":true,"href":"https:\/\/tvbrazilusa.com\/pt\/wp-json\/wp\/v2\/users\/1"}],"replies":[{"embeddable":true,"href":"https:\/\/tvbrazilusa.com\/pt\/wp-json\/wp\/v2\/comments?post=116511"}],"version-history":[{"count":1,"href":"https:\/\/tvbrazilusa.com\/pt\/wp-json\/wp\/v2\/posts\/116511\/revisions"}],"predecessor-version":[{"id":116512,"href":"https:\/\/tvbrazilusa.com\/pt\/wp-json\/wp\/v2\/posts\/116511\/revisions\/116512"}],"wp:featuredmedia":[{"embeddable":true,"href":"https:\/\/tvbrazilusa.com\/pt\/wp-json\/wp\/v2\/media\/92911"}],"wp:attachment":[{"href":"https:\/\/tvbrazilusa.com\/pt\/wp-json\/wp\/v2\/media?parent=116511"}],"wp:term":[{"taxonomy":"category","embeddable":true,"href":"https:\/\/tvbrazilusa.com\/pt\/wp-json\/wp\/v2\/categories?post=116511"},{"taxonomy":"post_tag","embeddable":true,"href":"https:\/\/tvbrazilusa.com\/pt\/wp-json\/wp\/v2\/tags?post=116511"}],"curies":[{"name":"wp","href":"https:\/\/api.w.org\/{rel}","templated":true}]}}