{"id":116539,"date":"2025-04-09T22:20:58","date_gmt":"2025-04-09T22:20:58","guid":{"rendered":"https:\/\/tvbrazilusa.com\/2025\/04\/09\/principais-negocios-estaduais-lideres-governamentais-participam-do-evento-de-lideranca-em-rentschler-field\/"},"modified":"2025-04-09T22:22:08","modified_gmt":"2025-04-09T22:22:08","slug":"principais-negocios-estaduais-lideres-governamentais-participam-do-evento-de-lideranca-em-rentschler-field","status":"publish","type":"post","link":"https:\/\/tvbrazilusa.com\/pt\/2025\/04\/09\/principais-negocios-estaduais-lideres-governamentais-participam-do-evento-de-lideranca-em-rentschler-field\/","title":{"rendered":"Principais neg\u00f3cios estaduais, l\u00edderes governamentais participam do evento de lideran\u00e7a em Rentschler Field"},"content":{"rendered":"<script async src=\"https:\/\/pagead2.googlesyndication.com\/pagead\/js\/adsbygoogle.js?client=ca-pub-8864793242727901\"\r\n     crossorigin=\"anonymous\"><\/script>\n<p>EAST HARTFORD, Connecticut (WTNH) &#8211; Muitos dos principais l\u00edderes de neg\u00f3cios e governamentais do estado se reuniram em East Hartford na quarta -feira para o primeiro evento de lideran\u00e7a feito &#8211; uma s\u00e9rie trimestral de confer\u00eancias concebida pela Ag\u00eancia de Desenvolvimento Econ\u00f4mico do Estado apresentado pela Associa\u00e7\u00e3o de Neg\u00f3cios e Ind\u00fastria de Connecticut, WICC e News 8.<\/p>\n<div class=\"nlp-ignore-block article-content rich-text\">\n<aside class=\"promo-link\">\n\t<a href=\"https:\/\/www.wtnh.com\/news\/connecticut\/state-democrats-pushing-to-expand-trust-act\/?ipid=promo-link-block1\" class=\"promo-link__link\" target=\"\"_blank\"\"><\/p>\n<p>\t\tDemocratas estaduais pressionando para expandir a Lei de Confian\u00e7a\t<\/a><br \/>\n<\/aside>\n<\/div>\n<p>O evento inaugural feito com pain\u00e9is com o CEO da Hartford Healthcare, Jeff Flaks, o CEO da Athletic Brewing Company, Bill Shufelt e Dan O&#8217;Keefe, chefe do Departamento de Desenvolvimento Econ\u00f4mico e Comunit\u00e1rio de Connecticut. <\/p>\n<p>Kathryn Hauser, do News 8, realizado o evento, realizado em Rentschler Field.<\/p>\n<p>O governador Ned Lamont moderou um painel de discuss\u00e3o com quatro estudantes universit\u00e1rios de Connecticut sobre o desafio de atrair jovens talentos para o estado.<\/p>\n<p>As discuss\u00f5es do evento estavam focadas na quest\u00e3o de atrair e reter os melhores talentos no mercado de trabalho do estado-com muitos oradores tamb\u00e9m abordando o impacto do plano tarif\u00e1rio agora atrasado do presidente Trump.<\/p>\n<p>Assista ao v\u00eddeo acima para ver momentos importantes do evento Made.<\/p>\n<p><br \/>\n<br \/><a href=\"https:\/\/www.wtnh.com\/news\/connecticut\/top-state-business-government-leaders-attend-made-leadership-event-at-rentschler-field\/\">Source link <\/a><\/p>","protected":false},"excerpt":{"rendered":"<p>EAST HARTFORD, Connecticut (WTNH) &#8211; Muitos dos principais l\u00edderes de neg\u00f3cios e governamentais do estado se reuniram em East Hartford na quarta -feira para o primeiro evento de lideran\u00e7a feito&hellip;<\/p>","protected":false},"author":1,"featured_media":116540,"comment_status":"closed","ping_status":"open","sticky":false,"template":"","format":"standard","meta":{"content-type":"","footnotes":""},"categories":[1],"tags":[],"class_list":["post-116539","post","type-post","status-publish","format-standard","has-post-thumbnail","hentry","category-uncategorized"],"_links":{"self":[{"href":"https:\/\/tvbrazilusa.com\/pt\/wp-json\/wp\/v2\/posts\/116539","targetHints":{"allow":["GET"]}}],"collection":[{"href":"https:\/\/tvbrazilusa.com\/pt\/wp-json\/wp\/v2\/posts"}],"about":[{"href":"https:\/\/tvbrazilusa.com\/pt\/wp-json\/wp\/v2\/types\/post"}],"author":[{"embeddable":true,"href":"https:\/\/tvbrazilusa.com\/pt\/wp-json\/wp\/v2\/users\/1"}],"replies":[{"embeddable":true,"href":"https:\/\/tvbrazilusa.com\/pt\/wp-json\/wp\/v2\/comments?post=116539"}],"version-history":[{"count":1,"href":"https:\/\/tvbrazilusa.com\/pt\/wp-json\/wp\/v2\/posts\/116539\/revisions"}],"predecessor-version":[{"id":116541,"href":"https:\/\/tvbrazilusa.com\/pt\/wp-json\/wp\/v2\/posts\/116539\/revisions\/116541"}],"wp:featuredmedia":[{"embeddable":true,"href":"https:\/\/tvbrazilusa.com\/pt\/wp-json\/wp\/v2\/media\/116540"}],"wp:attachment":[{"href":"https:\/\/tvbrazilusa.com\/pt\/wp-json\/wp\/v2\/media?parent=116539"}],"wp:term":[{"taxonomy":"category","embeddable":true,"href":"https:\/\/tvbrazilusa.com\/pt\/wp-json\/wp\/v2\/categories?post=116539"},{"taxonomy":"post_tag","embeddable":true,"href":"https:\/\/tvbrazilusa.com\/pt\/wp-json\/wp\/v2\/tags?post=116539"}],"curies":[{"name":"wp","href":"https:\/\/api.w.org\/{rel}","templated":true}]}}