{"id":11656,"date":"2024-07-29T20:29:48","date_gmt":"2024-07-29T20:29:48","guid":{"rendered":"https:\/\/tvbrazilusa.com\/2024\/07\/29\/biden-propos-codigo-de-etica-executavel-e-limites-de-mandato-para-a-suprema-corte-como-eles-podem-funcionar\/"},"modified":"2024-07-29T20:44:51","modified_gmt":"2024-07-29T20:44:51","slug":"biden-propos-codigo-de-etica-executavel-e-limites-de-mandato-para-a-suprema-corte-como-eles-podem-funcionar","status":"publish","type":"post","link":"https:\/\/tvbrazilusa.com\/pt\/2024\/07\/29\/biden-propos-codigo-de-etica-executavel-e-limites-de-mandato-para-a-suprema-corte-como-eles-podem-funcionar\/","title":{"rendered":"Biden prop\u00f4s c\u00f3digo de \u00e9tica execut\u00e1vel e limites de mandato para a Suprema Corte. Como eles podem funcionar?"},"content":{"rendered":"<script async src=\"https:\/\/pagead2.googlesyndication.com\/pagead\/js\/adsbygoogle.js?client=ca-pub-8864793242727901\"\r\n     crossorigin=\"anonymous\"><\/script>\n<div id=\"\">\n<p class=\"dist__Box-sc-1fnzlkn-0 dist__TextBase-sc-1fnzlkn-3 CGHCP htMUPQ article-text\"><strong>WASHINGTON<\/strong> \u2013 O presidente Joe Biden prop\u00f4s na segunda-feira grandes mudan\u00e7as para a Suprema Corte dos EUA: um c\u00f3digo de \u00e9tica aplic\u00e1vel, limites de mandato para ju\u00edzes e uma emenda constitucional que limitaria a recente decis\u00e3o dos ju\u00edzes sobre a imunidade presidencial.<\/p>\n<p class=\"dist__Box-sc-1fnzlkn-0 dist__TextBase-sc-1fnzlkn-3 CGHCP htMUPQ article-text\">Quase n\u00e3o h\u00e1 chance de a proposta ser aprovada por um Congresso bastante dividido com o dia da elei\u00e7\u00e3o se aproximando, mas as ideias ainda podem gerar conversas com a confian\u00e7a do p\u00fablico no tribunal atingindo um <a href=\"https:\/\/apnews.com\/article\/supreme-court-poll-abortion-confidence-declining-0ff738589bd7815bf0eab804baa5f3d1\">menor n\u00edvel de todos os tempos<\/a> em meio a revela\u00e7\u00f5es \u00e9ticas sobre alguns ju\u00edzes. Tamb\u00e9m acontece no contexto de uma elei\u00e7\u00e3o presidencial contenciosa e da crescente indigna\u00e7\u00e3o democrata sobre as decis\u00f5es recentes do tribunal de maioria conservadora.<\/p>\n<p class=\"dist__Box-sc-1fnzlkn-0 dist__TextBase-sc-1fnzlkn-3 CGHCP htMUPQ article-text\">Veja aqui como as ideias funcionam, como elas podem funcionar e os poss\u00edveis obst\u00e1culos:<\/p>\n<p class=\"dist__Box-sc-1fnzlkn-0 dist__TextBase-sc-1fnzlkn-3 CGHCP htMUPQ article-text\">Como os mandatos dos ju\u00edzes seriam limitados?<\/p>\n<p class=\"dist__Box-sc-1fnzlkn-0 dist__TextBase-sc-1fnzlkn-3 CGHCP htMUPQ article-text\">Limitar o tempo de servi\u00e7o dos ju\u00edzes na mais alta corte do pa\u00eds tem amplo apoio entre os americanos, indicam pesquisas. <\/p>\n<p class=\"dist__Box-sc-1fnzlkn-0 dist__TextBase-sc-1fnzlkn-3 CGHCP htMUPQ article-text\">Uma pesquisa de <a href=\"https:\/\/apnews.com\/article\/abortion-ketanji-brown-jackson-us-supreme-court-government-and-politics-only-on-ap-8adc9a08c9e8001c8ef0455906542a60\">O Centro Associated Press-NORC<\/a> para Pesquisa de Assuntos P\u00fablicos em julho de 2022 descobriu que 67% dos americanos apoiam uma proposta para definir um n\u00famero espec\u00edfico de anos que os ju\u00edzes cumprem em vez de penas perp\u00e9tuas, incluindo 82% dos democratas e 57% dos republicanos.<\/p>\n<p class=\"dist__Box-sc-1fnzlkn-0 dist__TextBase-sc-1fnzlkn-3 CGHCP htMUPQ article-text\">A proposta de Biden limitaria os ju\u00edzes a mandatos de 18 anos, um sistema que, segundo ele, tornaria as nomea\u00e7\u00f5es mais previs\u00edveis, menos arbitr\u00e1rias e reduziria as chances de um \u00fanico presidente moldar a corte pelas pr\u00f3ximas gera\u00e7\u00f5es.<\/p>\n<p class=\"dist__Box-sc-1fnzlkn-0 dist__TextBase-sc-1fnzlkn-3 CGHCP htMUPQ article-text\">H\u00e1 um grande problema: a Constitui\u00e7\u00e3o concede a todos os ju\u00edzes federais mandato vital\u00edcio.<\/p>\n<p class=\"dist__Box-sc-1fnzlkn-0 dist__TextBase-sc-1fnzlkn-3 CGHCP htMUPQ article-text\">H\u00e1 ideias sobre como impor limites de mandato sem uma emenda \u2014 mas se tal lei fosse aprovada e contestada no tribunal, os ju\u00edzes poderiam acabar decidindo sobre ela e n\u00e3o est\u00e1 claro como eles decidiriam, disse Charles Geyh, professor de direito na Universidade de Indiana e especialista em \u00e9tica judicial.<\/p>\n<p class=\"dist__Box-sc-1fnzlkn-0 dist__TextBase-sc-1fnzlkn-3 CGHCP htMUPQ article-text\">Como um c\u00f3digo de \u00e9tica seria aplicado? <\/p>\n<p class=\"dist__Box-sc-1fnzlkn-0 dist__TextBase-sc-1fnzlkn-3 CGHCP htMUPQ article-text\">O Supremo Tribunal n\u00e3o tinha um c\u00f3digo formal de \u00e9tica <a href=\"https:\/\/apnews.com\/article\/supreme-court-ethics-code-conflicts-clarence-thomas-64d393ceb6f05402d762dca06f0f4187\">at\u00e9 o ano passado, quando os ju\u00edzes adotaram uma<\/a> diante das cr\u00edticas constantes sobre viagens e presentes n\u00e3o revelados de benfeitores ricos a alguns ju\u00edzes, como Clarence Thomas.<\/p>\n<p class=\"dist__Box-sc-1fnzlkn-0 dist__TextBase-sc-1fnzlkn-3 CGHCP htMUPQ article-text\">Ainda faltam meios de execu\u00e7\u00e3o \u2014 algo que Biden diz ser &#8220;bom senso&#8221;. Membros do Congresso, por exemplo, geralmente n\u00e3o podem aceitar presentes que valham mais de US$ 50. <\/p>\n<p class=\"dist__Box-sc-1fnzlkn-0 dist__TextBase-sc-1fnzlkn-3 CGHCP htMUPQ article-text\">Qualquer um pode apresentar queixas contra outros ju\u00edzes federais, que est\u00e3o sujeitos a censura e repreens\u00e3o. Ju\u00edza Elena Kagan <a href=\"https:\/\/apnews.com\/article\/supreme-court-elena-kagan-ethics-code-0de5fc0fb31eaab57202cf96b4e9c3e7\">apoio expresso para<\/a> adicionando um mecanismo de execu\u00e7\u00e3o ao c\u00f3digo de \u00e9tica da Suprema Corte em uma apari\u00e7\u00e3o p\u00fablica na semana passada. <\/p>\n<p class=\"dist__Box-sc-1fnzlkn-0 dist__TextBase-sc-1fnzlkn-3 CGHCP htMUPQ article-text\">Ainda assim, tornar o c\u00f3digo de \u00e9tica do tribunal superior aplic\u00e1vel levanta quest\u00f5es espinhosas sobre como ele pode ser aplicado e por quem. <\/p>\n<p class=\"dist__Box-sc-1fnzlkn-0 dist__TextBase-sc-1fnzlkn-3 CGHCP htMUPQ article-text\">Tribunais inferiores dizem que seu processo disciplinar n\u00e3o tem a inten\u00e7\u00e3o de policiar diretamente seu c\u00f3digo de \u00e9tica, sustentando que o c\u00f3digo \u00e9 formulado de forma muito ampla para que viola\u00e7\u00f5es possam ser diretamente traduzidas em disciplina, disse Geyh. <\/p>\n<p class=\"dist__Box-sc-1fnzlkn-0 dist__TextBase-sc-1fnzlkn-3 CGHCP htMUPQ article-text\">O c\u00f3digo de \u00e9tica \u00e9 supervisionado pela Confer\u00eancia Judicial, que \u00e9 liderada pelo presidente do Supremo Tribunal, John Roberts, destacou Stephen Gillers, especialista em \u00e9tica jur\u00eddica da Faculdade de Direito da Universidade de Nova York. <\/p>\n<p class=\"dist__Box-sc-1fnzlkn-0 dist__TextBase-sc-1fnzlkn-3 CGHCP htMUPQ article-text\">E a imunidade presidencial? <\/p>\n<p class=\"dist__Box-sc-1fnzlkn-0 dist__TextBase-sc-1fnzlkn-3 CGHCP htMUPQ article-text\">Biden tamb\u00e9m est\u00e1 pedindo uma emenda constitucional que limite a recente decis\u00e3o da Suprema Corte que concedeu ao ex-presidente Donald Trump \u2014 e a todos os outros presidentes \u2014 ampla imunidade contra processos criminais. <\/p>\n<p class=\"dist__Box-sc-1fnzlkn-0 dist__TextBase-sc-1fnzlkn-3 CGHCP htMUPQ article-text\">A emenda \u201cdeixaria claro que n\u00e3o h\u00e1 imunidade para crimes cometidos por um ex-presidente enquanto estava no cargo\u201d, escreveu Biden em um artigo de opini\u00e3o no Washington Post. \u201cSomos uma na\u00e7\u00e3o de leis \u2014 n\u00e3o de reis ou ditadores.\u201d<\/p>\n<p class=\"dist__Box-sc-1fnzlkn-0 dist__TextBase-sc-1fnzlkn-3 CGHCP htMUPQ article-text\">Emendas constitucionais, no entanto, t\u00eam obst\u00e1culos ainda maiores do que novas leis. A proposta deve obter apoio de dois ter\u00e7os da C\u00e2mara e do Senado e, ent\u00e3o, ser ratificada por tr\u00eas quartos das legislaturas estaduais. <\/p>\n<p class=\"dist__Box-sc-1fnzlkn-0 dist__TextBase-sc-1fnzlkn-3 CGHCP htMUPQ article-text\">Nenhuma nova emenda foi aprovada em mais de 30 anos. O presidente republicano da C\u00e2mara, Mike Johnson, chamou a proposta de Biden de uma \u201cjogada perigosa\u201d que estaria \u201cmorta ao chegar na C\u00e2mara\u201d.<\/p>\n<p class=\"dist__Box-sc-1fnzlkn-0 dist__TextBase-sc-1fnzlkn-3 CGHCP htMUPQ article-text\">Biden resistiu a outros apelos para reformar o Supremo Tribunal <\/p>\n<p class=\"dist__Box-sc-1fnzlkn-0 dist__TextBase-sc-1fnzlkn-3 CGHCP htMUPQ article-text\">Ex-presidente do Comit\u00ea Judici\u00e1rio do Senado, Biden resiste h\u00e1 muito tempo aos apelos para reformar a Suprema Corte.<\/p>\n<p class=\"dist__Box-sc-1fnzlkn-0 dist__TextBase-sc-1fnzlkn-3 CGHCP htMUPQ article-text\">Em 2021, ele cumpriu uma promessa de campanha ao <a href=\"https:\/\/apnews.com\/article\/us-supreme-court-judiciary-term-limits-congress-f5362dc896887a9ed7b09e7450863ada\">convocando uma comiss\u00e3o t<\/a> o estudar potenciais mudan\u00e7as no tribunal. N\u00e3o foi encarregado de fazer recomenda\u00e7\u00f5es e alertou que mudan\u00e7as excessivas poderiam potencialmente corroer a democracia.<\/p>\n<p class=\"dist__Box-sc-1fnzlkn-0 dist__TextBase-sc-1fnzlkn-3 CGHCP htMUPQ article-text\">As \u00faltimas propostas surgem em meio \u00e0 crescente indigna\u00e7\u00e3o entre os democratas sobre as opini\u00f5es da Suprema Corte que anularam decis\u00f5es hist\u00f3ricas sobre direitos ao aborto e poderes regulat\u00f3rios federais.<\/p>\n<p class=\"dist__Box-sc-1fnzlkn-0 dist__TextBase-sc-1fnzlkn-3 CGHCP htMUPQ article-text\">Mesmo que as ideias de Biden n\u00e3o sejam pass\u00edveis de aprova\u00e7\u00e3o, elas podem chamar a aten\u00e7\u00e3o dos eleitores em uma elei\u00e7\u00e3o presidencial acirrada. A vice-presidente Kamala Harris, que Biden apoiou para presidente ap\u00f3s abandonar a disputa, apoiou a proposta.<\/p>\n<p class=\"dist__Box-sc-1fnzlkn-0 dist__TextBase-sc-1fnzlkn-3 CGHCP htMUPQ article-text\">Isso est\u00e1 sendo criticado por conservadores como o ativista Leonard Leo, que disse em uma declara\u00e7\u00e3o: &#8220;\u00c9 sobre democratas destruindo um tribunal com o qual eles n\u00e3o concordam&#8221;.<\/p>\n<\/div>\n<p>Copyright 2024 The Associated Press. Todos os direitos reservados. Este material n\u00e3o pode ser publicado, transmitido, reescrito ou redistribu\u00eddo sem permiss\u00e3o.<\/p>\n<p><br \/>\n<br \/><a href=\"https:\/\/www.clickorlando.com\/news\/politics\/2024\/07\/29\/biden-proposed-enforceable-ethics-code-and-term-limits-for-supreme-court-how-might-they-work\/\">Source link <\/a><\/p>","protected":false},"excerpt":{"rendered":"<p>WASHINGTON \u2013 O presidente Joe Biden prop\u00f4s na segunda-feira grandes mudan\u00e7as para a Suprema Corte dos EUA: um c\u00f3digo de \u00e9tica aplic\u00e1vel, limites de mandato para ju\u00edzes e uma emenda&hellip;<\/p>","protected":false},"author":1,"featured_media":11657,"comment_status":"closed","ping_status":"open","sticky":false,"template":"","format":"standard","meta":{"content-type":"","footnotes":""},"categories":[1],"tags":[1408,1406,1407],"class_list":["post-11656","post","type-post","status-publish","format-standard","has-post-thumbnail","hentry","category-uncategorized","tag-eleicoes","tag-joe-biden","tag-noticias-de-washington"],"_links":{"self":[{"href":"https:\/\/tvbrazilusa.com\/pt\/wp-json\/wp\/v2\/posts\/11656","targetHints":{"allow":["GET"]}}],"collection":[{"href":"https:\/\/tvbrazilusa.com\/pt\/wp-json\/wp\/v2\/posts"}],"about":[{"href":"https:\/\/tvbrazilusa.com\/pt\/wp-json\/wp\/v2\/types\/post"}],"author":[{"embeddable":true,"href":"https:\/\/tvbrazilusa.com\/pt\/wp-json\/wp\/v2\/users\/1"}],"replies":[{"embeddable":true,"href":"https:\/\/tvbrazilusa.com\/pt\/wp-json\/wp\/v2\/comments?post=11656"}],"version-history":[{"count":1,"href":"https:\/\/tvbrazilusa.com\/pt\/wp-json\/wp\/v2\/posts\/11656\/revisions"}],"predecessor-version":[{"id":11658,"href":"https:\/\/tvbrazilusa.com\/pt\/wp-json\/wp\/v2\/posts\/11656\/revisions\/11658"}],"wp:featuredmedia":[{"embeddable":true,"href":"https:\/\/tvbrazilusa.com\/pt\/wp-json\/wp\/v2\/media\/11657"}],"wp:attachment":[{"href":"https:\/\/tvbrazilusa.com\/pt\/wp-json\/wp\/v2\/media?parent=11656"}],"wp:term":[{"taxonomy":"category","embeddable":true,"href":"https:\/\/tvbrazilusa.com\/pt\/wp-json\/wp\/v2\/categories?post=11656"},{"taxonomy":"post_tag","embeddable":true,"href":"https:\/\/tvbrazilusa.com\/pt\/wp-json\/wp\/v2\/tags?post=11656"}],"curies":[{"name":"wp","href":"https:\/\/api.w.org\/{rel}","templated":true}]}}