{"id":116566,"date":"2025-04-10T16:13:56","date_gmt":"2025-04-10T16:13:56","guid":{"rendered":"https:\/\/tvbrazilusa.com\/2025\/04\/10\/legislativo-aprova-os-projetos-de-lei-do-golfo-da-america-jacksonville-hoje\/"},"modified":"2025-04-10T16:22:31","modified_gmt":"2025-04-10T16:22:31","slug":"legislativo-aprova-os-projetos-de-lei-do-golfo-da-america-jacksonville-hoje","status":"publish","type":"post","link":"https:\/\/tvbrazilusa.com\/pt\/2025\/04\/10\/legislativo-aprova-os-projetos-de-lei-do-golfo-da-america-jacksonville-hoje\/","title":{"rendered":"Legislativo aprova os projetos de lei do Golfo da Am\u00e9rica | Jacksonville hoje"},"content":{"rendered":"<p> <script async src=\"https:\/\/pagead2.googlesyndication.com\/pagead\/js\/adsbygoogle.js?client=ca-pub-8864793242727901\"\r\n     crossorigin=\"anonymous\"><\/script><br \/>\n<\/p>\n<div>\n<p>Esque\u00e7a o Golfo do M\u00e9xico. Isso \u00e9 <a href=\"https:\/\/jaxtoday.org\/2025\/01\/22\/gulf-of-america-reaction\/\">o Golfo da Am\u00e9rica<\/a>. Pelo menos essa \u00e9 a mensagem que a legislatura controlada pelos republicanos deseja enviar.<\/p>\n<p>No Senado, na quarta -feira, aprovou a aprova\u00e7\u00e3o final a um projeto de lei que mudaria dezenas de leis estaduais para realizar a diretiva do presidente Donald Trump de que o Golfo do M\u00e9xico deveria ser chamado de Golfo da Am\u00e9rica. O Senado tamb\u00e9m fez uma assinatura final para um projeto de lei que exigiria que a altera\u00e7\u00e3o do nome come\u00e7asse a se refletir em materiais em ag\u00eancias e escolas estaduais.<\/p>\n<p>A casa j\u00e1 havia passado as contas, o que significa que eles est\u00e3o prontos para ir ao governador Ron DeSantis, que deve assin\u00e1 -los.<\/p>\n<p>As contas (<a href=\"https:\/\/flsenate.gov\/Session\/Bill\/2025\/549\" rel=\"nofollow noopener\" target=\"_blank\">HB 549<\/a> e <a href=\"https:\/\/flsenate.gov\/Session\/Bill\/2025\/575\" rel=\"nofollow noopener\" target=\"_blank\">HB 575<\/a>) aprovou o Senado em 28-9 votos. Todos os republicanos apoiaram as contas. O l\u00edder da minoria do Senado, Jason Pizzo, D-Sunny Isles Beach, tamb\u00e9m votou em ambos; O senador Tracie Davis, D-Jacksonville, e o senador Darryl Rouson, D-St. Petersburgo, cada um votou em uma das contas.<\/p>\n<p><iframe title=\"\" aria-label=\"Table\" id=\"datawrapper-chart-kRhZv\" src=\"https:\/\/datawrapper.dwcdn.net\/kRhZv\/1\/\" scrolling=\"no\" frameborder=\"0\" style=\"width: 0; min-width: 100% !important; border: none;\" height=\"611\" data-external=\"1\"><\/iframe><\/p>\n<p>O senador Nick Diceglie, um republicano indiano de rocks que patrocinou o projeto de lei sobre a mudan\u00e7a de leis estaduais, disse que a mudan\u00e7a de nome reflete os Estados Unidos como um pa\u00eds &#8220;excepcional&#8221;.<\/p>\n<p>&#8220;Genuinamente, para mim, isso \u00e9 sobre patriotismo&#8221;, disse Diceglie.<\/p>\n<p>Mas o senador Lori Berman, D-Boca Raton, disse que os legisladores estavam &#8220;gastando tempo em um&#8221; gesto simb\u00f3lico que n\u00e3o oferece benef\u00edcios tang\u00edveis &#8220;e sugeriu que a mudan\u00e7a estava sendo feita por raz\u00f5es pol\u00edticas. Ela disse que os legisladores deveriam se concentrar em outras quest\u00f5es, como seguro de propriedade e educa\u00e7\u00e3o.<\/p>\n<p>&#8220;Uma renomea\u00e7\u00e3o n\u00e3o serve para prop\u00f3sito pr\u00e1tico&#8221;, disse Berman.<\/p>\n<p>Trump&#8217;s <a href=\"https:\/\/www.npr.org\/2025\/02\/12\/nx-s1-5293212\/the-gulf-of-america-renaming-is-official-at-least-within-the-u-s\" rel=\"nofollow noopener\" target=\"_blank\">Ordem Executiva<\/a> Em janeiro, dirigiu o Secret\u00e1rio do Departamento do Interior dos EUA a &#8220;renomear o Golfo do M\u00e9xico como o&#8221; Golfo da Am\u00e9rica &#8220;, a fim de reconhecer a import\u00e2ncia do corpo da \u00e1gua para os Estados Unidos&#8221;.<\/p>\n<p>Ap\u00f3s a ordem executiva, DeSantis pulou sobre o assunto. Em uma ordem que ele emitiu cerca de uma tempestade de inverno, DeSantis se referiu a uma &#8220;\u00e1rea de baixa press\u00e3o se movendo pelo Golfo da Am\u00e9rica&#8221;.<\/p>\n<p>A ordem executiva de Trump, no entanto, n\u00e3o poderia mudar as leis estaduais.<\/p>\n<p><iframe title=\"\" aria-label=\"Table\" id=\"datawrapper-chart-yhgqM\" src=\"https:\/\/datawrapper.dwcdn.net\/yhgqM\/1\/\" scrolling=\"no\" frameborder=\"0\" style=\"width: 0; min-width: 100% !important; border: none;\" height=\"584\" data-external=\"1\"><\/iframe><\/p>\n<p>Como exemplo das mudan\u00e7as que seriam feitas pelo projeto de lei sobre as leis estaduais (HB 575), as descri\u00e7\u00f5es legais dos limites dos condados do Golfo da Escambia para a Collier incluem refer\u00eancias ao Golfo do M\u00e9xico. Isso mudaria para o Golfo da Am\u00e9rica.<\/p>\n<p>O outro projeto de lei (HB 549) exigiria que as ag\u00eancias estaduais atualizassem &#8220;materiais geogr\u00e1ficos&#8221; para refletir a mudan\u00e7a de nome. Al\u00e9m disso, exigiria que os materiais instrucionais escolares adotados ou comprados a partir de 1\u00ba de julho inclu\u00edssem o nome do Golfo da Am\u00e9rica.<\/p>\n<p>O patrocinador do Senado, Joe Gruters, R-Sarasota, descreveu o projeto como \u201cbom senso.<\/p>\n<\/div>\n<p><br \/>\n<br \/><a href=\"https:\/\/jaxtoday.org\/2025\/04\/10\/gulf-legislature-florida\/\">Source link <\/a><\/p>","protected":false},"excerpt":{"rendered":"<p>Esque\u00e7a o Golfo do M\u00e9xico. Isso \u00e9 o Golfo da Am\u00e9rica. Pelo menos essa \u00e9 a mensagem que a legislatura controlada pelos republicanos deseja enviar. No Senado, na quarta -feira,&hellip;<\/p>","protected":false},"author":1,"featured_media":116567,"comment_status":"closed","ping_status":"open","sticky":false,"template":"","format":"standard","meta":{"content-type":"","footnotes":""},"categories":[1],"tags":[],"class_list":["post-116566","post","type-post","status-publish","format-standard","has-post-thumbnail","hentry","category-uncategorized"],"_links":{"self":[{"href":"https:\/\/tvbrazilusa.com\/pt\/wp-json\/wp\/v2\/posts\/116566","targetHints":{"allow":["GET"]}}],"collection":[{"href":"https:\/\/tvbrazilusa.com\/pt\/wp-json\/wp\/v2\/posts"}],"about":[{"href":"https:\/\/tvbrazilusa.com\/pt\/wp-json\/wp\/v2\/types\/post"}],"author":[{"embeddable":true,"href":"https:\/\/tvbrazilusa.com\/pt\/wp-json\/wp\/v2\/users\/1"}],"replies":[{"embeddable":true,"href":"https:\/\/tvbrazilusa.com\/pt\/wp-json\/wp\/v2\/comments?post=116566"}],"version-history":[{"count":1,"href":"https:\/\/tvbrazilusa.com\/pt\/wp-json\/wp\/v2\/posts\/116566\/revisions"}],"predecessor-version":[{"id":116568,"href":"https:\/\/tvbrazilusa.com\/pt\/wp-json\/wp\/v2\/posts\/116566\/revisions\/116568"}],"wp:featuredmedia":[{"embeddable":true,"href":"https:\/\/tvbrazilusa.com\/pt\/wp-json\/wp\/v2\/media\/116567"}],"wp:attachment":[{"href":"https:\/\/tvbrazilusa.com\/pt\/wp-json\/wp\/v2\/media?parent=116566"}],"wp:term":[{"taxonomy":"category","embeddable":true,"href":"https:\/\/tvbrazilusa.com\/pt\/wp-json\/wp\/v2\/categories?post=116566"},{"taxonomy":"post_tag","embeddable":true,"href":"https:\/\/tvbrazilusa.com\/pt\/wp-json\/wp\/v2\/tags?post=116566"}],"curies":[{"name":"wp","href":"https:\/\/api.w.org\/{rel}","templated":true}]}}