{"id":116572,"date":"2025-04-10T17:05:58","date_gmt":"2025-04-10T17:05:58","guid":{"rendered":"https:\/\/tvbrazilusa.com\/2025\/04\/10\/o-senado-aprova-o-museu-de-historia-negra-no-condado-de-st-johns-jacksonville-hoje\/"},"modified":"2025-04-10T17:13:06","modified_gmt":"2025-04-10T17:13:06","slug":"o-senado-aprova-o-museu-de-historia-negra-no-condado-de-st-johns-jacksonville-hoje","status":"publish","type":"post","link":"https:\/\/tvbrazilusa.com\/pt\/2025\/04\/10\/o-senado-aprova-o-museu-de-historia-negra-no-condado-de-st-johns-jacksonville-hoje\/","title":{"rendered":"O Senado aprova o Museu de Hist\u00f3ria Negra no Condado de St. Johns | Jacksonville hoje"},"content":{"rendered":"<p> <script async src=\"https:\/\/pagead2.googlesyndication.com\/pagead\/js\/adsbygoogle.js?client=ca-pub-8864793242727901\"\r\n     crossorigin=\"anonymous\"><\/script><br \/>\n<\/p>\n<div>\n<p>O Senado estadual na quarta -feira por unanimidade <a href=\"https:\/\/jaxtoday.org\/2025\/02\/04\/black-history-museum-legislation\/\">passou uma medida<\/a> Isso avan\u00e7aria com a cria\u00e7\u00e3o de um Museu de Hist\u00f3ria Negra da Fl\u00f3rida no Condado de St. Johns. Mas com menos de quatro semanas restantes na sess\u00e3o legislativa anual, a vers\u00e3o da C\u00e2mara do Projeto de Lei n\u00e3o mudou atrav\u00e9s de comit\u00eas.<\/p>\n<p>Os legisladores em 2023 criaram uma for\u00e7a -tarefa para fornecer recomenda\u00e7\u00f5es para um museu de hist\u00f3ria negra. A for\u00e7a -tarefa recomendada <a href=\"https:\/\/jaxtoday.org\/2024\/06\/28\/black-history-museum-moves-forward-in-st-johns-county\/\">Colocando o museu no condado de St. Johns<\/a>. Ele entraria em um local a oeste de Santo Agostinho que anteriormente abrigava a Florida Memorial University.<\/p>\n<p>O projeto de lei do Senado (<a href=\"https:\/\/www.flsenate.gov\/Session\/Bill\/2025\/466#:~:text=Florida%20Museum%20of%20Black%20History%3B%20Providing%20legislative%20intent%3B%20establishing%20the,the%20Foundation%20for%20the%20Museum\" rel=\"nofollow noopener\" target=\"_blank\">SB 466<\/a>), arquivado pelo senador Tom Leek, R-Amond Beach, adotaria uma s\u00e9rie de medidas para estabelecer o museu, incluindo a cria\u00e7\u00e3o do Conselho de Administra\u00e7\u00e3o do Museu de Hist\u00f3ria Negra da Fl\u00f3rida, que funcionaria com uma funda\u00e7\u00e3o para supervisionar a constru\u00e7\u00e3o e opera\u00e7\u00e3o do museu.<\/p>\n<p>&#8220;Simplificando, a hist\u00f3ria da Fl\u00f3rida n\u00e3o pode ser informada sem tamb\u00e9m contar a hist\u00f3ria dos floridianos negros&#8221;, disse Leek, cujo distrito inclui o Condado de St. Johns.<\/p>\n<\/div>\n<p><br \/>\n<br \/><a href=\"https:\/\/jaxtoday.org\/2025\/04\/10\/black-history-museum-senate\/\">Source link <\/a><\/p>","protected":false},"excerpt":{"rendered":"<p>O Senado estadual na quarta -feira por unanimidade passou uma medida Isso avan\u00e7aria com a cria\u00e7\u00e3o de um Museu de Hist\u00f3ria Negra da Fl\u00f3rida no Condado de St. Johns. Mas&hellip;<\/p>","protected":false},"author":1,"featured_media":50541,"comment_status":"closed","ping_status":"open","sticky":false,"template":"","format":"standard","meta":{"content-type":"","footnotes":""},"categories":[1],"tags":[],"class_list":["post-116572","post","type-post","status-publish","format-standard","has-post-thumbnail","hentry","category-uncategorized"],"_links":{"self":[{"href":"https:\/\/tvbrazilusa.com\/pt\/wp-json\/wp\/v2\/posts\/116572","targetHints":{"allow":["GET"]}}],"collection":[{"href":"https:\/\/tvbrazilusa.com\/pt\/wp-json\/wp\/v2\/posts"}],"about":[{"href":"https:\/\/tvbrazilusa.com\/pt\/wp-json\/wp\/v2\/types\/post"}],"author":[{"embeddable":true,"href":"https:\/\/tvbrazilusa.com\/pt\/wp-json\/wp\/v2\/users\/1"}],"replies":[{"embeddable":true,"href":"https:\/\/tvbrazilusa.com\/pt\/wp-json\/wp\/v2\/comments?post=116572"}],"version-history":[{"count":1,"href":"https:\/\/tvbrazilusa.com\/pt\/wp-json\/wp\/v2\/posts\/116572\/revisions"}],"predecessor-version":[{"id":116573,"href":"https:\/\/tvbrazilusa.com\/pt\/wp-json\/wp\/v2\/posts\/116572\/revisions\/116573"}],"wp:featuredmedia":[{"embeddable":true,"href":"https:\/\/tvbrazilusa.com\/pt\/wp-json\/wp\/v2\/media\/50541"}],"wp:attachment":[{"href":"https:\/\/tvbrazilusa.com\/pt\/wp-json\/wp\/v2\/media?parent=116572"}],"wp:term":[{"taxonomy":"category","embeddable":true,"href":"https:\/\/tvbrazilusa.com\/pt\/wp-json\/wp\/v2\/categories?post=116572"},{"taxonomy":"post_tag","embeddable":true,"href":"https:\/\/tvbrazilusa.com\/pt\/wp-json\/wp\/v2\/tags?post=116572"}],"curies":[{"name":"wp","href":"https:\/\/api.w.org\/{rel}","templated":true}]}}