{"id":116583,"date":"2025-04-10T21:06:28","date_gmt":"2025-04-10T21:06:28","guid":{"rendered":"https:\/\/tvbrazilusa.com\/2025\/04\/10\/os-presos-morrem-apos-incidentes-com-os-agentes-da-prisao-de-duval-jacksonville-hoje\/"},"modified":"2025-04-10T21:08:48","modified_gmt":"2025-04-10T21:08:48","slug":"os-presos-morrem-apos-incidentes-com-os-agentes-da-prisao-de-duval-jacksonville-hoje","status":"publish","type":"post","link":"https:\/\/tvbrazilusa.com\/pt\/2025\/04\/10\/os-presos-morrem-apos-incidentes-com-os-agentes-da-prisao-de-duval-jacksonville-hoje\/","title":{"rendered":"Os presos morrem ap\u00f3s incidentes com os agentes da pris\u00e3o de Duval | Jacksonville hoje"},"content":{"rendered":"<p> <script async src=\"https:\/\/pagead2.googlesyndication.com\/pagead\/js\/adsbygoogle.js?client=ca-pub-8864793242727901\"\r\n     crossorigin=\"anonymous\"><\/script><br \/>\n<\/p>\n<div>\n<p>O preso <a href=\"https:\/\/jaxtoday.org\/2025\/04\/09\/duval-inmate-severely-injured\/\">criticamente ferido na segunda -feira<\/a> Na pris\u00e3o de Duval County, morreu, de acordo com o advogado de sua fam\u00edlia.<\/p>\n<p>Charles Faggart, 31, foi hospitalizado depois que ficou ferido durante algum tipo de incidente na pris\u00e3o. Ele morreu logo ap\u00f3s as 14h de quinta -feira, disse o advogado Belkis Plata, da Belkis Schott Law.<\/p>\n<p>&#8220;Charles Faggart era um filho. Um pai. Um irm\u00e3o. Um amigo. Ele era amado. Ele importava. E agora ele se foi &#8211; assassinado pelos jurados a proteger&#8221;, disse o comunicado de Plata. &#8220;Sabemos que h\u00e1 v\u00eddeo. Sabemos que existem testemunhas. Sabemos que h\u00e1 respostas. E estamos exigindo -os. &#8230; Essa fam\u00edlia tem o direito de saber o que aconteceu com o filho deles.&#8221;<\/p>\n<p>O escrit\u00f3rio do xerife n\u00e3o respondeu aos pedidos de coment\u00e1rio ap\u00f3s a morte de Faggart.<\/p>\n<p>Faggart era um operador de caminh\u00e3o de alimentos preso em 1\u00ba de abril por acusa\u00e7\u00f5es de agress\u00e3o e travessuras criminais, mostram registros da pris\u00e3o.<\/p>\n<p><a href=\"https:\/\/www.jaxsheriff.org\/\" rel=\"nofollow noopener\" target=\"_blank\">Sheriff Tk Waters<\/a> Realizou uma entrevista coletiva na ter\u00e7a -feira anunciando seus ferimentos e a suspens\u00e3o de nove agentes da pris\u00e3o. Mas Waters n\u00e3o explicou como Faggart foi ferido, citando a investiga\u00e7\u00e3o cont\u00ednua.<\/p>\n<p>Waters disse que seus detetives est\u00e3o investigando com a assist\u00eancia do FBI. O Minist\u00e9rio P\u00fablico est\u00e1 conduzindo sua pr\u00f3pria investiga\u00e7\u00e3o.<\/p>\n<p>A fam\u00edlia de Faggart postou um <a href=\"https:\/\/www.gofundme.com\/f\/justice-and-support-for-charles-chop-it-charley-faggart\" rel=\"nofollow noopener\" target=\"_blank\">Apelo do GoFundMe<\/a> um dia depois, identificando-o como pai de um filho de 6 anos e um chef que opera <a href=\"https:\/\/www.facebook.com\/ChopitCharlies\" rel=\"nofollow noopener\" target=\"_blank\">Corte o caminh\u00e3o de comida de Charlie<\/a>. O apelo disse que estava &#8220;lutando por sua vida&#8221;.<\/p>\n<p>A declara\u00e7\u00e3o de Plata na quinta -feira disse que Faggart estava morto no c\u00e9rebro desde segunda -feira. Ela escreveu que ningu\u00e9m do escrit\u00f3rio do xerife, apesar das declara\u00e7\u00f5es p\u00fablicas reivindicando transpar\u00eancia, forneceu \u00e0 fam\u00edlia qualquer informa\u00e7\u00e3o sobre o que aconteceu. A fam\u00edlia n\u00e3o foi notificada do incidente at\u00e9 ter\u00e7a -feira, disse ela.<\/p>\n<p>&#8220;N\u00e3o \u00e9 um telefonema. N\u00e3o \u00e9 uma reuni\u00e3o. N\u00e3o \u00e9 uma explica\u00e7\u00e3o&#8221;, disse o comunicado de Plata. &#8220;Pretendemos responsabilizar todos os indiv\u00edduos envolvidos nessa trag\u00e9dia &#8211; tanto no sistema de justi\u00e7a criminal quanto nos tribunais civis. Continuamos convidando o escrit\u00f3rio do xerife de Jacksonville a fazer o que \u00e9 certo &#8211; para mostrar essa miseric\u00f3rdia da fam\u00edlia &#8211; e dar a eles a dignidade de saber a verdade antes de enterrar seu filho&#8221;.<\/p>\n<\/div>\n<p><br \/>\n<br \/><a href=\"https:\/\/jaxtoday.org\/2025\/04\/10\/duval-inmate-dies\/\">Source link <\/a><\/p>","protected":false},"excerpt":{"rendered":"<p>O preso criticamente ferido na segunda -feira Na pris\u00e3o de Duval County, morreu, de acordo com o advogado de sua fam\u00edlia. Charles Faggart, 31, foi hospitalizado depois que ficou ferido&hellip;<\/p>","protected":false},"author":1,"featured_media":116584,"comment_status":"closed","ping_status":"open","sticky":false,"template":"","format":"standard","meta":{"content-type":"","footnotes":""},"categories":[1],"tags":[],"class_list":["post-116583","post","type-post","status-publish","format-standard","has-post-thumbnail","hentry","category-uncategorized"],"_links":{"self":[{"href":"https:\/\/tvbrazilusa.com\/pt\/wp-json\/wp\/v2\/posts\/116583","targetHints":{"allow":["GET"]}}],"collection":[{"href":"https:\/\/tvbrazilusa.com\/pt\/wp-json\/wp\/v2\/posts"}],"about":[{"href":"https:\/\/tvbrazilusa.com\/pt\/wp-json\/wp\/v2\/types\/post"}],"author":[{"embeddable":true,"href":"https:\/\/tvbrazilusa.com\/pt\/wp-json\/wp\/v2\/users\/1"}],"replies":[{"embeddable":true,"href":"https:\/\/tvbrazilusa.com\/pt\/wp-json\/wp\/v2\/comments?post=116583"}],"version-history":[{"count":1,"href":"https:\/\/tvbrazilusa.com\/pt\/wp-json\/wp\/v2\/posts\/116583\/revisions"}],"predecessor-version":[{"id":116585,"href":"https:\/\/tvbrazilusa.com\/pt\/wp-json\/wp\/v2\/posts\/116583\/revisions\/116585"}],"wp:featuredmedia":[{"embeddable":true,"href":"https:\/\/tvbrazilusa.com\/pt\/wp-json\/wp\/v2\/media\/116584"}],"wp:attachment":[{"href":"https:\/\/tvbrazilusa.com\/pt\/wp-json\/wp\/v2\/media?parent=116583"}],"wp:term":[{"taxonomy":"category","embeddable":true,"href":"https:\/\/tvbrazilusa.com\/pt\/wp-json\/wp\/v2\/categories?post=116583"},{"taxonomy":"post_tag","embeddable":true,"href":"https:\/\/tvbrazilusa.com\/pt\/wp-json\/wp\/v2\/tags?post=116583"}],"curies":[{"name":"wp","href":"https:\/\/api.w.org\/{rel}","templated":true}]}}