{"id":116663,"date":"2025-04-11T19:28:55","date_gmt":"2025-04-11T19:28:55","guid":{"rendered":"https:\/\/tvbrazilusa.com\/2025\/04\/11\/bolsonaro-esta-orientado-e-sem-dor-diz-boletim-medico-paulo-figueiredo-tv-florida-usa-a-sua-tv-brasileira-nos-estados-unidos\/"},"modified":"2025-04-12T00:00:37","modified_gmt":"2025-04-12T00:00:37","slug":"bolsonaro-esta-orientado-e-sem-dor-diz-boletim-medico-paulo-figueiredo-tv-florida-usa-a-sua-tv-brasileira-nos-estados-unidos","status":"publish","type":"post","link":"https:\/\/tvbrazilusa.com\/pt\/2025\/04\/11\/bolsonaro-esta-orientado-e-sem-dor-diz-boletim-medico-paulo-figueiredo-tv-florida-usa-a-sua-tv-brasileira-nos-estados-unidos\/","title":{"rendered":"Bolsonaro est\u00e1 orientado e sem dor, diz boletim m\u00e9dico \u2013 Paulo Figueiredo \u2013 TV Florida USA \u2013 A sua TV Brasileira nos Estados Unidos"},"content":{"rendered":"<p> <script async src=\"https:\/\/pagead2.googlesyndication.com\/pagead\/js\/adsbygoogle.js?client=ca-pub-8864793242727901\"\r\n     crossorigin=\"anonymous\"><\/script><br \/>\n<\/p>\n<div id=\"wtr-content\" data-bg=\"#FFFFFF\" data-fg=\"#006d91\" data-width=\"25\" data-mute=\"1\" data-fgopacity=\"1.00\" data-mutedopacity=\"0.5\" data-placement=\"bottom\" data-placement-offset=\"0\" data-content-offset=\"262\" data-placement-touch=\"bottom\" data-placement-offset-touch=\"0\" data-transparent=\"\" data-shadow=\"0\" data-touch=\"1\" data-non-touch=\"1\" data-comments=\"0\" data-commentsbg=\"transparent\" data-location=\"page\" data-mutedfg=\"#006d91\" data-endfg=\"#006d91\" data-rtl=\"\">\n<p>M\u00e9dicos aguardam resultado de exames para discutir a necessidade de eventual transfer\u00eancia do ex-presidente. Leia no Poder360.<\/p>\n<p>O ex-presidente\u00a0Jair Bolsonaro\u00a0(PL) est\u00e1 \u201c<em>orientado e sem dor<\/em>\u201d e segue hospitalizado no Hospital Rio Grande, em Natal (RN), ap\u00f3s apresentar um quadro de<em>\u00a0\u201cdistens\u00e3o abdominal\u201d<\/em>\u00a0e dores, segundo a nota emitida pela equipe m\u00e9dica. Passar\u00e1 por exames de imagem e ainda n\u00e3o est\u00e1 descartado que o antigo chefe do Executivo tenha que ser novamente transferido.<\/p>\n<p>Bolsonaro deu entrada no centro hospitalar \u00e0s 11h15 depois de ser levado de helic\u00f3ptero da cidade de Santa Cruz, no interior do Estado, onde teve que ser socorrido ap\u00f3s apresentar dores no est\u00f4mago.\u00a0Bolsonaro iria participar inaugura\u00e7\u00e3o do\u00a0Rota 22, programa de forma\u00e7\u00e3o pol\u00edtica do PL (Partido Liberal) com foco no Nordeste.<\/p>\n<p>\u201c<em>Jair Bolsonaro encontra-se hospitalizado, com par\u00e2metros vitais est\u00e1veis, recebendo hidrata\u00e7\u00e3o venosa, profilaxia antibacteriana e realizando exames laboratoriais complementares. Est\u00e1 programada a realiza\u00e7\u00e3o de exames de imagem com contraste para melhor avalia\u00e7\u00e3o do quadro cl\u00ednico<\/em>\u201c, diz a nota.<\/p>\n<p>A declara\u00e7\u00e3o foi publicada pela ex-primeira-dama Michelle Bolsonaro nas redes sociais, que pediu ora\u00e7\u00f5es.<\/p>\n<figure class=\"wp-block-image\"\/>\n<figure class=\"wp-block-image\"><\/figure>\n<h4 class=\"wp-block-heading\"><strong>Entenda<\/strong><\/h4>\n<p>\u00c0s 7h, Bolsonaro e a comitiva composta pelo senador\u00a0Rog\u00e9rio Marinho\u00a0(PL-RN), o deputado federal\u00a0Sargento Gon\u00e7alves\u00a0(PL-RN) e deputados estaduais, sa\u00edram do hotel Majestic, em Ponta Negra.\u00a0<\/p>\n<p>Segundo apurou o\u00a0<strong>Poder360<\/strong>, a comitiva fez uma parada n\u00e3o programada na cidade de Bom Jesus, que est\u00e1 a cerca de 58 quil\u00f4metros de Natal. Esteve na cidade por volta das 8h30, onde o ex-presidente foi recebido por apoiadores.<\/p>\n<p>De l\u00e1, o grupo se dirigiu em dire\u00e7\u00e3o \u00e0 cidade de Tangar\u00e1, onde Bolsonaro faria mais uma parada. Mas, segundo Marinho, o ex-presidente come\u00e7ou a sentir dores<em>\u00a0\u201cinsuport\u00e1veis\u201d,<\/em>\u00a0e a agenda foi suspensa.<\/p>\n<p>A comitiva ent\u00e3o acelerou em dire\u00e7\u00e3o \u00e0 cidade de Santa Cruz, a 64 quil\u00f4metros de Bom Jesus. A avalia\u00e7\u00e3o de integrantes da comitiva \u00e9 que a cidade tem mais estrutura para o atendimento m\u00e9dico. Chegaram \u00e0 cidade por volta das 10h.<\/p>\n<p>Bolsonaro foi atendido no pronto-socorro do hospital regional de Santa Cruz. A equipe m\u00e9dica indicou a transfer\u00eancia para a capital. Bolsonaro foi de ambul\u00e2ncia at\u00e9 um campo de futebol na cidade, saiu do ve\u00edculo e foi a p\u00e9 at\u00e9 o helic\u00f3ptero da Pol\u00edcia Militar e decolou perto das 11h da manh\u00e3.<\/p>\n<p>Pousou no hospital regional Walfredo Gurgel e seguiu ao hospital Rio Grande de ambul\u00e2ncia.<\/p>\n<p>Cr\u00e9dito<strong><a rel=\"nofollow\" target=\"_blank\" href=\"https:\/\/www.poder360.com.br\/poder-gente\/bolsonaro-esta-orientado-e-sem-dor-diz-boletim-medico\/\"> Poder 360<\/a><\/strong><\/p>\n<\/div>\n<p><br \/>\n<br \/><a href=\"https:\/\/tvfloridausa.com\/2025\/04\/11\/bolsonaro-esta-orientado-e-sem-dor-diz-boletim-medico-paulo-figueiredo\/\">Source link <\/a><\/p>","protected":false},"excerpt":{"rendered":"<p>M\u00e9dicos aguardam resultado de exames para discutir a necessidade de eventual transfer\u00eancia do ex-presidente. Leia no Poder360. O ex-presidente\u00a0Jair Bolsonaro\u00a0(PL) est\u00e1 \u201corientado e sem dor\u201d e segue hospitalizado no Hospital&hellip;<\/p>","protected":false},"author":1,"featured_media":116664,"comment_status":"closed","ping_status":"open","sticky":false,"template":"","format":"standard","meta":{"content-type":"","footnotes":""},"categories":[22],"tags":[],"class_list":["post-116663","post","type-post","status-publish","format-standard","has-post-thumbnail","hentry","category-tv-florida-usa"],"_links":{"self":[{"href":"https:\/\/tvbrazilusa.com\/pt\/wp-json\/wp\/v2\/posts\/116663","targetHints":{"allow":["GET"]}}],"collection":[{"href":"https:\/\/tvbrazilusa.com\/pt\/wp-json\/wp\/v2\/posts"}],"about":[{"href":"https:\/\/tvbrazilusa.com\/pt\/wp-json\/wp\/v2\/types\/post"}],"author":[{"embeddable":true,"href":"https:\/\/tvbrazilusa.com\/pt\/wp-json\/wp\/v2\/users\/1"}],"replies":[{"embeddable":true,"href":"https:\/\/tvbrazilusa.com\/pt\/wp-json\/wp\/v2\/comments?post=116663"}],"version-history":[{"count":1,"href":"https:\/\/tvbrazilusa.com\/pt\/wp-json\/wp\/v2\/posts\/116663\/revisions"}],"predecessor-version":[{"id":116665,"href":"https:\/\/tvbrazilusa.com\/pt\/wp-json\/wp\/v2\/posts\/116663\/revisions\/116665"}],"wp:featuredmedia":[{"embeddable":true,"href":"https:\/\/tvbrazilusa.com\/pt\/wp-json\/wp\/v2\/media\/116664"}],"wp:attachment":[{"href":"https:\/\/tvbrazilusa.com\/pt\/wp-json\/wp\/v2\/media?parent=116663"}],"wp:term":[{"taxonomy":"category","embeddable":true,"href":"https:\/\/tvbrazilusa.com\/pt\/wp-json\/wp\/v2\/categories?post=116663"},{"taxonomy":"post_tag","embeddable":true,"href":"https:\/\/tvbrazilusa.com\/pt\/wp-json\/wp\/v2\/tags?post=116663"}],"curies":[{"name":"wp","href":"https:\/\/api.w.org\/{rel}","templated":true}]}}