{"id":116666,"date":"2025-04-11T15:26:59","date_gmt":"2025-04-11T15:26:59","guid":{"rendered":"https:\/\/tvbrazilusa.com\/2025\/04\/11\/show-da-manha-a-corrupcao-volta-a-dominar-o-governo-lula-11-04-2025\/"},"modified":"2025-04-11T15:26:59","modified_gmt":"2025-04-11T15:26:59","slug":"show-da-manha-a-corrupcao-volta-a-dominar-o-governo-lula-11-04-2025","status":"publish","type":"post","link":"https:\/\/tvbrazilusa.com\/pt\/2025\/04\/11\/show-da-manha-a-corrupcao-volta-a-dominar-o-governo-lula-11-04-2025\/","title":{"rendered":"SHOW DA MANH\u00c3 &#8211; A CORRUP\u00c7\u00c3O VOLTA A DOMINAR O GOVERNO LULA\u00a0&#8211;\u00a011\/04\/2025"},"content":{"rendered":"<p><iframe  width=\"580\" height=\"385\" src=\"https:\/\/www.youtube.com\/embed\/XQPHpvZbbns?modestbranding=1\" frameborder=\"0\" allowfullscreen><\/iframe><br \/>\n<br \/>Apresentado por Marco Ant\u00f4nio Costa.<br \/>\nConvidados: Ver. Adrilles Jorge e Paula Marisa<br \/>\nParticipa\u00e7\u00e3o Especial: Carlos Dias e Dep. Fed. Z\u00e9 Trov\u00e3o<\/p>\n<p>O Show da Manh\u00e3 vai ao ar de segunda a sexta, das 10h \u00e0s 12h.<\/p>\n<p>\ud83d\udd25NOVIDADES NO FIO DIA\u0301RIO! ASSINE COM 33% OFF NO PLANO ANUAL OU 66% OFF NO DEZ A FIO! \ud83d\udc49 <\/p>\n<p>\ud83d\udd25CAMISETAS FIO DIA\u0301RIO (CUPOM \u201cFIODIARIO10\u201d PARA 10% DE DESCONTO) \ud83d\udc49 <\/p>\n<p>\ud83d\udd25APROVEITE AS PROMOC\u0327O\u0303ES DA LIVRARIA FIO DIA\u0301RIO E NA\u0303O CAIA EM NARRATIVAS! \ud83d\udc49 <\/p>\n<p>Inscreva-se no nosso Canal!<\/p>\n<p>Ou\u00e7a no Spotify: <\/p>\n<p>Siga no Instagram:<\/p>\n<p>Marco Ant\u00f4nio Costa: <\/p>\n<p>Fio Di\u00e1rio: <\/p>\n<p>Revista Timeline:<br \/>\nYouTube:<br \/>\nWhatsApp: <\/p>\n<p>Fabiano Silva (Charges):<br \/>\nInstagram: <\/p>\n<p>PIX: Chave &#8211; 07356828790<br \/>\n(PicPay-Carlos Fabiano P da Silva)<br \/>\n<br \/><a href=\"https:\/\/www.youtube.com\/watch?v=XQPHpvZbbns\">source<\/a><\/p>","protected":false},"excerpt":{"rendered":"<p>Apresentado por Marco Ant\u00f4nio Costa. Convidados: Ver. Adrilles Jorge e Paula Marisa Participa\u00e7\u00e3o Especial: Carlos Dias e Dep. Fed. Z\u00e9 Trov\u00e3o O Show da Manh\u00e3 vai ao ar de segunda&hellip;<\/p>","protected":false},"author":1,"featured_media":116667,"comment_status":"","ping_status":"open","sticky":false,"template":"","format":"standard","meta":{"content-type":"","footnotes":""},"categories":[17],"tags":[603,33579,336,33580,557,63,861],"class_list":["post-116666","post","type-post","status-publish","format-standard","has-post-thumbnail","hentry","category-programas","tag-corrupcao","tag-dominar","tag-governo","tag-lula11042025","tag-manha","tag-show","tag-volta"],"_links":{"self":[{"href":"https:\/\/tvbrazilusa.com\/pt\/wp-json\/wp\/v2\/posts\/116666","targetHints":{"allow":["GET"]}}],"collection":[{"href":"https:\/\/tvbrazilusa.com\/pt\/wp-json\/wp\/v2\/posts"}],"about":[{"href":"https:\/\/tvbrazilusa.com\/pt\/wp-json\/wp\/v2\/types\/post"}],"author":[{"embeddable":true,"href":"https:\/\/tvbrazilusa.com\/pt\/wp-json\/wp\/v2\/users\/1"}],"replies":[{"embeddable":true,"href":"https:\/\/tvbrazilusa.com\/pt\/wp-json\/wp\/v2\/comments?post=116666"}],"version-history":[{"count":0,"href":"https:\/\/tvbrazilusa.com\/pt\/wp-json\/wp\/v2\/posts\/116666\/revisions"}],"wp:featuredmedia":[{"embeddable":true,"href":"https:\/\/tvbrazilusa.com\/pt\/wp-json\/wp\/v2\/media\/116667"}],"wp:attachment":[{"href":"https:\/\/tvbrazilusa.com\/pt\/wp-json\/wp\/v2\/media?parent=116666"}],"wp:term":[{"taxonomy":"category","embeddable":true,"href":"https:\/\/tvbrazilusa.com\/pt\/wp-json\/wp\/v2\/categories?post=116666"},{"taxonomy":"post_tag","embeddable":true,"href":"https:\/\/tvbrazilusa.com\/pt\/wp-json\/wp\/v2\/tags?post=116666"}],"curies":[{"name":"wp","href":"https:\/\/api.w.org\/{rel}","templated":true}]}}