{"id":116683,"date":"2025-04-12T16:15:24","date_gmt":"2025-04-12T16:15:24","guid":{"rendered":"https:\/\/tvbrazilusa.com\/2025\/04\/12\/laudo-medico-reitera-problema-cardiaco-de-preso-do-8-1-e-recomenda-cirurgia-paulo-figueiredo\/"},"modified":"2025-04-12T16:41:50","modified_gmt":"2025-04-12T16:41:50","slug":"laudo-medico-reitera-problema-cardiaco-de-preso-do-8-1-e-recomenda-cirurgia-paulo-figueiredo","status":"publish","type":"post","link":"https:\/\/tvbrazilusa.com\/pt\/2025\/04\/12\/laudo-medico-reitera-problema-cardiaco-de-preso-do-8-1-e-recomenda-cirurgia-paulo-figueiredo\/","title":{"rendered":"Laudo m\u00e9dico reitera problema card\u00edaco de preso do 8\/1 e recomenda cirurgia \u2013 Paulo Figueiredo"},"content":{"rendered":"<p> <script async src=\"https:\/\/pagead2.googlesyndication.com\/pagead\/js\/adsbygoogle.js?client=ca-pub-8864793242727901\"\r\n     crossorigin=\"anonymous\"><\/script><br \/>\n<\/p>\n<div id=\"wtr-content\" data-bg=\"#FFFFFF\" data-fg=\"#006d91\" data-width=\"25\" data-mute=\"1\" data-fgopacity=\"1.00\" data-mutedopacity=\"0.5\" data-placement=\"bottom\" data-placement-offset=\"0\" data-content-offset=\"262\" data-placement-touch=\"bottom\" data-placement-offset-touch=\"0\" data-transparent=\"\" data-shadow=\"0\" data-touch=\"1\" data-non-touch=\"1\" data-comments=\"0\" data-commentsbg=\"transparent\" data-location=\"page\" data-mutedfg=\"#006d91\" data-endfg=\"#006d91\" data-rtl=\"\">\n<p>Documento orienta ainda que o pastor Jorge Luiz dos Santos, de 59 anos, precisa passar o per\u00edodo de resguardo em sua casa<\/p>\n<p>Um laudo confirmou que o pastor Jorge Luiz dos Santos, 59, condenado a passar os pr\u00f3ximos 16 anos da vida na cadeia por causa do 8 de janeiro, tem problemas card\u00edacos.<\/p>\n<p>Assinado pelo m\u00e9dico legista Marcos de Melo, de Bras\u00edlia, o documento recomenda ainda que Santos fa\u00e7a cirurgia, al\u00e9m de passar o per\u00edodo de resguardo em casa.<\/p>\n<p>\u201cO paciente apresenta uma condi\u00e7\u00e3o card\u00edaca que requer monitoramento e interven\u00e7\u00e3o cir\u00fargica para corre\u00e7\u00e3o da v\u00e1lvula mitral, dada a gravidade da insufici\u00eancia mitral\u201d, diz trecho do diagn\u00f3stico. \u201cSendo realizada a cirurgia card\u00edaca, o ambiente prisional n\u00e3o \u00e9 adequado para o per\u00edodo de recupera\u00e7\u00e3o, pelos cuidados cont\u00ednuos e riscos de complica\u00e7\u00f5es p\u00f3s-cir\u00fargicas, como infec\u00e7\u00e3o. Ap\u00f3s o per\u00edodo de recupera\u00e7\u00e3o, \u00e9 recomendada nova per\u00edcia para avaliar a condi\u00e7\u00e3o remanescente do periciando.\u201d<\/p>\n<p>A advogada do religioso, Carolina Siebra, anexou a atestado ao processo de Santos, no\u00a0<strong>Supremo Tribunal Federal (STF),<\/strong>\u00a0na sexta-feira 11, e aguarda decis\u00e3o do ministro Alexandre de Moraes.<\/p>\n<figure class=\"wp-block-image aligncenter\"><figcaption class=\"wp-element-caption\">Foto: Reprodu\u00e7\u00e3o<\/figcaption><\/figure>\n<figure class=\"wp-block-image aligncenter\"><figcaption class=\"wp-element-caption\"><em>Foto: Reprodu\u00e7\u00e3o<\/em><\/figcaption><\/figure>\n<h4 class=\"wp-block-heading\">Preso do 8 de janeiro tem \u201cbomba-rel\u00f3gio no peito\u201d, afirma defesa<\/h4>\n<p>De acordo com a advogada do religioso, n\u00e3o \u00e9 de hoje que o homem tem uma \u201cbomba-rel\u00f3gio\u201d no peito.<\/p>\n<p>Conforme documentos cedidos \u00e0 reportagem, Santos tem sopro card\u00edaco e dilata\u00e7\u00e3o na aorta.<\/p>\n<p>H\u00e1 meses, a defesa tenta pris\u00e3o domiciliar para Santos, em virtude do quadro delicado, mas Moraes vem negando as solicita\u00e7\u00f5es.<\/p>\n<p>Cr\u00e9dito <strong><a rel=\"nofollow\" target=\"_blank\" href=\"https:\/\/revistaoeste.com\/no-ponto\/laudo-medico-reitera-problema-cardiaco-de-preso-do-8-de-janeiro-e-recomenda-cirurgia\/\">Revista Oeste<\/a><\/strong><\/p>\n<\/div>\n<p><br \/>\n<br \/><a href=\"https:\/\/tvfloridausa.com\/2025\/04\/12\/laudo-medico-reitera-problema-cardiaco-de-preso-do-8-1-e-recomenda-cirurgia-paulo-figueiredo\/\">Source link <\/a><\/p>","protected":false},"excerpt":{"rendered":"<p>Documento orienta ainda que o pastor Jorge Luiz dos Santos, de 59 anos, precisa passar o per\u00edodo de resguardo em sua casa Um laudo confirmou que o pastor Jorge Luiz&hellip;<\/p>","protected":false},"author":1,"featured_media":116684,"comment_status":"closed","ping_status":"open","sticky":false,"template":"","format":"standard","meta":{"content-type":"","footnotes":""},"categories":[22],"tags":[],"class_list":["post-116683","post","type-post","status-publish","format-standard","has-post-thumbnail","hentry","category-tv-florida-usa"],"_links":{"self":[{"href":"https:\/\/tvbrazilusa.com\/pt\/wp-json\/wp\/v2\/posts\/116683","targetHints":{"allow":["GET"]}}],"collection":[{"href":"https:\/\/tvbrazilusa.com\/pt\/wp-json\/wp\/v2\/posts"}],"about":[{"href":"https:\/\/tvbrazilusa.com\/pt\/wp-json\/wp\/v2\/types\/post"}],"author":[{"embeddable":true,"href":"https:\/\/tvbrazilusa.com\/pt\/wp-json\/wp\/v2\/users\/1"}],"replies":[{"embeddable":true,"href":"https:\/\/tvbrazilusa.com\/pt\/wp-json\/wp\/v2\/comments?post=116683"}],"version-history":[{"count":1,"href":"https:\/\/tvbrazilusa.com\/pt\/wp-json\/wp\/v2\/posts\/116683\/revisions"}],"predecessor-version":[{"id":116685,"href":"https:\/\/tvbrazilusa.com\/pt\/wp-json\/wp\/v2\/posts\/116683\/revisions\/116685"}],"wp:featuredmedia":[{"embeddable":true,"href":"https:\/\/tvbrazilusa.com\/pt\/wp-json\/wp\/v2\/media\/116684"}],"wp:attachment":[{"href":"https:\/\/tvbrazilusa.com\/pt\/wp-json\/wp\/v2\/media?parent=116683"}],"wp:term":[{"taxonomy":"category","embeddable":true,"href":"https:\/\/tvbrazilusa.com\/pt\/wp-json\/wp\/v2\/categories?post=116683"},{"taxonomy":"post_tag","embeddable":true,"href":"https:\/\/tvbrazilusa.com\/pt\/wp-json\/wp\/v2\/tags?post=116683"}],"curies":[{"name":"wp","href":"https:\/\/api.w.org\/{rel}","templated":true}]}}