{"id":116770,"date":"2025-04-14T19:29:44","date_gmt":"2025-04-14T19:29:44","guid":{"rendered":"https:\/\/tvbrazilusa.com\/2025\/04\/14\/13-pessoas-na-uconn-tiveram-seus-vistos-revogados-dizem-funcionarios-da-universidade\/"},"modified":"2025-04-14T19:39:11","modified_gmt":"2025-04-14T19:39:11","slug":"13-pessoas-na-uconn-tiveram-seus-vistos-revogados-dizem-funcionarios-da-universidade","status":"publish","type":"post","link":"https:\/\/tvbrazilusa.com\/pt\/2025\/04\/14\/13-pessoas-na-uconn-tiveram-seus-vistos-revogados-dizem-funcionarios-da-universidade\/","title":{"rendered":"13 pessoas na UConn tiveram seus vistos revogados, dizem funcion\u00e1rios da universidade"},"content":{"rendered":"<script async src=\"https:\/\/pagead2.googlesyndication.com\/pagead\/js\/adsbygoogle.js?client=ca-pub-8864793242727901\"\r\n     crossorigin=\"anonymous\"><\/script>\n<p>Storrs, Connecticut (WTNH) &#8211; Doze estudantes internacionais e um p\u00f3s -gradua\u00e7\u00e3o na Universidade de Connecticut tiveram seus vistos demitidos pelo governo federal, segundo um porta -voz da universidade.<\/p>\n<p>De acordo com a revis\u00e3o da Universidade de registros do Sistema de Informa\u00e7\u00f5es para Visitantes (SEVIS) da Universidade, o governo federal encerrou o visto de 13 estudantes da UConn a partir de segunda -feira.<\/p>\n<p>Um porta -voz da UConn confirmou que seis estudantes de gradua\u00e7\u00e3o, seis graduados e um ex -aluno em um programa profissional de p\u00f3s -gradua\u00e7\u00e3o s\u00e3o afetados.<\/p>\n<div class=\"nlp-ignore-block article-content rich-text\">\n<aside class=\"promo-link\">\n\t<a href=\"https:\/\/www.wtnh.com\/news\/politics\/ap-colleges-around-the-us-say-some-international-students-visas-are-being-revoked\/?ipid=promo-link-block1\" class=\"promo-link__link\"><\/p>\n<p>\t\tFaculdades nos EUA dizem que alguns vistos de estudantes internacionais est\u00e3o sendo revogados\t<\/a><br \/>\n<\/aside>\n<\/div>\n<p>&#8220;Nem a universidade nem os estudantes foram informados das raz\u00f5es para as termina\u00e7\u00f5es de visto&#8221;, disse o porta -voz.<\/p>\n<p>Autoridades da universidade disseram que est\u00e3o tentando entender como isso afetar\u00e1 as op\u00e7\u00f5es acad\u00eamicas e de emprego dos alunos. Autoridades da universidade disseram <a href=\"https:\/\/today.uconn.edu\/2025\/04\/legal-resources-and-community-partners\/\" target=\"_blank\" rel=\"noreferrer noopener\">Recursos legais<\/a> est\u00e3o dispon\u00edveis para esses alunos.<\/p>\n<p>Segundo funcion\u00e1rios da universidade, a UConn tem cerca de 3.450 estudantes internacionais, a maioria dos quais sediada no campus de Storrs.<\/p>\n<p><br \/>\n<br \/><a href=\"https:\/\/www.wtnh.com\/news\/connecticut\/tolland\/13-people-at-uconn-have-had-their-visas-revoked-university-officials-say\/\">Source link <\/a><\/p>","protected":false},"excerpt":{"rendered":"<p>Storrs, Connecticut (WTNH) &#8211; Doze estudantes internacionais e um p\u00f3s -gradua\u00e7\u00e3o na Universidade de Connecticut tiveram seus vistos demitidos pelo governo federal, segundo um porta -voz da universidade. De acordo&hellip;<\/p>","protected":false},"author":1,"featured_media":116771,"comment_status":"closed","ping_status":"open","sticky":false,"template":"","format":"standard","meta":{"content-type":"","footnotes":""},"categories":[1],"tags":[],"class_list":["post-116770","post","type-post","status-publish","format-standard","has-post-thumbnail","hentry","category-uncategorized"],"_links":{"self":[{"href":"https:\/\/tvbrazilusa.com\/pt\/wp-json\/wp\/v2\/posts\/116770","targetHints":{"allow":["GET"]}}],"collection":[{"href":"https:\/\/tvbrazilusa.com\/pt\/wp-json\/wp\/v2\/posts"}],"about":[{"href":"https:\/\/tvbrazilusa.com\/pt\/wp-json\/wp\/v2\/types\/post"}],"author":[{"embeddable":true,"href":"https:\/\/tvbrazilusa.com\/pt\/wp-json\/wp\/v2\/users\/1"}],"replies":[{"embeddable":true,"href":"https:\/\/tvbrazilusa.com\/pt\/wp-json\/wp\/v2\/comments?post=116770"}],"version-history":[{"count":1,"href":"https:\/\/tvbrazilusa.com\/pt\/wp-json\/wp\/v2\/posts\/116770\/revisions"}],"predecessor-version":[{"id":116772,"href":"https:\/\/tvbrazilusa.com\/pt\/wp-json\/wp\/v2\/posts\/116770\/revisions\/116772"}],"wp:featuredmedia":[{"embeddable":true,"href":"https:\/\/tvbrazilusa.com\/pt\/wp-json\/wp\/v2\/media\/116771"}],"wp:attachment":[{"href":"https:\/\/tvbrazilusa.com\/pt\/wp-json\/wp\/v2\/media?parent=116770"}],"wp:term":[{"taxonomy":"category","embeddable":true,"href":"https:\/\/tvbrazilusa.com\/pt\/wp-json\/wp\/v2\/categories?post=116770"},{"taxonomy":"post_tag","embeddable":true,"href":"https:\/\/tvbrazilusa.com\/pt\/wp-json\/wp\/v2\/tags?post=116770"}],"curies":[{"name":"wp","href":"https:\/\/api.w.org\/{rel}","templated":true}]}}