{"id":116776,"date":"2025-04-14T20:35:26","date_gmt":"2025-04-14T20:35:26","guid":{"rendered":"https:\/\/tvbrazilusa.com\/2025\/04\/14\/mais-detalhes-divulgados-sobre-o-que-levou-a-morte-de-duval-infate-jacksonville-hoje\/"},"modified":"2025-04-14T20:46:11","modified_gmt":"2025-04-14T20:46:11","slug":"mais-detalhes-divulgados-sobre-o-que-levou-a-morte-de-duval-infate-jacksonville-hoje","status":"publish","type":"post","link":"https:\/\/tvbrazilusa.com\/pt\/2025\/04\/14\/mais-detalhes-divulgados-sobre-o-que-levou-a-morte-de-duval-infate-jacksonville-hoje\/","title":{"rendered":"Mais detalhes divulgados sobre o que levou \u00e0 morte de Duval Infate | Jacksonville hoje"},"content":{"rendered":"<p> <script async src=\"https:\/\/pagead2.googlesyndication.com\/pagead\/js\/adsbygoogle.js?client=ca-pub-8864793242727901\"\r\n     crossorigin=\"anonymous\"><\/script><br \/>\n<\/p>\n<div>\n<p>Uma semana depois de Charles Faggart foi <a href=\"https:\/\/jaxtoday.org\/2025\/04\/09\/duval-inmate-severely-injured\/\">criticamente ferido<\/a> Enquanto um preso na pris\u00e3o de Duval County, a pol\u00edcia divulgou um relat\u00f3rio na segunda -feira que conta uma luta ca\u00f3tica e emerg\u00eancia m\u00e9dica que finalmente <a href=\"https:\/\/jaxtoday.org\/2025\/04\/10\/duval-inmate-dies\/\">levou \u00e0 morte de Faggart<\/a>.<\/p>\n<p>Grande parte do relat\u00f3rio divulgado na segunda -feira est\u00e1 escurecido para ocultar detalhes durante a investiga\u00e7\u00e3o. Mas, sob a categoria de suspeita de emerg\u00eancia m\u00e9dica, o relat\u00f3rio diz: &#8220;apreens\u00e3o (testemunhada)&#8221;.<\/p>\n<p>O relat\u00f3rio de cinco p\u00e1ginas foi acompanhado pelos nomes do sargento das corre\u00e7\u00f5es e oito policiais que foram despojados de sua autoridade ap\u00f3s o incidente. Eles s\u00e3o sargentos. Os oficiais de WH Cox e Corre\u00e7\u00f5es JJ Bullard, TC Pennamon, Gl McKinnis, DD Thomas, Me Sullivan, Pl Collins, Ak Maygoo e E. Kurtovic.<\/p>\n<p>Dez outros funcion\u00e1rios do escrit\u00f3rio de corre\u00e7\u00f5es, incluindo dois tenentes e um sargento, est\u00e3o listados no relat\u00f3rio. A pol\u00edcia disse que n\u00e3o faz parte da investiga\u00e7\u00e3o ativa, mas pode ter testemunhado uma parte do incidente ou respondido para ajudar.<\/p>\n<p>O relat\u00f3rio afirma que a investiga\u00e7\u00e3o do escrit\u00f3rio do xerife permanece em seus est\u00e1gios iniciais e deve ser revisada independentemente pelo escrit\u00f3rio do m\u00e9dico legista e pelo escrit\u00f3rio do procurador estadual. O xerife TK Water tamb\u00e9m pediu ao FBI para ajudar.<\/p>\n<p>&#8220;\u00c9 uma prioridade para o xerife Waters e seu governo obter as informa\u00e7\u00f5es envolvendo esse incidente \u00e0 fam\u00edlia, amigos e comunidade de Faggart&#8221;, afirma um comunicado de imprensa. &#8220;No entanto, pedimos \u00e0s pessoas que respeitem que investiga\u00e7\u00f5es s\u00e9rias como essa levam tempo e \u00e9 nosso dever acertar. Tenha certeza: liberaremos detalhes relevantes do caso assim que pudermos faz\u00ea -lo&#8221;.<\/p>\n<p>O advogado Belkis Plata disse que a fam\u00edlia estava frustrada e zangada por o escrit\u00f3rio do xerife divulgar as informa\u00e7\u00f5es sem notificar a fam\u00edlia com anteced\u00eancia. A fam\u00edlia &#8220;est\u00e1 implorando por respostas, apenas para receber informa\u00e7\u00f5es fragmentadas e seletivas por meio de relat\u00f3rios da m\u00eddia, sob o pretexto de transpar\u00eancia&#8221;, disse ela.<\/p>\n<p>Na sexta -feira, Plata divulgou um comunicado dizendo que a fam\u00edlia de Faggart &#8220;acredita firmemente que a responsabilidade e a justi\u00e7a podem &#8211; e devem &#8211; coexistir com a paz&#8221;.<\/p>\n<p>&#8220;Eles tamb\u00e9m reconhecem que, embora existam oficiais cujas a\u00e7\u00f5es devem ser questionadas, h\u00e1 muitos membros bons e honrados da aplica\u00e7\u00e3o da lei que servem a essa comunidade com integridade&#8221;, afirmou seu comunicado. &#8220;A fam\u00edlia pede que a comunidade lembre -se dessa distin\u00e7\u00e3o enquanto levanta suas vozes e exige justi\u00e7a por Carlos&#8221;.<\/p>\n<figure class=\"wp-block-image size-large\"><figcaption class=\"wp-element-caption\">Charles Faggart, do Chop It Charlie&#8217;s Food Truck. | GoFundMe<\/figcaption><\/figure>\n<p>Faggart era pai de um filho de 6 anos e era um chef que operava <a href=\"https:\/\/www.facebook.com\/ChopitCharlies\" rel=\"nofollow noopener\" target=\"_blank\">Corte o caminh\u00e3o de comida de Charlie<\/a>. Ele foi preso em 1\u00ba de abril por acusa\u00e7\u00f5es de agress\u00e3o e travessuras criminais, mostram registros da pris\u00e3o.<\/p>\n<p>Faggart foi preso ap\u00f3s uma discuss\u00e3o com sua ex -namorada, que estava gr\u00e1vida de seu filho, disse um relat\u00f3rio da pol\u00edcia. Ela disse \u00e0 pol\u00edcia que ele amea\u00e7ou: &#8220;Eu vou atirar em voc\u00ea na cara e vou atirar em qualquer pessoa que voc\u00ea me chama&#8221;. Ela forneceu \u00e0 pol\u00edcia um v\u00eddeo do argumento.<\/p>\n<p>A fam\u00edlia de Faggart postou um <a href=\"https:\/\/www.gofundme.com\/f\/justice-and-support-for-charles-chop-it-charley-faggart\" rel=\"nofollow noopener\" target=\"_blank\">Apelo do GoFundMe<\/a> Ter\u00e7a -feira depois de saber de seus ferimentos na pris\u00e3o e arrecadou mais de US $ 9.200 para despesas de funeral e familiar.<\/p>\n<p>&#8220;Enquanto os detalhes completos ainda est\u00e3o se desenrolando, uma coisa \u00e9 clara &#8211; Charles foi prejudicado durante um lugar onde ele deveria estar seguro&#8221;, diz o GoFundMe.<\/p>\n<p>O relat\u00f3rio divulgado pela pol\u00edcia indica que o incidente come\u00e7ou logo ap\u00f3s as 7h de 7 de abril e terminou duas horas depois em um bloco de c\u00e9lulas do sexto andar. Come\u00e7ou quando Cox, Kurtovic e Vertus escoltaram Faggart, listados a 5 p\u00e9s 7 e 175 libras, em seu dormit\u00f3rio celular. Faggart usava uma restri\u00e7\u00e3o de pe\u00e7a de uma volta pelas costas.<\/p>\n<p>&#8220;Faggart estava exibindo um comportamento agressivo, irregular e disruptivo batendo seu corpo, apertando o punho e empurrando e puxando a\u00e7\u00f5es enquanto tentava escoltar o dormit\u00f3rio&#8221;, disse a narrativa, escrita por Pennamon. &#8220;Devido ao comportamento do preso Faggart, o sargento Cox o considerou uma amea\u00e7a para si mesmo, outros e propriedades, e que ele seria colocado na cadeira de seguran\u00e7a de restri\u00e7\u00e3o&#8221;.<\/p>\n<p>Faggart foi colocado na cadeira de restri\u00e7\u00e3o, mas n\u00e3o p\u00f4de ser garantido &#8220;devido ao seu comportamento cada vez mais agressivo, chutando os p\u00e9s e batendo seu corpo&#8221;, afirmou o relat\u00f3rio. As tentativas de proteg\u00ea -lo continuaram, mas Faggart continuou a bater e chutar.<\/p>\n<p>O que aconteceu a seguir \u00e9 redigido no relat\u00f3rio, mas a narrativa continua tr\u00eas linhas depois dizendo que Faggart estava se acalmando e uma &#8220;m\u00e1scara de cuspe&#8221; foi colocada nele para impedir que ele cuspir. Um tenente foi chamado no r\u00e1dio e apareceu \u00e0s 7h12, pouco antes das 7h30, o diretor de sa\u00fade mental da pris\u00e3o e uma enfermeira chegaram para avaliar Faggart.<\/p>\n<p>Faggart disse ao diretor de sa\u00fade mental que ele fez fentanil, segundo o relat\u00f3rio. Ela o considerou adequado para ser colocado em &#8220;moradia aut\u00f4noma&#8221;.<\/p>\n<p>\u00c0s 7h28, uma enfermeira declarou Faggart medicamente apto para permanecer na cadeira de restri\u00e7\u00e3o, e o diretor de sa\u00fade mental o avaliou novamente por volta das 8h40 <\/p>\n<p>O que aconteceu a seguir tamb\u00e9m foi redigido, mas o relat\u00f3rio dizia que mais dois sargentos e seis policiais chegaram, e a m\u00e1scara de cuspe foi retirada. Mas algum tempo depois, os policiais acharam necess\u00e1rio colocar Faggart de volta na cadeira de restri\u00e7\u00e3o &#8220;para a seguran\u00e7a de si mesmo, outros e propriedades&#8221;, e a m\u00e1scara de cuspe foi substitu\u00edda mais tarde.<\/p>\n<p>Depois de v\u00e1rias linhas redigidas, o relat\u00f3rio diz que uma quest\u00e3o m\u00e9dica surgiu \u00e0s 9h da equipe m\u00e9dica chegou com um tenente, seguido pelo chefe da Divis\u00e3o de Cadeias, Paul Restivo.<\/p>\n<p>Uma equipe do Departamento de Inc\u00eandio e Resgate de Jacksonville chegou tr\u00eas minutos depois, mas a narrativa indicou que a condi\u00e7\u00e3o m\u00e9dica de Faggart havia se deteriorado ainda mais. Os trabalhadores de emerg\u00eancia o carregaram em uma maca e usaram um dispositivo para fornecer compress\u00f5es tor\u00e1cicas quando ele foi levado para a UF Health Shands.<\/p>\n<p>&#8220;Nenhuma acusa\u00e7\u00e3o adicional foi colocada contra o preso Faggart&#8221;, diz o relat\u00f3rio.<\/p>\n<p>Plata, a advogada da fam\u00edlia, disse que Faggart obviamente estava em parada card\u00edaca \u00e0s 9 da manh\u00e3 e morto cerebral quando chegou ao hospital. No entanto, a fam\u00edlia n\u00e3o foi chamada at\u00e9 quase 36 horas depois, disse ela. &#8220;Eles aprenderam tudo o que sabem ao lado do resto da comunidade &#8211; e isso \u00e9 simplesmente inaceit\u00e1vel&#8221;, disse Plata. &#8220;O fato de que essa \u00e9 a narrativa que est\u00e1 sendo apresentada ao p\u00fablico, enquanto a fam\u00edlia continua sentada no escuro \u00e9 devastadora.&#8221;<\/p>\n<figure class=\"wp-block-image size-large\"><img loading=\"lazy\" color=\"88817e\" transparency=\"false\" style=\"--dominant-color: #88817e;\" decoding=\"async\" width=\"1024\" height=\"576\" src=\"https:\/\/jaxtoday.org\/wp-content\/uploads\/2025\/04\/IMG_8632-1024x576.jpg\" alt=\"\" class=\"not-transparent wp-image-91734\" srcset=\"https:\/\/jaxtoday.org\/wp-content\/uploads\/2025\/04\/IMG_8632-1024x576.jpg 1024w, https:\/\/jaxtoday.org\/wp-content\/uploads\/2025\/04\/IMG_8632-300x169.jpg 300w, https:\/\/jaxtoday.org\/wp-content\/uploads\/2025\/04\/IMG_8632-768x432.jpg 768w, https:\/\/jaxtoday.org\/wp-content\/uploads\/2025\/04\/IMG_8632-1536x864.jpg 1536w, https:\/\/jaxtoday.org\/wp-content\/uploads\/2025\/04\/IMG_8632-2048x1152.jpg 2048w, https:\/\/jaxtoday.org\/wp-content\/uploads\/2025\/04\/IMG_8632-800x450.jpg 800w, https:\/\/jaxtoday.org\/wp-content\/uploads\/2025\/04\/IMG_8632-1200x675.jpg 1200w, https:\/\/jaxtoday.org\/wp-content\/uploads\/2025\/04\/IMG_8632-427x240.jpg 427w, https:\/\/jaxtoday.org\/wp-content\/uploads\/2025\/04\/IMG_8632-100x56.jpg 100w, https:\/\/jaxtoday.org\/wp-content\/uploads\/2025\/04\/IMG_8632-1650x928.jpg 1650w\" sizes=\"auto, (max-width: 1024px) 100vw, 1024px\"\/><figcaption class=\"wp-element-caption\">Cerca de mais de 100 manifestantes se reuniram no domingo no pr\u00e9dio da Pol\u00edcia Memorial, exigindo respostas \u00e0 morte da semana anterior do preso Charlie Faggart. | Michelle Corum, Jacksonville hoje<\/figcaption><\/figure>\n<p>O Comit\u00ea de A\u00e7\u00e3o Comunit\u00e1ria de Jacksonville realizou uma manifesta\u00e7\u00e3o no domingo, nas degraus do pr\u00e9dio da Pol\u00edcia Memorial para exigir justi\u00e7a \u00e0s v\u00edtimas de policiais e viol\u00eancia na pris\u00e3o. <\/p>\n<p>Mais de cem manifestantes carregavam sinais, muitos impressos com &#8220;Justice for Charlie&#8221;. O porta -voz Zuri Davis exigiu responsabilidade do escrit\u00f3rio do xerife.<\/p>\n<p>&#8220;Estamos exigindo o lan\u00e7amento do v\u00eddeo&#8221;, disse Davis, referindo -se ao v\u00eddeo de vigil\u00e2ncia da pris\u00e3o. &#8220;Estamos exigindo que os policiais tamb\u00e9m sejam indiciados.&#8221; <\/p>\n<p>O escrit\u00f3rio do xerife, no comunicado na segunda -feira, disse que a ag\u00eancia entende que um &#8220;incidente cr\u00edtico como esse gera perguntas e preocupa\u00e7\u00f5es&#8221;. <\/p>\n<p>O escrit\u00f3rio do xerife deseja que a comunidade tenha todas as informa\u00e7\u00f5es dispon\u00edveis &#8220;o mais r\u00e1pido poss\u00edvel, mantendo a integridade da investiga\u00e7\u00e3o criminal&#8221;, afirmou o comunicado.<\/p>\n<p>Uma vez conclu\u00eddo o aspecto criminal do caso, o escrit\u00f3rio do xerife determinar\u00e1 se sua equipe seguiu as pol\u00edticas e procedimentos corretamente.<\/p>\n<\/div>\n<p><br \/>\n<br \/><a href=\"https:\/\/jaxtoday.org\/2025\/04\/14\/inmate-death-report-jacksonville\/\">Source link <\/a><\/p>","protected":false},"excerpt":{"rendered":"<p>Uma semana depois de Charles Faggart foi criticamente ferido Enquanto um preso na pris\u00e3o de Duval County, a pol\u00edcia divulgou um relat\u00f3rio na segunda -feira que conta uma luta ca\u00f3tica&hellip;<\/p>","protected":false},"author":1,"featured_media":116584,"comment_status":"closed","ping_status":"open","sticky":false,"template":"","format":"standard","meta":{"content-type":"","footnotes":""},"categories":[1],"tags":[],"class_list":["post-116776","post","type-post","status-publish","format-standard","has-post-thumbnail","hentry","category-uncategorized"],"_links":{"self":[{"href":"https:\/\/tvbrazilusa.com\/pt\/wp-json\/wp\/v2\/posts\/116776","targetHints":{"allow":["GET"]}}],"collection":[{"href":"https:\/\/tvbrazilusa.com\/pt\/wp-json\/wp\/v2\/posts"}],"about":[{"href":"https:\/\/tvbrazilusa.com\/pt\/wp-json\/wp\/v2\/types\/post"}],"author":[{"embeddable":true,"href":"https:\/\/tvbrazilusa.com\/pt\/wp-json\/wp\/v2\/users\/1"}],"replies":[{"embeddable":true,"href":"https:\/\/tvbrazilusa.com\/pt\/wp-json\/wp\/v2\/comments?post=116776"}],"version-history":[{"count":1,"href":"https:\/\/tvbrazilusa.com\/pt\/wp-json\/wp\/v2\/posts\/116776\/revisions"}],"predecessor-version":[{"id":116777,"href":"https:\/\/tvbrazilusa.com\/pt\/wp-json\/wp\/v2\/posts\/116776\/revisions\/116777"}],"wp:featuredmedia":[{"embeddable":true,"href":"https:\/\/tvbrazilusa.com\/pt\/wp-json\/wp\/v2\/media\/116584"}],"wp:attachment":[{"href":"https:\/\/tvbrazilusa.com\/pt\/wp-json\/wp\/v2\/media?parent=116776"}],"wp:term":[{"taxonomy":"category","embeddable":true,"href":"https:\/\/tvbrazilusa.com\/pt\/wp-json\/wp\/v2\/categories?post=116776"},{"taxonomy":"post_tag","embeddable":true,"href":"https:\/\/tvbrazilusa.com\/pt\/wp-json\/wp\/v2\/tags?post=116776"}],"curies":[{"name":"wp","href":"https:\/\/api.w.org\/{rel}","templated":true}]}}