{"id":116872,"date":"2025-04-16T09:27:30","date_gmt":"2025-04-16T09:27:30","guid":{"rendered":"https:\/\/tvbrazilusa.com\/2025\/04\/16\/video-policia-tase-hecklers-na-prefeitura-de-marjorie-taylor-greene\/"},"modified":"2025-04-16T09:52:25","modified_gmt":"2025-04-16T09:52:25","slug":"video-policia-tase-hecklers-na-prefeitura-de-marjorie-taylor-greene","status":"publish","type":"post","link":"https:\/\/tvbrazilusa.com\/pt\/2025\/04\/16\/video-policia-tase-hecklers-na-prefeitura-de-marjorie-taylor-greene\/","title":{"rendered":"V\u00eddeo: Pol\u00edcia Tase Hecklers na prefeitura de Marjorie Taylor Greene"},"content":{"rendered":"<p> <script async src=\"https:\/\/pagead2.googlesyndication.com\/pagead\/js\/adsbygoogle.js?client=ca-pub-8864793242727901\"\r\n     crossorigin=\"anonymous\"><\/script><br \/>\n<br \/>Os manifestantes vaiaram e gritaram com o representante da Ge\u00f3rgia, levando a pol\u00edcia a remover v\u00e1rias pessoas. Tr\u00eas foram presos, dois dos quais foram subjugados com armas de choque.<br \/>\n<br \/><br \/>\n<br \/><a href=\"https:\/\/www.nytimes.com\/video\/us\/politics\/100000010113250\/police-tase-hecklers-at-marjorie-taylor-greene-town-hall.html\">Source link <\/a><\/p>","protected":false},"excerpt":{"rendered":"<p>Os manifestantes vaiaram e gritaram com o representante da Ge\u00f3rgia, levando a pol\u00edcia a remover v\u00e1rias pessoas. Tr\u00eas foram presos, dois dos quais foram subjugados com armas de choque. Source&hellip;<\/p>","protected":false},"author":1,"featured_media":116873,"comment_status":"closed","ping_status":"open","sticky":false,"template":"","format":"standard","meta":{"content-type":"","footnotes":""},"categories":[1],"tags":[31414,6279,26415,176],"class_list":["post-116872","post","type-post","status-publish","format-standard","has-post-thumbnail","hentry","category-uncategorized","tag-agitacao-civil","tag-georgia","tag-marjorie-taylor-greene","tag-policia"],"_links":{"self":[{"href":"https:\/\/tvbrazilusa.com\/pt\/wp-json\/wp\/v2\/posts\/116872","targetHints":{"allow":["GET"]}}],"collection":[{"href":"https:\/\/tvbrazilusa.com\/pt\/wp-json\/wp\/v2\/posts"}],"about":[{"href":"https:\/\/tvbrazilusa.com\/pt\/wp-json\/wp\/v2\/types\/post"}],"author":[{"embeddable":true,"href":"https:\/\/tvbrazilusa.com\/pt\/wp-json\/wp\/v2\/users\/1"}],"replies":[{"embeddable":true,"href":"https:\/\/tvbrazilusa.com\/pt\/wp-json\/wp\/v2\/comments?post=116872"}],"version-history":[{"count":1,"href":"https:\/\/tvbrazilusa.com\/pt\/wp-json\/wp\/v2\/posts\/116872\/revisions"}],"predecessor-version":[{"id":116874,"href":"https:\/\/tvbrazilusa.com\/pt\/wp-json\/wp\/v2\/posts\/116872\/revisions\/116874"}],"wp:featuredmedia":[{"embeddable":true,"href":"https:\/\/tvbrazilusa.com\/pt\/wp-json\/wp\/v2\/media\/116873"}],"wp:attachment":[{"href":"https:\/\/tvbrazilusa.com\/pt\/wp-json\/wp\/v2\/media?parent=116872"}],"wp:term":[{"taxonomy":"category","embeddable":true,"href":"https:\/\/tvbrazilusa.com\/pt\/wp-json\/wp\/v2\/categories?post=116872"},{"taxonomy":"post_tag","embeddable":true,"href":"https:\/\/tvbrazilusa.com\/pt\/wp-json\/wp\/v2\/tags?post=116872"}],"curies":[{"name":"wp","href":"https:\/\/api.w.org\/{rel}","templated":true}]}}