{"id":11689,"date":"2024-07-29T21:26:24","date_gmt":"2024-07-29T21:26:24","guid":{"rendered":"https:\/\/tvbrazilusa.com\/2024\/07\/29\/em-apoio-a-palestina-turquia-ameaca-invadir-israel\/"},"modified":"2024-07-29T21:29:34","modified_gmt":"2024-07-29T21:29:34","slug":"em-apoio-a-palestina-turquia-ameaca-invadir-israel","status":"publish","type":"post","link":"https:\/\/tvbrazilusa.com\/pt\/2024\/07\/29\/em-apoio-a-palestina-turquia-ameaca-invadir-israel\/","title":{"rendered":"Em apoio \u00e0 Palestina, Turquia amea\u00e7a invadir Israel"},"content":{"rendered":"<p> <script async src=\"https:\/\/pagead2.googlesyndication.com\/pagead\/js\/adsbygoogle.js?client=ca-pub-8864793242727901\"\r\n     crossorigin=\"anonymous\"><\/script><br \/>\n<\/p>\n<div>\n<p>Foto: <em>Alexis Mitas\/Getty Images<\/em><\/p>\n<p>O presidente da Turquia, Recep Tayyip Erdogan, declarou nesse domingo (29\/7) que pode tomar medidas militares contra Israel devido \u00e0 cont\u00ednua ofensiva de Benjamin Netanyahu na Faixa de Gaza. A confronta\u00e7\u00e3o entre Israel e Hamas j\u00e1 se estende por mais de nove meses.<\/p>\n<p>Erdogan, conhecido por sua ret\u00f3rica inflamadora, j\u00e1 participou de interven\u00e7\u00f5es militares em diversos conflitos regionais, incluindo Nagorno-Karabakh e L\u00edbia. Em suas palavras, ele alertou: \u201cN\u00f3s temos que ser muito duros para que Israel n\u00e3o fa\u00e7a essas coisas rid\u00edculas com a Palestina\u201d. O l\u00edder turco sugeriu que pode repetir as a\u00e7\u00f5es militares feitas na L\u00edbia e no enclave arm\u00eanio. \u201cN\u00e3o existem raz\u00f5es para n\u00e3o fazermos isso\u201d, completou.<\/p>\n<h2 class=\"wp-block-heading\">A Interven\u00e7\u00e3o de Erdogan em Gaza<\/h2>\n<p>Desde o in\u00edcio da guerra na Faixa de Gaza entre Israel e Hamas, Recep Tayyip Erdogan tem se destacado como um dos l\u00edderes mais veementes do Oriente M\u00e9dio. Erdogan n\u00e3o tem poupado palavras para condenar as a\u00e7\u00f5es israelenses sob o comando de Benjamin Netanyahu, apesar da Turquia ser membro da Organiza\u00e7\u00e3o do Tratado do Atl\u00e2ntico Norte (Otan).<\/p>\n<p>Logo no in\u00edcio do conflito, Erdogan fez declara\u00e7\u00f5es pol\u00eamicas ao afirmar que o Hamas n\u00e3o \u00e9 uma organiza\u00e7\u00e3o terrorista, mas sim um grupo de \u201cliberta\u00e7\u00e3o\u201d. Al\u00e9m disso, em v\u00e1rias ocasi\u00f5es, o presidente turco comparou Netanyahu a Hitler, intensificando ainda mais as tens\u00f5es.<\/p>\n<h2 class=\"wp-block-heading\">O Que Motiva Erdogan a Tomar Tal A\u00e7\u00e3o?<\/h2>\n<p>Erdogan tem utilizado a narrativa de defensor do povo palestino para aumentar sua popularidade interna e exercer influ\u00eancia na geopol\u00edtica do Oriente M\u00e9dio. Relembrando as interven\u00e7\u00f5es que a Turquia fez em Nagorno-Karabakh e na L\u00edbia, Erdogan destaca sua disposi\u00e7\u00e3o de usar a for\u00e7a militar para alcan\u00e7ar seus objetivos.<\/p>\n<ul class=\"wp-block-list\">\n<li>Nagorno-Karabakh: interven\u00e7\u00e3o no enclave durante o fim dos anos 80.<\/li>\n<li>L\u00edbia: envio de tropas em 2020 para apoiar o governo de Abdul Hamid Dbeibah.<\/li>\n<\/ul>\n<p>\u00a0<\/p>\n<p>Nesse contexto, Erdogan est\u00e1 sinalizando que a Turquia n\u00e3o hesitar\u00e1 em usar m\u00e9todos semelhantes contra Israel, caso considere necess\u00e1rio para proteger a Palestina.<\/p>\n<h2 class=\"wp-block-heading\">Qual a Rea\u00e7\u00e3o de Israel \u00e0s Amea\u00e7as de Erdogan?<\/h2>\n<p>O ministro das Rela\u00e7\u00f5es Exteriores de Israel, Israel Katz, respondeu prontamente \u00e0s amea\u00e7as. Em sua publica\u00e7\u00e3o no X (antigo Twitter), ele comparou Erdogan a Saddam Hussein, ex-presidente do Iraque. Katz afirmou: \u201cErdogan segue os passos de Saddam Hussein e amea\u00e7a atacar Israel.\u201d<\/p>\n<p>Katz ainda relembrou a captura de Saddam Hussein pelos Estados Unidos em 2003, que terminou com a execu\u00e7\u00e3o do ex-l\u00edder iraquiano. \u201cApenas deixe-o lembrar o que aconteceu l\u00e1 e como terminou\u201d, enfatizou Katz.<\/p>\n<ol class=\"wp-block-list\">\n<li>Resposta r\u00e1pida de Israel Katz \u00e0s amea\u00e7as.<\/li>\n<li>Compara\u00e7\u00e3o de Erdogan a Saddam Hussein.<\/li>\n<li>Lembran\u00e7a da captura e execu\u00e7\u00e3o de Saddam Hussein em 2003.<\/li>\n<\/ol>\n<p>\u00a0<\/p>\n<p>As declara\u00e7\u00f5es de ambos os lados mostram o aumento da tens\u00e3o entre Turquia e Israel, enquanto a guerra na Faixa de Gaza continua sem sinais de resolu\u00e7\u00e3o.<\/p>\n<h3 class=\"wp-block-heading\">Conclus\u00e3o<\/h3>\n<p>O conflito entre Israel e Hamas vem gerando rea\u00e7\u00f5es fortes de l\u00edderes regionais e internacionais. As amea\u00e7as de Erdogan e a resposta de Israel indicam que a situa\u00e7\u00e3o no Oriente M\u00e9dio continua tensa e complexa, colocando \u00e0 prova a diplomacia e a estabilidade na regi\u00e3o.<\/p>\n<\/p><\/div>\n<p><br \/>\n<br \/><a href=\"https:\/\/terrabrasilnoticias.com\/2024\/07\/em-apoio-a-palestina-turquia-ameaca-invadir-israel\/\">Source link <\/a><\/p>","protected":false},"excerpt":{"rendered":"<p>Foto: Alexis Mitas\/Getty Images O presidente da Turquia, Recep Tayyip Erdogan, declarou nesse domingo (29\/7) que pode tomar medidas militares contra Israel devido \u00e0 cont\u00ednua ofensiva de Benjamin Netanyahu na&hellip;<\/p>","protected":false},"author":1,"featured_media":11690,"comment_status":"closed","ping_status":"open","sticky":false,"template":"","format":"standard","meta":{"content-type":"","footnotes":""},"categories":[16],"tags":[],"class_list":["post-11689","post","type-post","status-publish","format-standard","has-post-thumbnail","hentry","category-noticias"],"_links":{"self":[{"href":"https:\/\/tvbrazilusa.com\/pt\/wp-json\/wp\/v2\/posts\/11689","targetHints":{"allow":["GET"]}}],"collection":[{"href":"https:\/\/tvbrazilusa.com\/pt\/wp-json\/wp\/v2\/posts"}],"about":[{"href":"https:\/\/tvbrazilusa.com\/pt\/wp-json\/wp\/v2\/types\/post"}],"author":[{"embeddable":true,"href":"https:\/\/tvbrazilusa.com\/pt\/wp-json\/wp\/v2\/users\/1"}],"replies":[{"embeddable":true,"href":"https:\/\/tvbrazilusa.com\/pt\/wp-json\/wp\/v2\/comments?post=11689"}],"version-history":[{"count":1,"href":"https:\/\/tvbrazilusa.com\/pt\/wp-json\/wp\/v2\/posts\/11689\/revisions"}],"predecessor-version":[{"id":11691,"href":"https:\/\/tvbrazilusa.com\/pt\/wp-json\/wp\/v2\/posts\/11689\/revisions\/11691"}],"wp:featuredmedia":[{"embeddable":true,"href":"https:\/\/tvbrazilusa.com\/pt\/wp-json\/wp\/v2\/media\/11690"}],"wp:attachment":[{"href":"https:\/\/tvbrazilusa.com\/pt\/wp-json\/wp\/v2\/media?parent=11689"}],"wp:term":[{"taxonomy":"category","embeddable":true,"href":"https:\/\/tvbrazilusa.com\/pt\/wp-json\/wp\/v2\/categories?post=11689"},{"taxonomy":"post_tag","embeddable":true,"href":"https:\/\/tvbrazilusa.com\/pt\/wp-json\/wp\/v2\/tags?post=11689"}],"curies":[{"name":"wp","href":"https:\/\/api.w.org\/{rel}","templated":true}]}}