{"id":116907,"date":"2025-04-16T19:51:42","date_gmt":"2025-04-16T19:51:42","guid":{"rendered":"https:\/\/tvbrazilusa.com\/2025\/04\/16\/os-legisladores-propoem-um-projeto-de-lei-que-reduziria-o-custo-da-eletricidade-em-connecticut\/"},"modified":"2025-04-16T20:04:09","modified_gmt":"2025-04-16T20:04:09","slug":"os-legisladores-propoem-um-projeto-de-lei-que-reduziria-o-custo-da-eletricidade-em-connecticut","status":"publish","type":"post","link":"https:\/\/tvbrazilusa.com\/pt\/2025\/04\/16\/os-legisladores-propoem-um-projeto-de-lei-que-reduziria-o-custo-da-eletricidade-em-connecticut\/","title":{"rendered":"Os legisladores prop\u00f5em um projeto de lei que reduziria o custo da eletricidade em Connecticut"},"content":{"rendered":"<script async src=\"https:\/\/pagead2.googlesyndication.com\/pagead\/js\/adsbygoogle.js?client=ca-pub-8864793242727901\"\r\n     crossorigin=\"anonymous\"><\/script>\n<p>HARTFORD, Connecticut (WTNH) &#8211; Um grupo bipartid\u00e1rio de legisladores diz que tem um plano para reduzir as taxas de eletricidade dos residentes de Connecticut em 20%.<\/p>\n<p>O projeto removeria a taxa de benef\u00edcios p\u00fablicos das contas de eletricidade. A acusa\u00e7\u00e3o era o centro de indigna\u00e7\u00e3o por contas altas no ver\u00e3o de 2024.<\/p>\n<p>Sintonize o News 8 \u00e0s 16h e as 17h para obter mais informa\u00e7\u00f5es sobre a proposta.<\/p>\n<p><br \/>\n<br \/><a href=\"https:\/\/www.wtnh.com\/news\/connecticut\/lawmakers-propose-bill-that-would-reduce-cost-of-electricity-in-connecticut\/\">Source link <\/a><\/p>","protected":false},"excerpt":{"rendered":"<p>HARTFORD, Connecticut (WTNH) &#8211; Um grupo bipartid\u00e1rio de legisladores diz que tem um plano para reduzir as taxas de eletricidade dos residentes de Connecticut em 20%. O projeto removeria a&hellip;<\/p>","protected":false},"author":1,"featured_media":116908,"comment_status":"closed","ping_status":"open","sticky":false,"template":"","format":"standard","meta":{"content-type":"","footnotes":""},"categories":[1],"tags":[],"class_list":["post-116907","post","type-post","status-publish","format-standard","has-post-thumbnail","hentry","category-uncategorized"],"_links":{"self":[{"href":"https:\/\/tvbrazilusa.com\/pt\/wp-json\/wp\/v2\/posts\/116907","targetHints":{"allow":["GET"]}}],"collection":[{"href":"https:\/\/tvbrazilusa.com\/pt\/wp-json\/wp\/v2\/posts"}],"about":[{"href":"https:\/\/tvbrazilusa.com\/pt\/wp-json\/wp\/v2\/types\/post"}],"author":[{"embeddable":true,"href":"https:\/\/tvbrazilusa.com\/pt\/wp-json\/wp\/v2\/users\/1"}],"replies":[{"embeddable":true,"href":"https:\/\/tvbrazilusa.com\/pt\/wp-json\/wp\/v2\/comments?post=116907"}],"version-history":[{"count":1,"href":"https:\/\/tvbrazilusa.com\/pt\/wp-json\/wp\/v2\/posts\/116907\/revisions"}],"predecessor-version":[{"id":116909,"href":"https:\/\/tvbrazilusa.com\/pt\/wp-json\/wp\/v2\/posts\/116907\/revisions\/116909"}],"wp:featuredmedia":[{"embeddable":true,"href":"https:\/\/tvbrazilusa.com\/pt\/wp-json\/wp\/v2\/media\/116908"}],"wp:attachment":[{"href":"https:\/\/tvbrazilusa.com\/pt\/wp-json\/wp\/v2\/media?parent=116907"}],"wp:term":[{"taxonomy":"category","embeddable":true,"href":"https:\/\/tvbrazilusa.com\/pt\/wp-json\/wp\/v2\/categories?post=116907"},{"taxonomy":"post_tag","embeddable":true,"href":"https:\/\/tvbrazilusa.com\/pt\/wp-json\/wp\/v2\/tags?post=116907"}],"curies":[{"name":"wp","href":"https:\/\/api.w.org\/{rel}","templated":true}]}}