{"id":116916,"date":"2025-04-16T20:37:49","date_gmt":"2025-04-16T20:37:49","guid":{"rendered":"https:\/\/tvbrazilusa.com\/2025\/04\/16\/o-ex-porta-voz-do-governador-da-fl-preso-por-se-expor-4-vezes\/"},"modified":"2025-04-16T21:15:14","modified_gmt":"2025-04-16T21:15:14","slug":"o-ex-porta-voz-do-governador-da-fl-preso-por-se-expor-4-vezes","status":"publish","type":"post","link":"https:\/\/tvbrazilusa.com\/pt\/2025\/04\/16\/o-ex-porta-voz-do-governador-da-fl-preso-por-se-expor-4-vezes\/","title":{"rendered":"O ex -porta -voz do governador da FL preso por se expor 4 vezes"},"content":{"rendered":"<p> <script async src=\"https:\/\/pagead2.googlesyndication.com\/pagead\/js\/adsbygoogle.js?client=ca-pub-8864793242727901\"\r\n     crossorigin=\"anonymous\"><\/script><br \/>\n<\/p>\n<div>\n<p>SARASOTA-BRADENTON, FL-Um novo funcion\u00e1rio da faculdade da Fl\u00f3rida e ex-porta-voz do governador Ron DeSantis enfrenta v\u00e1rias acusa\u00e7\u00f5es por se expor, segundo relatos. <\/p>\n<\/div>\n<div>\n<p>Frederick Joseph Piccolo Jr., 47 anos, foi preso na ter\u00e7a -feira por exposi\u00e7\u00e3o de \u00f3rg\u00e3os sexuais no condado de Manatee, mostram registros da pris\u00e3o.<\/p>\n<p>Ele enfrenta tr\u00eas acusa\u00e7\u00f5es semelhantes a partir de outubro no condado de Sarasota, segundo registros.<\/p>\n<\/div>\n<div>\n<p>New College <a href=\"https:\/\/www.mysuncoast.com\/2025\/04\/16\/new-college-marketing-director-arrested-charged-with-exposing-himself\/\" target=\"_blank\" rel=\"nofollow\">disse ao ABC 7<\/a> Aquele Piccolo, que atuou como diretor de m\u00eddia e marketing da escola, n\u00e3o estava mais empregado l\u00e1. <\/p>\n<p>Em sua \u00faltima pris\u00e3o, Piccolo se exp\u00f4s a uma mulher depois de pedir instru\u00e7\u00f5es enquanto dirigia pelo Lakewood Ranch County Club em 28 de mar\u00e7o, <a href=\"https:\/\/www.wtsp.com\/article\/news\/crime\/desantis-spokesperson-arrested-sarasota-county-mall-frederick-piccolo-new-college\/67-61cdaf67-25d9-44ec-972b-01dc7ffbd6e5\" target=\"_blank\" rel=\"nofollow\">WTSP relatou<\/a>. Ela o escolheu como suspeito em uma forma\u00e7\u00e3o fotogr\u00e1fica. <\/p>\n<\/div>\n<div>\n<p>Anteriormente, ele foi acusado de se expor a funcion\u00e1rios nas lojas do centro da cidade da universidade, inclusive na Banana Republic em 22 de agosto e duas vezes no Dillard&#8217;s nos dias 3 e 4 de setembro, disseram relat\u00f3rios. <\/p>\n<p>Piccolo atuou anteriormente como Diretor de Comunica\u00e7\u00f5es do Escrit\u00f3rio de Desantis, bem como para o Presidente da Casa da Fl\u00f3rida.<\/p>\n<\/div>\n<div>\n<p>Ele renunciou ao seu papel com o governador no final de 2020, depois de receber rea\u00e7\u00e3o para subestimar a pandemia CoviD-19, <a href=\"https:\/\/www.wlrn.org\/news\/2020-12-31\/florida-gov-ron-desantis-chief-spokesman-fred-piccolo-resigns\" target=\"_blank\" rel=\"nofollow\">Wlrn disse<\/a>. <\/p>\n<p>Piccolo respondeu a uma galeria de v\u00edtimas covid-19 no que agora \u00e9 x, anteriormente Twitter: \u201cEstou pensando desde 99% [of] Pacientes com covidar sobrevivem, voc\u00ea n\u00e3o deve ter 99 fotos de sobreviventes para cada fatalidade? Caso contr\u00e1rio, voc\u00ea est\u00e1 apenas tentando criar uma narrativa que n\u00e3o \u00e9 realidade. \u201d<\/p>\n<\/div>\n<div>\n<p>Seu advogado, Eric Reisinger, culpou as recentes alega\u00e7\u00f5es contra ele por uma condi\u00e7\u00e3o m\u00e9dica, <a href=\"https:\/\/www.clickorlando.com\/news\/local\/2025\/04\/16\/former-desantis-spokesman-arrested-for-allegedly-exposing-sex-organs\/\" target=\"_blank\" rel=\"nofollow\">contando not\u00edcias 6<\/a> Em uma declara\u00e7\u00e3o: &#8220;Gostaria de informar que meu cliente, Frederick Piccolo, foi diagnosticado com a doen\u00e7a de Parkinson. Devo tamb\u00e9m aconselhar que os medicamentos prescritos por sua equipe m\u00e9dica, lamentavelmente, resultaram em comportamento compulsivo e hipersexualidade como efeitos colaterais&#8221;.<\/p>\n<\/div>\n<p><br \/>\n<br \/><a href=\"http:\/\/patch.com\/florida\/bradenton\/former-desantis-spokesperson-exposed-himself-multiple-times-report?utm_source=article-mostrecent&#038;utm_medium=rss&#038;utm_term=crime%20%26%20safety&#038;utm_campaign=recirc&#038;utm_content=aol\">Source link <\/a><\/p>","protected":false},"excerpt":{"rendered":"<p>SARASOTA-BRADENTON, FL-Um novo funcion\u00e1rio da faculdade da Fl\u00f3rida e ex-porta-voz do governador Ron DeSantis enfrenta v\u00e1rias acusa\u00e7\u00f5es por se expor, segundo relatos. Frederick Joseph Piccolo Jr., 47 anos, foi preso&hellip;<\/p>","protected":false},"author":1,"featured_media":116917,"comment_status":"closed","ping_status":"open","sticky":false,"template":"","format":"standard","meta":{"content-type":"","footnotes":""},"categories":[1],"tags":[],"class_list":["post-116916","post","type-post","status-publish","format-standard","has-post-thumbnail","hentry","category-uncategorized"],"_links":{"self":[{"href":"https:\/\/tvbrazilusa.com\/pt\/wp-json\/wp\/v2\/posts\/116916","targetHints":{"allow":["GET"]}}],"collection":[{"href":"https:\/\/tvbrazilusa.com\/pt\/wp-json\/wp\/v2\/posts"}],"about":[{"href":"https:\/\/tvbrazilusa.com\/pt\/wp-json\/wp\/v2\/types\/post"}],"author":[{"embeddable":true,"href":"https:\/\/tvbrazilusa.com\/pt\/wp-json\/wp\/v2\/users\/1"}],"replies":[{"embeddable":true,"href":"https:\/\/tvbrazilusa.com\/pt\/wp-json\/wp\/v2\/comments?post=116916"}],"version-history":[{"count":1,"href":"https:\/\/tvbrazilusa.com\/pt\/wp-json\/wp\/v2\/posts\/116916\/revisions"}],"predecessor-version":[{"id":116918,"href":"https:\/\/tvbrazilusa.com\/pt\/wp-json\/wp\/v2\/posts\/116916\/revisions\/116918"}],"wp:featuredmedia":[{"embeddable":true,"href":"https:\/\/tvbrazilusa.com\/pt\/wp-json\/wp\/v2\/media\/116917"}],"wp:attachment":[{"href":"https:\/\/tvbrazilusa.com\/pt\/wp-json\/wp\/v2\/media?parent=116916"}],"wp:term":[{"taxonomy":"category","embeddable":true,"href":"https:\/\/tvbrazilusa.com\/pt\/wp-json\/wp\/v2\/categories?post=116916"},{"taxonomy":"post_tag","embeddable":true,"href":"https:\/\/tvbrazilusa.com\/pt\/wp-json\/wp\/v2\/tags?post=116916"}],"curies":[{"name":"wp","href":"https:\/\/api.w.org\/{rel}","templated":true}]}}