{"id":116951,"date":"2025-04-17T07:33:40","date_gmt":"2025-04-17T07:33:40","guid":{"rendered":"https:\/\/tvbrazilusa.com\/2025\/04\/17\/vereador-do-pl-sofre-ataques-racistas-no-rio-capitao-do-mato\/"},"modified":"2025-04-17T07:49:59","modified_gmt":"2025-04-17T07:49:59","slug":"vereador-do-pl-sofre-ataques-racistas-no-rio-capitao-do-mato","status":"publish","type":"post","link":"https:\/\/tvbrazilusa.com\/pt\/2025\/04\/17\/vereador-do-pl-sofre-ataques-racistas-no-rio-capitao-do-mato\/","title":{"rendered":"Vereador do PL sofre ataques racistas no Rio: \u2018Capit\u00e3o do mato\u2019"},"content":{"rendered":"<p> <script async src=\"https:\/\/pagead2.googlesyndication.com\/pagead\/js\/adsbygoogle.js?client=ca-pub-8864793242727901\"\r\n     crossorigin=\"anonymous\"><\/script><br \/>\n<\/p>\n<div>\n<figure class=\"post-image\">\n<\/figure>\n<p>            <span style=\"font-size: 12px\"> Foto: Divulga\u00e7\u00e3o\/Assessoria<\/span><\/p>\n<p>            <!-- end metas --><br \/>\n            <!-- ADS --><\/p>\n<div id=\"taboola-read-more\" style=\"width:100%\">\n<p>O vereador Rafael Sati\u00ea (PL), \u00fanico homem negro da bancada do partido e presidente da Comiss\u00e3o de Combate ao Racismo da C\u00e2mara do Rio, foi alvo de ataques racistas vindos da galeria durante a sess\u00e3o que aprovou o armamento da Guarda Municipal nesta ter\u00e7a-feira, 15.\n<\/p>\n<p>Enquanto discursava a favor da proposta, um grupo de manifestantes contr\u00e1rios \u00e0 medida passou a gritar \u201ccapit\u00e3o do mato\u201d em sua dire\u00e7\u00e3o. Sati\u00ea reagiu imediatamente e apontou para os agressores: \u201cIsso \u00e9 racismo, senhoras e senhores!\u201d, denunciou.<\/p>\n<p>Indignado, o vereador afirmou que os ataques tinham como objetivo \u201ccancelar\u201d sua atua\u00e7\u00e3o por ser preto e conservador: \u201cEst\u00e3o chamando o preto de capit\u00e3o do mato\u201d, declarou. \u201cIsso tem condena\u00e7\u00e3o no Supremo Tribunal Federal. Querem me cancelar? Cancelem quem nasceu na favela do Jacarezinho. Eu nasci cancelado!\u201d\n<\/p>\n<p>A express\u00e3o usada tem carga racista: no per\u00edodo colonial, capit\u00e3es-do-mato \u2014 muitos deles negros \u2014 reprimiam violentamente escravizados fugitivos. Usada como xingamento, a frase teve o claro intuito de deslegitimar lideran\u00e7as negras, especialmente de posicionamento pol\u00edtico conservador.\n<\/p>\n<p>Fonte: Revista Oeste              <\/p>\n<\/div>\n<p>                        <!-- Scripts para conteudo --><\/p>\n<p>            <!-- .\/Scripts para conteudo --><br \/>\n            <!-- .\/Mat\u00e9ria --><\/p>\n<div class=\"row mt-3\">\n<div class=\"col-sm-6\">\n                <!-- Whatsapp channel 3--><br \/>\n                <a rel=\"nofollow\" target=\"_blank\" href=\"https:\/\/chat.whatsapp.com\/B8Qy6Erx4kb6yTzj3kaDco\"><br \/>\n                  <\/a>\n              <\/div>\n<div class=\"col-sm-6\">\n                <a rel=\"nofollow\" target=\"_blank\" href=\"https:\/\/t.me\/+_4gTmi5LKo03OTM5\"><br \/>\n                  <img decoding=\"async\" src=\"https:\/\/diariodobrasilnoticias.com.br\/assets-site\/images\/bot_telegram.png\" \/><\/a>\n              <\/div>\n<\/p>\n<\/div>\n<p>            <!-- end post-navigation --><\/p>\n<p>              <!-- end row --><\/p>\n<p>              <!-- end col-12-->\n                      <\/div>\n<p><a href=\"https:\/\/diariodobrasilnoticias.com.br\/noticia\/vereador-do-pl-sofre-ataques-racistas-no-rio-capitao-do-mato-68003d0223302\">Fontes \u2013 Link Original <\/a><\/p>\n<p><br \/>\n<br \/><a href=\"https:\/\/tvfloridausa.com\/2025\/04\/17\/vereador-do-pl-sofre-ataques-racistas-no-rio-capitao-do-mato\/\">Source link <\/a><\/p>","protected":false},"excerpt":{"rendered":"<p>Foto: Divulga\u00e7\u00e3o\/Assessoria O vereador Rafael Sati\u00ea (PL), \u00fanico homem negro da bancada do partido e presidente da Comiss\u00e3o de Combate ao Racismo da C\u00e2mara do Rio, foi alvo de ataques&hellip;<\/p>","protected":false},"author":1,"featured_media":48899,"comment_status":"closed","ping_status":"open","sticky":false,"template":"","format":"standard","meta":{"content-type":"","footnotes":""},"categories":[22],"tags":[],"class_list":["post-116951","post","type-post","status-publish","format-standard","has-post-thumbnail","hentry","category-tv-florida-usa"],"_links":{"self":[{"href":"https:\/\/tvbrazilusa.com\/pt\/wp-json\/wp\/v2\/posts\/116951","targetHints":{"allow":["GET"]}}],"collection":[{"href":"https:\/\/tvbrazilusa.com\/pt\/wp-json\/wp\/v2\/posts"}],"about":[{"href":"https:\/\/tvbrazilusa.com\/pt\/wp-json\/wp\/v2\/types\/post"}],"author":[{"embeddable":true,"href":"https:\/\/tvbrazilusa.com\/pt\/wp-json\/wp\/v2\/users\/1"}],"replies":[{"embeddable":true,"href":"https:\/\/tvbrazilusa.com\/pt\/wp-json\/wp\/v2\/comments?post=116951"}],"version-history":[{"count":1,"href":"https:\/\/tvbrazilusa.com\/pt\/wp-json\/wp\/v2\/posts\/116951\/revisions"}],"predecessor-version":[{"id":116952,"href":"https:\/\/tvbrazilusa.com\/pt\/wp-json\/wp\/v2\/posts\/116951\/revisions\/116952"}],"wp:featuredmedia":[{"embeddable":true,"href":"https:\/\/tvbrazilusa.com\/pt\/wp-json\/wp\/v2\/media\/48899"}],"wp:attachment":[{"href":"https:\/\/tvbrazilusa.com\/pt\/wp-json\/wp\/v2\/media?parent=116951"}],"wp:term":[{"taxonomy":"category","embeddable":true,"href":"https:\/\/tvbrazilusa.com\/pt\/wp-json\/wp\/v2\/categories?post=116951"},{"taxonomy":"post_tag","embeddable":true,"href":"https:\/\/tvbrazilusa.com\/pt\/wp-json\/wp\/v2\/tags?post=116951"}],"curies":[{"name":"wp","href":"https:\/\/api.w.org\/{rel}","templated":true}]}}